{"id":3555,"date":"2021-11-19T10:54:53","date_gmt":"2021-11-19T09:54:53","guid":{"rendered":"http:\/\/retirada37.com\/?p=3555"},"modified":"2021-11-19T10:54:53","modified_gmt":"2021-11-19T09:54:53","slug":"recherche-descendants-de-gabriel-alvarez-arjona","status":"publish","type":"post","link":"https:\/\/retirada37.com\/?p=3555","title":{"rendered":"RECHERCHE DESCENDANTS DE GABRIEL ALVAREZ ARJONA"},"content":{"rendered":"<p>Ci-dessous un \u00e9change de messages pour la recherche de descendants de Gabriel Alvarez Arjona en France. Janine Molina de Ay Carmela de Bordeaux nous donne de premi\u00e8res pistes. Nous sommes preneurs d\u2019autres informations pour aboutir \u00e0 cette recherche<\/p>\n<p>S y R<br \/>\nLuis<\/p>\n<p>Re\u00e7u d\u2019Isabel de Madrid<\/p>\n<p>Hola, buenas noches.<br \/>\nJes\u00fas y yo queremos pediros un favor.<br \/>\nEstamos buscando descendientes de Gabriel \u00c1lvarez Arjona, natural de Madrid, estuvo en el campo de concentraci\u00f3n de Neuengamme. Sobrevivi\u00f3 y se qued\u00f3 a vivir en Francia.<br \/>\nEn Arolsen hay algunas pertenencias suyas y nos gustar\u00eda que sus familiares pudiesen recuperarlas.<br \/>\nHemos localizado una rama de la familia aqu\u00ed en Madrid y otra en Australia. Pero querr\u00edamos descartar que hubiese tenido hijos y hubiese una rama m\u00e1s directa.<br \/>\nSi pod\u00e9is averiguar algo os lo agradecemos.\u201d<\/p>\n<p>Adress\u00e9 \u00e0 TML<br \/>\nBonjour\u00a0<br \/>\nJe me pr\u00e9sente Luis Lopez je r\u00e9side en Touraine et suis membre de Retirada37 association adh\u00e9rente \u00e0 Caminar. Une amie de Madrid m\u2019a envoy\u00e9 le message ci-dessous de recherche de famille d\u2019un d\u00e9port\u00e9 r\u00e9publicain espagnol. Mar y Luz Cari\u00f1o L\u00f3pez une amie adh\u00e9rente de notre association m\u2019a conseill\u00e9 de vous contacter pour que ce message soit largement port\u00e9 dans les associations de Caminar ou par tout moyen.<br \/>\nJe vous remercie pour tout ce que vous pourrez faire<br \/>\nS y R<br \/>\nVous pouvez m\u2019adresser vos r\u00e9ponses si vous le souhaitez<br \/>\n\u00e0 Luis L\u00f3pez\u00a0<br \/>\nluis.a.lopez@wanadoo.fr<\/p>\n<p>R\u00e9ponse de TML <\/p>\n<p>Merci, je diffuse \u00e0 toutes nos adresses fran\u00e7aise et espagnoles et autres&#8230;<br \/>\n\u00a0<br \/>\nMonique Demay Pour TML<\/p>\n<p>premi\u00e8re r\u00e9ponse<br \/>\nBonjour,<br \/>\nPeut-\u00eatre que le document que j&rsquo;ai \u00e9labor\u00e9 pourrait vous \u00eatre utile&#8230;<br \/>\nTr\u00e8s\u00a0 imparfait il ne demande qu&rsquo;\u00e0 \u00eatre am\u00e9lior\u00e9 gr\u00e2ce \u00e0 vos contributions.<br \/>\nLe site de AROELSEN m&rsquo;a fourni pas mal de renseignements sur mon oncle Juan Molina Olmos mort\/assassin\u00e9 \u00e0 Mauthausen.<br \/>\nEn revanche je n&rsquo;ai rien trouv\u00e9 sur ma s\u0153ur qui est morte b\u00e9b\u00e9 et enterr\u00e9 dans une fosse commune entre Los Olivares (pr\u00e9s de Granada) et Jaen.<br \/>\nBon courage.<br \/>\nUn saludo fraterno.\u00a0<br \/>\nJanine Molina\u00a0<br \/>\nAy Carmela Bordeaux\u00a0<br \/>\nJanine Molina Lagunas. Novembre 2021<br \/>\nPour rechercher un de nos proches :<br \/>\nFrance.Archives. Les r\u00e9fugi\u00e9s de la guerre d&rsquo;Espagne en France :<br \/>\nhttps:\/\/francearchives.fr\/article\/239450434<br \/>\net tout particuli\u00e8rement :<br \/>\nLes Archives de l&rsquo;Aude ont mis en ligne les listes et les fiches individuelles de r\u00e9fugi\u00e9s<br \/>\nespagnols intern\u00e9s dans les camps de Bram, Couiza et Montolieu :<br \/>\nhttps:\/\/archivesdepartementales.aude.fr\/les-archives-des-camps<br \/>\nLes Archives des Pyr\u00e9n\u00e9es-Orientales, la base nominative des camps d&rsquo;internement du<br \/>\nd\u00e9partement pour la p\u00e9riode de septembre 1939 \u00e0 novembre 1942 :<\/p>\n<blockquote class=\"wp-embedded-content\" data-secret=\"fhx5yIxZex\"><p><a href=\"https:\/\/www.ledepartement66.fr\/les-ressources-sur-les-camps-dinternement\/\">Les ressources sur les camps d&#8217;internement<\/a><\/p><\/blockquote>\n<p><iframe loading=\"lazy\" class=\"wp-embedded-content\" sandbox=\"allow-scripts\" security=\"restricted\" style=\"position: absolute; clip: rect(1px, 1px, 1px, 1px);\" title=\"&#8220;Les ressources sur les camps d&#8217;internement&#8221; &#8212; D\u00e9partement 66\" src=\"https:\/\/www.ledepartement66.fr\/les-ressources-sur-les-camps-dinternement\/embed\/#?secret=deGUfhAPWR#?secret=fhx5yIxZex\" data-secret=\"fhx5yIxZex\" width=\"474\" height=\"267\" frameborder=\"0\" marginwidth=\"0\" marginheight=\"0\" scrolling=\"no\"><\/iframe><br \/>\nFrance. Les r\u00e9fugi\u00e9s en France \u00e0 la suite de la Guerre civile espagnole (1936-1940)<br \/>\nhttps:\/\/www.siv.archives-nationales.culture.gouv.fr\/siv\/cms\/content\/helpGuide.action;jsessioni<br \/>\nd=CC0EA3FC9D3A59E5A6B95C4E773BD2CF?preview=false&#038;uuid=5329796d-b79d-4ee2-<br \/>\naa21-c229c0b01e46<br \/>\nEspagne. Buscar combatientes.<br \/>\nhttps:\/\/buscar.combatientes.es\/<br \/>\nEspagne. Sources propos\u00e9es par<br \/>\nhttps:\/\/www.culturaydeporte.gob.es\/cultura\/areas\/archivos\/mc\/archivos\/cdmh\/bases-de-dato<br \/>\ns.html<br \/>\nEn Allemagne, la ville de Bad Arolsen abrite la plus grande collection d\u2019archives au monde<br \/>\ndocumentant les victimes et les survivants du r\u00e9gime nazi. Malgr\u00e9 son inscription au<br \/>\nprogramme de l\u2019UNESCO M\u00e9moire du monde, l\u2019existence de cette collection n\u2019est toujours<br \/>\npas connue du grand public.<br \/>\nhttps:\/\/arolsen-archives.org\/fr\/rechercher-decouvrir\/recherche-dans-les-archives-en-ligne\/<br \/>\nBon courage\u2026<br \/>\nBien fraternellement&#8230;<\/p>\n","protected":false},"excerpt":{"rendered":"<p>Ci-dessous un \u00e9change de messages pour la recherche de descendants de Gabriel Alvarez Arjona en France. Janine Molina de Ay Carmela de Bordeaux nous donne de premi\u00e8res pistes. Nous sommes preneurs d\u2019autres informations pour aboutir \u00e0 cette recherche S y R Luis Re\u00e7u d\u2019Isabel de Madrid Hola, buenas noches. Jes\u00fas y yo queremos pediros un &hellip; <a href=\"https:\/\/retirada37.com\/?p=3555\" class=\"more-link\">Continuer la lecture de <span class=\"screen-reader-text\">RECHERCHE DESCENDANTS DE GABRIEL ALVAREZ ARJONA<\/span>  <span class=\"meta-nav\">&rarr;<\/span><\/a><\/p>\n","protected":false},"author":2,"featured_media":0,"comment_status":"open","ping_status":"open","sticky":false,"template":"","format":"standard","meta":{"_bbp_topic_count":0,"_bbp_reply_count":0,"_bbp_total_topic_count":0,"_bbp_total_reply_count":0,"_bbp_voice_count":0,"_bbp_anonymous_reply_count":0,"_bbp_topic_count_hidden":0,"_bbp_reply_count_hidden":0,"_bbp_forum_subforum_count":0,"footnotes":""},"categories":[2],"tags":[],"class_list":["post-3555","post","type-post","status-publish","format-standard","hentry","category-actualites"],"_links":{"self":[{"href":"https:\/\/retirada37.com\/index.php?rest_route=\/wp\/v2\/posts\/3555","targetHints":{"allow":["GET"]}}],"collection":[{"href":"https:\/\/retirada37.com\/index.php?rest_route=\/wp\/v2\/posts"}],"about":[{"href":"https:\/\/retirada37.com\/index.php?rest_route=\/wp\/v2\/types\/post"}],"author":[{"embeddable":true,"href":"https:\/\/retirada37.com\/index.php?rest_route=\/wp\/v2\/users\/2"}],"replies":[{"embeddable":true,"href":"https:\/\/retirada37.com\/index.php?rest_route=%2Fwp%2Fv2%2Fcomments&post=3555"}],"version-history":[{"count":1,"href":"https:\/\/retirada37.com\/index.php?rest_route=\/wp\/v2\/posts\/3555\/revisions"}],"predecessor-version":[{"id":3556,"href":"https:\/\/retirada37.com\/index.php?rest_route=\/wp\/v2\/posts\/3555\/revisions\/3556"}],"wp:attachment":[{"href":"https:\/\/retirada37.com\/index.php?rest_route=%2Fwp%2Fv2%2Fmedia&parent=3555"}],"wp:term":[{"taxonomy":"category","embeddable":true,"href":"https:\/\/retirada37.com\/index.php?rest_route=%2Fwp%2Fv2%2Fcategories&post=3555"},{"taxonomy":"post_tag","embeddable":true,"href":"https:\/\/retirada37.com\/index.php?rest_route=%2Fwp%2Fv2%2Ftags&post=3555"}],"curies":[{"name":"wp","href":"https:\/\/api.w.org\/{rel}","templated":true}]}}