{"id":3536,"date":"2021-10-30T13:26:32","date_gmt":"2021-10-30T12:26:32","guid":{"rendered":"http:\/\/retirada37.com\/?p=3536"},"modified":"2021-10-30T13:26:32","modified_gmt":"2021-10-30T12:26:32","slug":"federica-montseny-la-femme-qui-parle","status":"publish","type":"post","link":"https:\/\/retirada37.com\/?p=3536","title":{"rendered":"Federica Montseny \u201cLa femme qui parle\u201d"},"content":{"rendered":"<p>Vaut-il la peine de trahir ses propres id\u00e9aux pour ce qui vous semble \u00eatre un bien plus grand ?<br \/>\nAu milieu de la guerre civile espagnole, l&rsquo;influence de l&rsquo;anarcho-syndicalisme a amen\u00e9 Federica Montseny au gouvernement de la R\u00e9publique. Elle l&rsquo;accepte \u00e0 contrec\u0153ur pour emp\u00eacher la mont\u00e9e du fascisme et devient la premi\u00e8re femme ministre d&rsquo;Espagne et d&rsquo;Europe.<br \/>\nApr\u00e8s la guerre, Montseny s&rsquo;est exil\u00e9e en France, o\u00f9 elle fait face \u00e0 un proc\u00e8s d&rsquo;extradition qui met \u00e0 l&rsquo;\u00e9preuve ses fortes convictions. Si elle le perd, elle retournera dans l&rsquo;Espagne de Franco pour \u00eatre ex\u00e9cut\u00e9e.<\/p>\n<p>Avec : M\u00e0rcia Cister\u00f3 (Federica Montseny), Emilio Guti\u00e9rrez Caba (Largo Caballero), \u00d2scar Mu\u00f1oz (Germinal Esgleas), Miquel Gelabert (Federico Urales), Ivan Benet (Joan Garcia i Oliver), David Bag\u00e9s (Joan Peir\u00f3), Fran Nortes (Juan L\u00f3pez), Pep Ambr\u00f2s (Marianet), Candela Moreno (Mercedes Maestre), Vicente Genov\u00e9s (Manuel Aza\u00f1a), Jaime Linares (Juan Negr\u00edn), Sergi Torrecilla (Jes\u00fas Hern\u00e1ndez) et \u00d2scar Intente (Llu\u00eds Companys)<\/p>\n<p>Produit par Distinto Films en coproduction avec Televisi\u00f3 de Catalunya et Voramar Films et avec la participation d&rsquo;\u00c0 PUNT M\u00c8DIA et d&rsquo;IB3, avec le soutien du Departament de Cultura de la Generalitat de Catalunya, l&rsquo;Institut Valenci\u00e0 de Cultura, Creative Europe Media Programme of the European Union et avec la collaboration du Ministeri d&rsquo;Igualtat-Institut de la Dona et la participation de CREA SGR, 2021<\/p>\n<p><strong>Laura MA\u00d1A<\/strong>, mars 2021, 85 min, Catalan &#8211; castillan &#8211; fran\u00e7ais sous-titr\u00e9 en fran\u00e7ais<\/p>\n<blockquote><p><iframe loading=\"lazy\" width=\"560\" height=\"315\" src=\"https:\/\/www.youtube.com\/embed\/DotMXnggKho\" title=\"YouTube video player\" frameborder=\"0\" allow=\"accelerometer; autoplay; clipboard-write; encrypted-media; gyroscope; picture-in-picture\" allowfullscreen><\/iframe><\/p><\/blockquote>\n","protected":false},"excerpt":{"rendered":"<p>Vaut-il la peine de trahir ses propres id\u00e9aux pour ce qui vous semble \u00eatre un bien plus grand ? Au milieu de la guerre civile espagnole, l&rsquo;influence de l&rsquo;anarcho-syndicalisme a amen\u00e9 Federica Montseny au gouvernement de la R\u00e9publique. Elle l&rsquo;accepte \u00e0 contrec\u0153ur pour emp\u00eacher la mont\u00e9e du fascisme et devient la premi\u00e8re femme ministre d&rsquo;Espagne &hellip; <a href=\"https:\/\/retirada37.com\/?p=3536\" class=\"more-link\">Continuer la lecture de <span class=\"screen-reader-text\">Federica Montseny \u201cLa femme qui parle\u201d<\/span>  <span class=\"meta-nav\">&rarr;<\/span><\/a><\/p>\n","protected":false},"author":3,"featured_media":0,"comment_status":"open","ping_status":"open","sticky":false,"template":"","format":"standard","meta":{"_bbp_topic_count":0,"_bbp_reply_count":0,"_bbp_total_topic_count":0,"_bbp_total_reply_count":0,"_bbp_voice_count":0,"_bbp_anonymous_reply_count":0,"_bbp_topic_count_hidden":0,"_bbp_reply_count_hidden":0,"_bbp_forum_subforum_count":0,"footnotes":""},"categories":[14,4],"tags":[],"class_list":["post-3536","post","type-post","status-publish","format-standard","hentry","category-histoire","category-videos"],"_links":{"self":[{"href":"https:\/\/retirada37.com\/index.php?rest_route=\/wp\/v2\/posts\/3536","targetHints":{"allow":["GET"]}}],"collection":[{"href":"https:\/\/retirada37.com\/index.php?rest_route=\/wp\/v2\/posts"}],"about":[{"href":"https:\/\/retirada37.com\/index.php?rest_route=\/wp\/v2\/types\/post"}],"author":[{"embeddable":true,"href":"https:\/\/retirada37.com\/index.php?rest_route=\/wp\/v2\/users\/3"}],"replies":[{"embeddable":true,"href":"https:\/\/retirada37.com\/index.php?rest_route=%2Fwp%2Fv2%2Fcomments&post=3536"}],"version-history":[{"count":1,"href":"https:\/\/retirada37.com\/index.php?rest_route=\/wp\/v2\/posts\/3536\/revisions"}],"predecessor-version":[{"id":3537,"href":"https:\/\/retirada37.com\/index.php?rest_route=\/wp\/v2\/posts\/3536\/revisions\/3537"}],"wp:attachment":[{"href":"https:\/\/retirada37.com\/index.php?rest_route=%2Fwp%2Fv2%2Fmedia&parent=3536"}],"wp:term":[{"taxonomy":"category","embeddable":true,"href":"https:\/\/retirada37.com\/index.php?rest_route=%2Fwp%2Fv2%2Fcategories&post=3536"},{"taxonomy":"post_tag","embeddable":true,"href":"https:\/\/retirada37.com\/index.php?rest_route=%2Fwp%2Fv2%2Ftags&post=3536"}],"curies":[{"name":"wp","href":"https:\/\/api.w.org\/{rel}","templated":true}]}}