{"id":3533,"date":"2021-10-17T10:32:30","date_gmt":"2021-10-17T09:32:30","guid":{"rendered":"http:\/\/retirada37.com\/?p=3533"},"modified":"2021-10-17T10:32:30","modified_gmt":"2021-10-17T09:32:30","slug":"la-mancha-rouge-et-internationale","status":"publish","type":"post","link":"https:\/\/retirada37.com\/?p=3533","title":{"rendered":"La Mancha, rouge et internationale"},"content":{"rendered":"<p>Dans la province de la Mancha, les plaines d\u2019Albacete \u00e9voquent les fameuses batailles de Don Quichotte contre des moulins \u00e0 vent. Elles furent \u00e9galement le th\u00e9\u00e2tre d\u2019un combat bien r\u00e9el, celui des Brigades Internationales. Lorsque la guerre d\u2019Espagne \u00e9clate en 1936, des hommes y viennent des quatre coins du monde pour lutter contre la mont\u00e9e du totalitarisme.<\/p>\n<blockquote><p><iframe loading=\"lazy\" allowfullscreen=\"true\" style=\"transition-duration:0;transition-property:no;margin:0 auto;position:relative;display:block;background-color:#000000;\" frameborder=\"0\" scrolling=\"no\" width=\"100%\" height=\"100%\" src=\"https:\/\/www.arte.tv\/player\/v6\/index.php?json_url=https%3A%2F%2Fapi.arte.tv%2Fapi%2Fplayer%2Fv2%2Fconfig%2Ffr%2F105890-003-A&#038;lang=fr&#038;autoplay=true&#038;mute=0&#038;previewData=%7B%22title%22%3A%22La%20Mancha%2C%20rouge%20et%20internationale%22%2C%22subtitle%22%3A%22Invitation%20au%20voyage%20(13%2F10%2F2021)%22%2C%22image%22%3A%22https%3A%2F%2Fapi-cdn.arte.tv%2Fapi%2Fmami%2Fv1%2Fprogram%2Ffr%2F105890-003-A%2F940x530%3Fts%3D1633922361%22%7D\"><\/iframe><\/p><\/blockquote>\n","protected":false},"excerpt":{"rendered":"<p>Dans la province de la Mancha, les plaines d\u2019Albacete \u00e9voquent les fameuses batailles de Don Quichotte contre des moulins \u00e0 vent. Elles furent \u00e9galement le th\u00e9\u00e2tre d\u2019un combat bien r\u00e9el, celui des Brigades Internationales. Lorsque la guerre d\u2019Espagne \u00e9clate en 1936, des hommes y viennent des quatre coins du monde pour lutter contre la mont\u00e9e &hellip; <a href=\"https:\/\/retirada37.com\/?p=3533\" class=\"more-link\">Continuer la lecture de <span class=\"screen-reader-text\">La Mancha, rouge et internationale<\/span>  <span class=\"meta-nav\">&rarr;<\/span><\/a><\/p>\n","protected":false},"author":3,"featured_media":0,"comment_status":"open","ping_status":"open","sticky":false,"template":"","format":"standard","meta":{"_bbp_topic_count":0,"_bbp_reply_count":0,"_bbp_total_topic_count":0,"_bbp_total_reply_count":0,"_bbp_voice_count":0,"_bbp_anonymous_reply_count":0,"_bbp_topic_count_hidden":0,"_bbp_reply_count_hidden":0,"_bbp_forum_subforum_count":0,"footnotes":""},"categories":[14,15,4],"tags":[],"class_list":["post-3533","post","type-post","status-publish","format-standard","hentry","category-histoire","category-temoignages-et-recits","category-videos"],"_links":{"self":[{"href":"https:\/\/retirada37.com\/index.php?rest_route=\/wp\/v2\/posts\/3533","targetHints":{"allow":["GET"]}}],"collection":[{"href":"https:\/\/retirada37.com\/index.php?rest_route=\/wp\/v2\/posts"}],"about":[{"href":"https:\/\/retirada37.com\/index.php?rest_route=\/wp\/v2\/types\/post"}],"author":[{"embeddable":true,"href":"https:\/\/retirada37.com\/index.php?rest_route=\/wp\/v2\/users\/3"}],"replies":[{"embeddable":true,"href":"https:\/\/retirada37.com\/index.php?rest_route=%2Fwp%2Fv2%2Fcomments&post=3533"}],"version-history":[{"count":1,"href":"https:\/\/retirada37.com\/index.php?rest_route=\/wp\/v2\/posts\/3533\/revisions"}],"predecessor-version":[{"id":3534,"href":"https:\/\/retirada37.com\/index.php?rest_route=\/wp\/v2\/posts\/3533\/revisions\/3534"}],"wp:attachment":[{"href":"https:\/\/retirada37.com\/index.php?rest_route=%2Fwp%2Fv2%2Fmedia&parent=3533"}],"wp:term":[{"taxonomy":"category","embeddable":true,"href":"https:\/\/retirada37.com\/index.php?rest_route=%2Fwp%2Fv2%2Fcategories&post=3533"},{"taxonomy":"post_tag","embeddable":true,"href":"https:\/\/retirada37.com\/index.php?rest_route=%2Fwp%2Fv2%2Ftags&post=3533"}],"curies":[{"name":"wp","href":"https:\/\/api.w.org\/{rel}","templated":true}]}}