{"id":3526,"date":"2021-10-05T09:00:32","date_gmt":"2021-10-05T08:00:32","guid":{"rendered":"http:\/\/retirada37.com\/?p=3526"},"modified":"2021-10-04T13:19:46","modified_gmt":"2021-10-04T12:19:46","slug":"fr-lespagne-vivra-henri-cartier-bresson-1938-1939","status":"publish","type":"post","link":"https:\/\/retirada37.com\/?p=3526","title":{"rendered":"L&rsquo;Espagne vivra, Henri Cartier Bresson (1938-1939)"},"content":{"rendered":"<p>\u00ab\u00a0L&rsquo;Espagne vivra\u00a0\u00bb est un film documentaire fran\u00e7ais r\u00e9alis\u00e9 en 1938 par Henri Cartier-Bresson sur la guerre civile en Espagne et sorti en 1939.<br \/>\nLe film est structur\u00e9 en trois parties : un expos\u00e9 de la pr\u00e9sence militaire \u00e9trang\u00e8re venue aider la r\u00e9bellion franquiste, une d\u00e9nonciation de la politique de non-intervention d\u00e9cid\u00e9e par la Soci\u00e9t\u00e9 des Nations et la valorisation du travail militant des membres du Secours populaire fran\u00e7ais en faveur de l&rsquo;Espagne r\u00e9publicaine.<\/p>\n<blockquote><p><iframe loading=\"lazy\" width=\"560\" height=\"315\" src=\"https:\/\/www.youtube.com\/embed\/SdG8JiZ3-jM\" title=\"YouTube video player\" frameborder=\"0\" allow=\"accelerometer; autoplay; clipboard-write; encrypted-media; gyroscope; picture-in-picture\" allowfullscreen><\/iframe><\/p><\/blockquote>\n<p>Ce document a \u00e9t\u00e9 restaur\u00e9 par les Archives Fran\u00e7aises du Film du Centre National de la Cin\u00e9matographie, Minist\u00e8re de la culture.<\/p>\n<p>Titre : L&rsquo;Espagne vivra<\/p>\n<p>R\u00e9alisation : Henri Cartier-Bresson<\/p>\n<p>\u00c9criture du commentaire : Georges Sadoul<\/p>\n<p>Production : Secours populaire fran\u00e7ais<\/p>\n<p>Pays d&rsquo;origine : Drapeau de la France France<\/p>\n<p>Format : Noir et blanc &#8211; 1,37:1 &#8211; Son mono &#8211; 35 mm<\/p>\n<p>Genre : film documentaire<\/p>\n<p>Dur\u00e9e : 45 minutes<\/p>\n<p>Date de sortie : France &#8211; 1939<\/p>\n","protected":false},"excerpt":{"rendered":"<p>\u00ab\u00a0L&rsquo;Espagne vivra\u00a0\u00bb est un film documentaire fran\u00e7ais r\u00e9alis\u00e9 en 1938 par Henri Cartier-Bresson sur la guerre civile en Espagne et sorti en 1939. Le film est structur\u00e9 en trois parties : un expos\u00e9 de la pr\u00e9sence militaire \u00e9trang\u00e8re venue aider la r\u00e9bellion franquiste, une d\u00e9nonciation de la politique de non-intervention d\u00e9cid\u00e9e par la Soci\u00e9t\u00e9 des &hellip; <a href=\"https:\/\/retirada37.com\/?p=3526\" class=\"more-link\">Continuer la lecture de <span class=\"screen-reader-text\">L&rsquo;Espagne vivra, Henri Cartier Bresson (1938-1939)<\/span>  <span class=\"meta-nav\">&rarr;<\/span><\/a><\/p>\n","protected":false},"author":3,"featured_media":0,"comment_status":"open","ping_status":"open","sticky":false,"template":"","format":"standard","meta":{"_bbp_topic_count":0,"_bbp_reply_count":0,"_bbp_total_topic_count":0,"_bbp_total_reply_count":0,"_bbp_voice_count":0,"_bbp_anonymous_reply_count":0,"_bbp_topic_count_hidden":0,"_bbp_reply_count_hidden":0,"_bbp_forum_subforum_count":0,"footnotes":""},"categories":[14,15,4],"tags":[],"class_list":["post-3526","post","type-post","status-publish","format-standard","hentry","category-histoire","category-temoignages-et-recits","category-videos"],"_links":{"self":[{"href":"https:\/\/retirada37.com\/index.php?rest_route=\/wp\/v2\/posts\/3526","targetHints":{"allow":["GET"]}}],"collection":[{"href":"https:\/\/retirada37.com\/index.php?rest_route=\/wp\/v2\/posts"}],"about":[{"href":"https:\/\/retirada37.com\/index.php?rest_route=\/wp\/v2\/types\/post"}],"author":[{"embeddable":true,"href":"https:\/\/retirada37.com\/index.php?rest_route=\/wp\/v2\/users\/3"}],"replies":[{"embeddable":true,"href":"https:\/\/retirada37.com\/index.php?rest_route=%2Fwp%2Fv2%2Fcomments&post=3526"}],"version-history":[{"count":2,"href":"https:\/\/retirada37.com\/index.php?rest_route=\/wp\/v2\/posts\/3526\/revisions"}],"predecessor-version":[{"id":3528,"href":"https:\/\/retirada37.com\/index.php?rest_route=\/wp\/v2\/posts\/3526\/revisions\/3528"}],"wp:attachment":[{"href":"https:\/\/retirada37.com\/index.php?rest_route=%2Fwp%2Fv2%2Fmedia&parent=3526"}],"wp:term":[{"taxonomy":"category","embeddable":true,"href":"https:\/\/retirada37.com\/index.php?rest_route=%2Fwp%2Fv2%2Fcategories&post=3526"},{"taxonomy":"post_tag","embeddable":true,"href":"https:\/\/retirada37.com\/index.php?rest_route=%2Fwp%2Fv2%2Ftags&post=3526"}],"curies":[{"name":"wp","href":"https:\/\/api.w.org\/{rel}","templated":true}]}}