{"id":3524,"date":"2021-10-03T08:00:00","date_gmt":"2021-10-03T07:00:00","guid":{"rendered":"http:\/\/retirada37.com\/?p=3524"},"modified":"2021-10-02T12:42:47","modified_gmt":"2021-10-02T11:42:47","slug":"engagements-antifranquistes-et-libertaires-durant-la-%e2%80%aftransition-democratique%e2%80%af","status":"publish","type":"post","link":"https:\/\/retirada37.com\/?p=3524","title":{"rendered":"Engagements antifranquistes et libertaires durant la \u00ab \u202ftransition d\u00e9mocratique\u202f \u00bb"},"content":{"rendered":"<p>Espoirs d\u00e9\u00e7us. Engagements antifranquistes et libertaires durant la \u00ab \u202ftransition d\u00e9mocratique\u202f \u00bb espagnole<\/p>\n<p>Retour sur une partie peu connue du parcours militant de Bernard Pensiot<\/p>\n<p>Le 6 Mai 2018, le militant anarchiste lyonnais Bernard Pensiot d\u00e9c\u00e9dait d\u2019une crise cardiaque dans le village de l\u2019Abergement-de-Varey dans l\u2019Ain o\u00f9 il s\u2019\u00e9tait install\u00e9 pour passer sa retraite.<\/p>\n<p>Deux ans plus tard, les \u00e9ditions de l\u2019Atelier de cr\u00e9ation libertaire permettent de revenir sur son engagement peu connu durant les \u00ab ann\u00e9es de braises \u00bb de la fin du franquisme, qui le conduisit notamment en prison \u00e0 la Modelo \u00e0 Barcelone, \u00e0 l\u2019occasion de la publication du livre Espoirs d\u00e9\u00e7us, Engagements antifranquistes et libertaires durant la \u00ab \u202ftransition d\u00e9mocratique\u202f espagnole.<\/p>\n<p>Quarante ans plus t\u00f4t, le 4 f\u00e9vrier 1978, Bernard Pensiot est arr\u00eat\u00e9 par la Guardia civile sur les Ramblas \u00e0 Barcelone en compagnie de son camarade \u00ab Pep \u00bb et de la compagne de celui-ci. Dans le m\u00eame temps, dans les jours qui pr\u00e9c\u00e9dent et suivent c\u2019est une dizaine d\u2019autres militants libertaires, espagnols et fran\u00e7ais, qui subissent le m\u00eame sort dans le cadre d\u2019un \u00ab coup de filet \u00bb contre un soit-disant \u00ab groupe terroriste international \u00bb dont Bernard serait le relais \u00e0 Perpignan pour organiser les passages entre la France et l\u2019Espagne. Des arrestations qu\u2019il faut replacer dans le contexte de criminalisation d\u2019un mouvement libertaire renaissant en Espagne, notamment au plan syndical avec la CNT. Une vaste r\u00e9pression qui est mise en \u0153uvre suite \u00e0 \u00ab l\u2019affaire de la Scala \u00bb orchestr\u00e9e par les services de police [1]. Pour Bernard et ses camarades, il s\u2019ensuit tortures puis incarc\u00e9ration durant de longs mois voire des ann\u00e9es. Durant ses huit mois de d\u00e9tention, Bernard s\u2019est impliqu\u00e9 dans le mouvement en pleine effervescence des prisonniers d\u2019Espagne, regroup\u00e9s dans la Coordination des prisonniers en lutte (COPEL), r\u00e9clamant une amnistie g\u00e9n\u00e9rale.<\/p>\n<p>Bernard menait depuis plusieurs ann\u00e9es, durant la fin de la dictature franquiste, une activit\u00e9 au sein d\u2019un r\u00e9seau de soutien, mat\u00e9riel et humain aux militant-e-s libertaires en Espagne. Il r\u00e9alisait un travail d\u2019information sur ce qui s\u2019y passait notamment par la diffusion de tracts vers l\u2019Espagne et ceux qui y partaient. Il participait \u00e0 de nombreux passages clandestins de mat\u00e9riel de propagande \u00e0 pieds ou dans des voitures trafiqu\u00e9es tout comme de l\u2019argent et des armes aussi parfois. Il organisait encore la r\u00e9ception de camarades fuyant le r\u00e9gime franquiste qui avaient besoin de papiers, de travail, d\u2019argent, d\u2019h\u00e9bergement. Il allait pour cela de nombreuses fois chercher des militant-e-s qui avaient urgemment besoin de venir se r\u00e9fugier en France et leur faisait passer la fronti\u00e8re clandestinement dans des conditions souvent tr\u00e8s difficiles.<\/p>\n<p>Solidarit\u00e9 par del\u00e0 la fronti\u00e8re, passeur de propagande, de mat\u00e9riel, d\u2019espoirs, renouveau libertaire, r\u00e9pression puis prison avec ses mutineries, ses tentatives d\u2019\u00e9vasion et ses gr\u00e8ves de la faim&#8230; une p\u00e9riode dite de \u00ab Transition d\u00e9mocratique \u00bb que Bernard a v\u00e9cu \u00e0 fond, avec ses espoirs, ses enthousiasmes mais aussi ses d\u00e9sillusions. Au travers de son parcours et de celui de ses camarades, Espoirs d\u00e9\u00e7us permet de revenir sur tous ces th\u00e8mes et s\u2019inscrit dans une Histoire de la R\u00e9volution espagnole sur le temps long m\u00eame si ce livre est avant tout le r\u00e9cit d\u2019une solidarit\u00e9 en actes avec \u00ab l\u2019Espagne libertaire \u00bb lors de la fin du r\u00e9gime franquiste et de la \u00ab transition d\u00e9mocratique \u00bb, p\u00e9riode commun\u00e9ment admise comme allant de la mort de Franco, en novembre 1975, \u00e0 la victoire des socialistes du PSOE (Parti socialiste ouvrier espagnol) aux \u00e9lections l\u00e9gislatives d\u2019octobre 1982.<\/p>\n<p>La \u00ab transition \u00bb, puis la d\u00e9mocratie espagnole, ont maintenu en place le m\u00eame appareil policier et r\u00e9pressif, avec les m\u00eames acteurs et les m\u00eames m\u00e9thodes que sous la dictature et n\u2019ont pas h\u00e9sit\u00e9 \u00e0 le d\u00e9cha\u00eener contre un mouvement libertaire renaissant, au centre de nombreuses attentes populaires et porteur d\u2019une alternative sociale et politique au mod\u00e8le d\u00e9mocratique, lib\u00e9ral et monarchiste propos\u00e9 comme en t\u00e9moigne les dizaines de milliers d\u2019adh\u00e9rent-e-s \u00e0 la CNT reconstruite d\u00e8s 1976 et les centaines de milliers de participant-e-s au meeting de Montjuic et aux Journ\u00e9es libertaires du Parc G\u00fcell en juillet 1977. Le mouvement libertaire n\u2019avait peut-\u00eatre pas suffisamment pr\u00e9par\u00e9 cette p\u00e9riode, anticip\u00e9 l\u2019ampleur des changements, des attentes et des sollicitations envers lui et \u00e9tait de plus pris dans ses querelles intestines h\u00e9rit\u00e9es du traumatisme de la d\u00e9faite de la guerre civile et de l\u2019\u00e9chec de la R\u00e9volution de 1936. Il \u00e9tait pourtant apparu comme la convergence des aspirations antiautoritaires et d\u2019autonomie exprim\u00e9es en force durant plusieurs ann\u00e9es dans la soci\u00e9t\u00e9 espagnole qui a connu, de la fin des ann\u00e9es soixantes \u00e0 la fin des ann\u00e9es soixante-dix, d\u2019importantes luttes sociales et politiques o\u00f9 sur les lieux de travail, dans les quartiers populaires mais aussi dans les prisons, le pouvoir a \u00e9t\u00e9 massivement contest\u00e9 de fa\u00e7on radicale.<\/p>\n<p>Beaucoup de femmes et d\u2019hommes aspirant \u00e0 un \u00ab autre futur \u00bb, tels Bernard et ses camarades, se sont alors pleinement engag\u00e9s dans les luttes de cette p\u00e9riode et en ont pay\u00e9 le prix de la r\u00e9pression, parfois de mani\u00e8re d\u00e9finitive tel Agustin Sierra Rueda assassin\u00e9 \u00e0 la prison Carabanchel de Madrid le 14 mars 1978 [2].<\/p>\n<p>Bernard avait accept\u00e9 de revenir sur cette histoire \u00e0 l\u2019occasion d\u2019une s\u00e9rie d\u2019entretiens, lors de l\u2019\u00e9t\u00e9 2008 et 2009, alors qu\u2019il avait quitt\u00e9 Lyon et \u00e9tait all\u00e9 passer sa \u00ab retraite \u00bb \u00e0 la campagne. Il conc\u00e9dait enfin \u00e0 \u00e9voquer ce pass\u00e9, car s\u2019\u00e9tant mis en retrait il ne craignait plus de se voir attribuer une quelconque \u00ab gloire \u00bb ou un statut particulier qu\u2019il n\u2019avait pas envie de porter dans un souci d\u2019\u00e9galit\u00e9 avec ses camarades. Ces entretiens ont ensuite donn\u00e9 lieu \u00e0 de nombreuses recherches et \u00e0 d\u2019autres rencontres avec celles et ceux qui l\u2019avaient c\u00f4toy\u00e9, de part et d\u2019autre des Pyr\u00e9n\u00e9es.<\/p>\n<p>Malgr\u00e9 mes nombreuses recherches compl\u00e9mentaires des entretiens, aussi bien aux archives d\u00e9partementales que dans les archives militantes ou encore dans la presse fran\u00e7aise et espagnoles, il a parfois \u00e9t\u00e9 difficile de reconstituer toutes les solidarit\u00e9s et leur ampleur de mani\u00e8re pr\u00e9cise. C\u2019est le probl\u00e8me de l\u2019\u00e9tude de toute action clandestine, de ses sources et de sa m\u00e9moire. Personne ne cherchait trop \u00e0 savoir ce que faisaient pr\u00e9cis\u00e9ment les autres. Moins on en savait, moins on avait \u00e0 dire apr\u00e8s plusieurs jours de torture \u00ab si on tombait \u00bb. Sauf n\u00e9cessit\u00e9, les actions et l\u2019information \u00e9taient cloisonn\u00e9es. Il m\u2019a fallu pr\u00e8s de 10 ans pour terminer ce travail de recherche en tenant compte des divers imp\u00e9ratifs et al\u00e9as de la vie. Et puis surtout personne ne pensait que Bernard nous quitterait si vite et si subitement.<br \/>\nLe 5 mars 2020, je suis all\u00e9 \u00e0 La Modelo de Barcelone en compagnie de Victor Simal et de \u00ab Pep \u00bb, Jos\u00e9 Palau Pujol, compagnons libertaires de solidarit\u00e9s antifranquistes et de d\u00e9tention de Bernard, dans le cadre de la r\u00e9alisation d\u2019un documentaire sur leur incarc\u00e9ration et les luttes auxquelles ils ont particip\u00e9 [3].<\/p>\n<p>Cette prison, ferm\u00e9e depuis juin 2017, est pour l\u2019instant transform\u00e9e en un site historique essentiellement consacr\u00e9 \u00e0 la m\u00e9moire de la r\u00e9pression franquiste. Une d\u00e9ambulation devant les divers panneaux explicatifs nous a permis de constater qu\u2019une fois de plus, hormis le cas embl\u00e9matique de Salvador Puig antich garrott\u00e9 dans ces murs [4], le r\u00f4le des anarchistes dans les luttes de la fin de la dictature tout comme la r\u00e9pression politique envers eux durant la \u00ab transition \u00bb et le d\u00e9but de la d\u00e9mocratie espagnole \u00e9taient compl\u00e8tement occult\u00e9s. Nul trace non plus du formidable mouvement de la COPEL et de sa volont\u00e9, au-del\u00e0 de l\u2019amnistie g\u00e9n\u00e9rale, de destruction des prisons. Bien trop emb\u00eatant pour une m\u00e9moire qui veut simplement valoriser un mod\u00e8le de r\u00e9ussite de transition vers la d\u00e9mocratie repr\u00e9sentative. D\u2019o\u00f9 l\u2019int\u00e9r\u00eat de mettre au grand jour l\u2019histoire de ces \u00ab activistes de l\u2019ombre \u00bb, comme le dit si bien Freddy Gomez dans son pertinent avant propos, malgr\u00e9 leurs Espoirs d\u00e9\u00e7us.<\/p>\n<p><strong>David Rappe<\/strong><\/p>\n<p>Espoirs d\u00e9\u00e7us, Engagements antifranquistes et libertaires durant la \u00ab \u202ftransition d\u00e9mocratique\u202f \u00bb espagnole, David Rappe, Atelier de cr\u00e9ation libertaire, 2020, 157 pages, 12 euros.<\/p>\n<p>David Rappe, Historien, militant syndicaliste et libertaire, a d\u00e9j\u00e0 publi\u00e9 La Bourse de travail de Lyon, une structure ouvri\u00e8re entre services sociaux et r\u00e9volution sociale, \u00e9ditions ACL, Lyon, 2004, et Rendez-vous avec Armand Gatti, 10 rencontres avec Armand Gatti, \u00e9ditions la Parole errante, Montreuil, 2008.<\/p>\n<p>Article publi\u00e9 dans Chroniques Noir &#038; Rouge, revue de critique bibliographique du mouvement libertaire. n\u00b0 2, septembre 2020.<br \/>\nP.S. :<\/p>\n<p>[1] Le 15 janvier 1978, \u00e0 l\u2019occasion d\u2019une manifestation de pr\u00e8s de 15 000 personnes appel\u00e9e par la CNT pour d\u00e9noncer les accords (anti)sociaux de la Moncloa, la salle de la Scala, music-hall de Barcelone, est d\u00e9truite par un incendie faisant quatre morts.<\/p>\n<p>[2] Suite \u00e0 la d\u00e9couverte d\u2019un tunnel, Agustin Rueda est tabass\u00e9 et tortur\u00e9 dans le but de d\u00e9noncer ceux qui devaient participer \u00e0 la tentative d\u2019\u00e9vasion. Battu \u00e0 mort, il agonise durant une dizaine d\u2019heures sans aucune assistance m\u00e9dicale, malgr\u00e9 ses plaintes et appels \u00e0 l\u2019aide.<\/p>\n<p>[3] La visite est un projet de film documentaire relatant l\u2019histoire de Victor Simal durant son incarc\u00e9ration \u00e0 La Modelo en 1978. Documentaire, 52 min, fran\u00e7ais, catalan, sous-titres, r\u00e9alisation Collectif Les Amis d\u2019abord\/Kalimago Films, sortie pr\u00e9vue fin 2020.<\/p>\n<p>[4] Salvador Puig-Antich, membre du MIL (Mouvement ib\u00e9rique de lib\u00e9ration), est un des derniers garrott\u00e9s sous Franco, le 2 mars 1974 suite \u00e0 la mort d\u2019un policier survenue dans la fusillade lors de son arrestation.<\/p>\n","protected":false},"excerpt":{"rendered":"<p>Espoirs d\u00e9\u00e7us. Engagements antifranquistes et libertaires durant la \u00ab \u202ftransition d\u00e9mocratique\u202f \u00bb espagnole Retour sur une partie peu connue du parcours militant de Bernard Pensiot Le 6 Mai 2018, le militant anarchiste lyonnais Bernard Pensiot d\u00e9c\u00e9dait d\u2019une crise cardiaque dans le village de l\u2019Abergement-de-Varey dans l\u2019Ain o\u00f9 il s\u2019\u00e9tait install\u00e9 pour passer sa retraite. Deux &hellip; <a href=\"https:\/\/retirada37.com\/?p=3524\" class=\"more-link\">Continuer la lecture de <span class=\"screen-reader-text\">Engagements antifranquistes et libertaires durant la \u00ab \u202ftransition d\u00e9mocratique\u202f \u00bb<\/span>  <span class=\"meta-nav\">&rarr;<\/span><\/a><\/p>\n","protected":false},"author":3,"featured_media":0,"comment_status":"open","ping_status":"open","sticky":false,"template":"","format":"standard","meta":{"_bbp_topic_count":0,"_bbp_reply_count":0,"_bbp_total_topic_count":0,"_bbp_total_reply_count":0,"_bbp_voice_count":0,"_bbp_anonymous_reply_count":0,"_bbp_topic_count_hidden":0,"_bbp_reply_count_hidden":0,"_bbp_forum_subforum_count":0,"footnotes":""},"categories":[14,15],"tags":[],"class_list":["post-3524","post","type-post","status-publish","format-standard","hentry","category-histoire","category-temoignages-et-recits"],"_links":{"self":[{"href":"https:\/\/retirada37.com\/index.php?rest_route=\/wp\/v2\/posts\/3524","targetHints":{"allow":["GET"]}}],"collection":[{"href":"https:\/\/retirada37.com\/index.php?rest_route=\/wp\/v2\/posts"}],"about":[{"href":"https:\/\/retirada37.com\/index.php?rest_route=\/wp\/v2\/types\/post"}],"author":[{"embeddable":true,"href":"https:\/\/retirada37.com\/index.php?rest_route=\/wp\/v2\/users\/3"}],"replies":[{"embeddable":true,"href":"https:\/\/retirada37.com\/index.php?rest_route=%2Fwp%2Fv2%2Fcomments&post=3524"}],"version-history":[{"count":1,"href":"https:\/\/retirada37.com\/index.php?rest_route=\/wp\/v2\/posts\/3524\/revisions"}],"predecessor-version":[{"id":3525,"href":"https:\/\/retirada37.com\/index.php?rest_route=\/wp\/v2\/posts\/3524\/revisions\/3525"}],"wp:attachment":[{"href":"https:\/\/retirada37.com\/index.php?rest_route=%2Fwp%2Fv2%2Fmedia&parent=3524"}],"wp:term":[{"taxonomy":"category","embeddable":true,"href":"https:\/\/retirada37.com\/index.php?rest_route=%2Fwp%2Fv2%2Fcategories&post=3524"},{"taxonomy":"post_tag","embeddable":true,"href":"https:\/\/retirada37.com\/index.php?rest_route=%2Fwp%2Fv2%2Ftags&post=3524"}],"curies":[{"name":"wp","href":"https:\/\/api.w.org\/{rel}","templated":true}]}}