{"id":3517,"date":"2021-09-28T10:00:53","date_gmt":"2021-09-28T09:00:53","guid":{"rendered":"http:\/\/retirada37.com\/?p=3517"},"modified":"2021-09-26T13:03:27","modified_gmt":"2021-09-26T12:03:27","slug":"femmes-espagnoles-en-resistance-femmes-libres-et-engagees-deuxiemes-rencontres-franco-espagnoles-montpellier-30-novembre-et-2-3-4-decembre-2021","status":"publish","type":"post","link":"https:\/\/retirada37.com\/?p=3517","title":{"rendered":"\u00ab FEMMES ESPAGNOLES EN R\u00c9SISTANCE, FEMMES LIBRES ET ENGAG\u00c9ES \u00bb DEUXIEMES RENCONTRES FRANCO-ESPAGNOLES MONTPELLIER 30 NOVEMBRE ET 2-3-4 DECEMBRE 2021"},"content":{"rendered":"<p> L&rsquo;association Voix de l&rsquo;extr\u00eame Po\u00e9sie et Culture organise les deuxi\u00e8mes rencontres franco-espagnoles sur le th\u00e8me \u00ab\u00a0Femmes espagnoles en r\u00e9sistance, femmes libres et engag\u00e9es\u00a0\u00bb \u00e0 Montpellier du 30 novembre au 4 d\u00e9cembre 2021 . <a href=\"https:\/\/retirada37.com\/wp-content\/uploads\/2021\/09\/images-mujeres-libres.jpg\"><img loading=\"lazy\" decoding=\"async\" src=\"https:\/\/retirada37.com\/wp-content\/uploads\/2021\/09\/images-mujeres-libres.jpg\" alt=\"\" width=\"189\" height=\"245\" class=\"alignnone size-full wp-image-3518\" \/><\/a><\/p>\n<p>A leur arriv\u00e9e en France en 1939, des femmes espagnoles ont connu les conditions difficiles de l\u2019exil. Intern\u00e9es dans les camps de la honte, elles n\u2019ont pas h\u00e9sit\u00e9 \u00e0 manifester derri\u00e8re les barbel\u00e9s pour exiger des droits fondamentaux.<\/p>\n<p>Install\u00e9es pr\u00e9cairement dans la R\u00e9gion Occitanie Midi-Pyr\u00e9n\u00e9es, elles se sont engag\u00e9es comme r\u00e9sistantes dans la lutte contre le fascisme en rejoignant des r\u00e9sistants fran\u00e7ais et espagnols durant la deuxi\u00e8me guerre mondiale comme Sara Berenguer, Merc\u00e9dez Nu\u00f1ez Targa, Conchitas Ramos, Hermina Munoz r\u00e9sistante en Ari\u00e8ge et bien d\u2019autres femmes encore.<\/p>\n<p>Certaines, ont \u00e9t\u00e9 d\u00e9port\u00e9es, ont connu l\u2019horreur des camps nazis. L\u2019une d\u2019entre elle, Mercedez Nu\u00f1ez Targaen t\u00e9moignera lors du proc\u00e8s de tortionnaire \u00e0 Carcassonne.<\/p>\n<p> D\u2019autres ont mis leurs comp\u00e9tences et leur engagement \u00e0 la disposition des institutions fran\u00e7aises sanitaires, comme par exemple l\u2019a fait \u00e0 Toulouse Amparo Poch Gascon notamment \u00e0 la croix rouge ou \u00e0 l\u2019H\u00f4pital de Varsovie, ou ont poursuivi des actions culturelles, politiques, d\u2019\u00e9ducation populaire dans les villes et les villages o\u00f9 elles se sont install\u00e9es\u2026<\/p>\n<p> Dans les ann\u00e9es 1930, avant la guerre d\u2019Espagne, la plupart de ces militantes \u00e9taient d\u00e9j\u00e0 engag\u00e9es en Espagne dans des mouvements f\u00e9ministes, comme celui des \u00ab Mujeres Libres \u00bb, de lutte contre le fascisme, dans des syndicats ouvriers, des partis politiques. Elles fr\u00e9quentaient les Ateneo, v\u00e9ritable lieu de culture, de formation, d\u2019apprentissage o\u00f9 certaines forg\u00e8rent leurs id\u00e9es en faveur de l\u2019\u00e9mancipation des femmes&#8230;Comme par exemple Sara Berenguer, po\u00e8te, r\u00e9sistante et militante dans le Biterrois, Sucesso Portal\u00e8s qui v\u00e9cut \u00e9galement \u00e0 Montady, Lucia Saornil, po\u00e8te et peintre, initiatrice du Mouvement Mujeres libres avec Amparo Poch exil\u00e9e \u00e0 Toulouse.<\/p>\n<p> Alors que ces femmes ont jou\u00e9 un r\u00f4le majeur en Espagne puis en France, elles sont le plus souvent les OUBLI\u00c9ES DE L\u2019HISTOIRE et pourtant, elles ont forg\u00e9 la n\u00f4tre.<\/p>\n<p> En 2021, les deuxi\u00e8mes rencontres franco-espagnoles leur seront consacr\u00e9es pour leur rendre un hommage en soulignant leur engagement et leurs apports dans notre r\u00e9gion. <\/p>\n<p>En partenariat avec la R\u00e9gion Occitanie-Midi-Pyr\u00e9n\u00e9es, l&rsquo;\u00e9quipe du RESO de l&rsquo;universit\u00e9 Paul Val\u00e9ry Montpellier 3, la Maison des relations internationales de Montpellier, La ville de Montpellier,  <\/p>\n<p>Voces del extremo Moguer (Huelva) et La Fundaci\u00f3n Juan Ram\u00f3n Jim\u00e9nez Moguer (Huelva) <\/p>\n<p>et <\/p>\n<p>Le lyc\u00e9e Victor Hugo de Lunel<\/p>\n<p>Le lyc\u00e9e Jules Guesde Montpellier<\/p>\n<p>L\u2019association M\u00e9moire en r\u00e9sistance en Ari\u00e8ge &#8211; solidarit\u00e9 transfrontali\u00e8re MRAST <\/p>\n<p>L\u2019association FFREEE Argel\u00e8s sur Mer<\/p>\n<p>L\u2019observatoire de la la\u00efcit\u00e9 (Ola\u00efc 34)<\/p>\n<p>Les archives d\u00e9partementales de l\u2019H\u00e9rault<\/p>\n<p>Radio FM+<\/p>\n<p>La Maison de l&rsquo;Europe Montpellier <\/p>\n<p>En cours :<\/p>\n<p>le CCMCAS 34<\/p>\n<p>Le centre toulousain de documentation sur l\u2019exil espagnol <\/p>\n<p><a href=\"https:\/\/voixdelextremepoesieetculture.blogspot.com\/\">https:\/\/voixdelextremepoesieetculture.blogspot.com\/<\/a><\/p>\n","protected":false},"excerpt":{"rendered":"<p>L&rsquo;association Voix de l&rsquo;extr\u00eame Po\u00e9sie et Culture organise les deuxi\u00e8mes rencontres franco-espagnoles sur le th\u00e8me \u00ab\u00a0Femmes espagnoles en r\u00e9sistance, femmes libres et engag\u00e9es\u00a0\u00bb \u00e0 Montpellier du 30 novembre au 4 d\u00e9cembre 2021 . A leur arriv\u00e9e en France en 1939, des femmes espagnoles ont connu les conditions difficiles de l\u2019exil. Intern\u00e9es dans les camps de &hellip; <a href=\"https:\/\/retirada37.com\/?p=3517\" class=\"more-link\">Continuer la lecture de <span class=\"screen-reader-text\">\u00ab FEMMES ESPAGNOLES EN R\u00c9SISTANCE, FEMMES LIBRES ET ENGAG\u00c9ES \u00bb DEUXIEMES RENCONTRES FRANCO-ESPAGNOLES MONTPELLIER 30 NOVEMBRE ET 2-3-4 DECEMBRE 2021<\/span>  <span class=\"meta-nav\">&rarr;<\/span><\/a><\/p>\n","protected":false},"author":3,"featured_media":0,"comment_status":"open","ping_status":"open","sticky":false,"template":"","format":"standard","meta":{"_bbp_topic_count":0,"_bbp_reply_count":0,"_bbp_total_topic_count":0,"_bbp_total_reply_count":0,"_bbp_voice_count":0,"_bbp_anonymous_reply_count":0,"_bbp_topic_count_hidden":0,"_bbp_reply_count_hidden":0,"_bbp_forum_subforum_count":0,"footnotes":""},"categories":[2,14,15],"tags":[],"class_list":["post-3517","post","type-post","status-publish","format-standard","hentry","category-actualites","category-histoire","category-temoignages-et-recits"],"_links":{"self":[{"href":"https:\/\/retirada37.com\/index.php?rest_route=\/wp\/v2\/posts\/3517","targetHints":{"allow":["GET"]}}],"collection":[{"href":"https:\/\/retirada37.com\/index.php?rest_route=\/wp\/v2\/posts"}],"about":[{"href":"https:\/\/retirada37.com\/index.php?rest_route=\/wp\/v2\/types\/post"}],"author":[{"embeddable":true,"href":"https:\/\/retirada37.com\/index.php?rest_route=\/wp\/v2\/users\/3"}],"replies":[{"embeddable":true,"href":"https:\/\/retirada37.com\/index.php?rest_route=%2Fwp%2Fv2%2Fcomments&post=3517"}],"version-history":[{"count":2,"href":"https:\/\/retirada37.com\/index.php?rest_route=\/wp\/v2\/posts\/3517\/revisions"}],"predecessor-version":[{"id":3520,"href":"https:\/\/retirada37.com\/index.php?rest_route=\/wp\/v2\/posts\/3517\/revisions\/3520"}],"wp:attachment":[{"href":"https:\/\/retirada37.com\/index.php?rest_route=%2Fwp%2Fv2%2Fmedia&parent=3517"}],"wp:term":[{"taxonomy":"category","embeddable":true,"href":"https:\/\/retirada37.com\/index.php?rest_route=%2Fwp%2Fv2%2Fcategories&post=3517"},{"taxonomy":"post_tag","embeddable":true,"href":"https:\/\/retirada37.com\/index.php?rest_route=%2Fwp%2Fv2%2Ftags&post=3517"}],"curies":[{"name":"wp","href":"https:\/\/api.w.org\/{rel}","templated":true}]}}