{"id":3512,"date":"2021-09-26T09:33:36","date_gmt":"2021-09-26T08:33:36","guid":{"rendered":"http:\/\/retirada37.com\/?p=3512"},"modified":"2021-09-24T15:36:18","modified_gmt":"2021-09-24T14:36:18","slug":"le-camp-dagde","status":"publish","type":"post","link":"https:\/\/retirada37.com\/?p=3512","title":{"rendered":"LE CAMP D&rsquo;AGDE"},"content":{"rendered":"<p>Lieux de m\u00e9moire incontournable de l\u2019histoire de la ville au XXe si\u00e8cle, le monument du camp d\u2019Agde se tient aujourd\u2019hui \u00e0 l&rsquo;intersection de la route des 7 Fonts et de la rue Jean Moulin, pr\u00e8s du coll\u00e8ge Ren\u00e9 Cassin. Inaugur\u00e9 en 1989, il marque symboliquement l&rsquo;entr\u00e9e du camp et rend hommage \u00e0 toutes les nationalit\u00e9s qui y v\u00e9curent.<\/p>\n<p>L\u2019arm\u00e9e d\u00e9cida la cr\u00e9ation du camp en 1939, pour faire face \u00e0 l\u2019arriv\u00e9e massive des r\u00e9fugi\u00e9s de la Retirada. Les premiers Espagnols arriv\u00e8rent \u00e0 Agde le 28 f\u00e9vrier. Au mois de mai ils \u00e9taient 25 000 dans des baraques de bois, sur un terrain de 30 hectares. En septembre 1939, seuls quelques Espagnols restaient au camp avant l\u2019arriv\u00e9e de  Tch\u00e9coslovaques. Suite aux accords de Munich, une partie de cette arm\u00e9e en exil s\u2019installa \u00e0 Agde afin de pr\u00e9parer les combats futurs aux c\u00f4t\u00e9s des Alli\u00e9s. A la fin du mois de mai 1940, le camp d\u2019Agde \u00e9tait d\u00e9sign\u00e9 comme lieu d\u2019accueil des jeunes appel\u00e9s belges (CRAB). D\u00e8s la fin juin, ils \u00e9taient rejoints par un d\u00e9tachement de soldats nord africains. En septembre 1940, la Premi\u00e8re L\u00e9gion des travailleurs indochinois (Tonkin, Annam et Cochinchine) s\u2019installa au camp n\u00b01. Depuis la d\u00e9claration de guerre, des \u00e9trangers issus de nombreuses nationalit\u00e9s, int\u00e9gr\u00e9s dans les groupements de travailleurs \u00e9taient \u00e9galement assign\u00e9s \u00e0 r\u00e9sidence au camp.<\/p>\n<p>Page la plus sombre du camp : l\u2019internement de familles juives \u00e0 la fin de l\u2019ann\u00e9e 1940 et d\u00e9but 1941. Ces derni\u00e8res quitt\u00e8rent ensuite Agde pour d\u2019autres camps. Mais en ao\u00fbt 1942, c\u2019est au camp d\u2019Agde que furent rassembl\u00e9s les Juifs rafl\u00e9s dans le d\u00e9partement. Ils \u00e9taient nombreux depuis 1940 \u00e0 avoir trouv\u00e9 refuge en ville. Parmi les courageux Agathois leur \u00e9tant venus en aide, huit ont re\u00e7u la m\u00e9daille des justes. Le camp avait quasiment cess\u00e9 de fonctionner \u00e0 l\u2019arriv\u00e9e des Allemands, en novembre 1942. Apr\u00e8s le d\u00e9part de l\u2019occupant, il ne resta plus sur son emplacement que les all\u00e9es de pouzzolane bien vite recouvertes par des lotissements, mais le souvenir des populations qui y v\u00e9curent devait perdurer.<\/p>\n<p>Depuis 2009, les Archives d\u2019Agde poursuivent leur travail de collecte de documents et de t\u00e9moignages sur l\u2019histoire du camp et de la Seconde Guerre mondiale, en collaboration avec les collectionneurs Georges Cl\u00e9ophas et Jo Vilamosa, et l\u2019Association pour la m\u00e9moire du camp d\u2019Agde (AMCA). L\u2019exposition \u00ab Les R\u00e9publicains espagnols au camp d\u2019Agde \u00bb, pr\u00e9sent\u00e9e dans les \u00e9tablissements scolaires, contribue \u00e0 la connaissance du camp par les jeunes g\u00e9n\u00e9rations.<\/p>\n<p><strong>Agde 1939-1942. Un camp aux portes de la ville<\/strong><\/p>\n<p>En f\u00e9vrier 1939, Agde compte 9 000 habitants quand l\u2019arm\u00e9e d\u00e9cide de construire \u00e0 ses portes un camp destin\u00e9 \u00e0 l\u2019accueil de 25 000 r\u00e9publicains espagnols. Ces derniers sont remplac\u00e9s \u00e0 la d\u00e9claration de guerre par les soldats de l\u2019arm\u00e9e tch\u00e9coslovaque, rejoints un an plus tard par des travailleurs indochinois. En mai-juin 1940, la ville accueille un grand nombre de r\u00e9fugi\u00e9s fran\u00e7ais mais aussi Belges, Polonais, Tch\u00e9coslovaques parmi lesquels des Juifs, dont nombre seront intern\u00e9s au camp.<\/p>\n<p>Apr\u00e8s la bataille de France la ville pleure ses soldats morts au front tandis que l\u2019inqui\u00e9tude grandit pour ceux qui sont d\u00e9sormais prisonniers en Allemagne. A l\u2019h\u00f4tel de ville, le r\u00e9gime du mar\u00e9chal P\u00e9tain imprime sa marque, le maire est maintenu, le conseil municipal modifi\u00e9, tandis que les conditions de vie des Agathois se durcissent. Au moment de la rafle d\u2019ao\u00fbt 1942, le camp d\u2019Agde est le lieu de regroupement des Isra\u00e9lites de l\u2019H\u00e9rault. Pendant ses jours douloureux, Sabine Zlatin est pr\u00e9sente et obtient la lib\u00e9ration d\u2019une centaine d\u2019enfants juifs.<\/p>\n<p>Ouvrage num\u00e9rique \u00ab\u00a0Agde 1939-1942. Un camp aux portes de la ville\u00a0\u00bb<\/p>\n<p><a href=\"https:\/\/www.ville-agde.fr\/page-flip\/614a63f391714\">https:\/\/www.ville-agde.fr\/page-flip\/614a63f391714<\/a><br \/>\n<a href=\"https:\/\/retirada37.com\/wp-content\/uploads\/2021\/09\/agde.png\"><img loading=\"lazy\" decoding=\"async\" src=\"https:\/\/retirada37.com\/wp-content\/uploads\/2021\/09\/agde.png\" alt=\"\" width=\"366\" height=\"556\" class=\"alignnone size-full wp-image-3513\" srcset=\"https:\/\/retirada37.com\/wp-content\/uploads\/2021\/09\/agde.png 366w, https:\/\/retirada37.com\/wp-content\/uploads\/2021\/09\/agde-197x300.png 197w\" sizes=\"auto, (max-width: 366px) 100vw, 366px\" \/><\/a><\/p>\n<p><a href=\"https:\/\/www.ville-agde.fr\/la-mairie\/archives-municipales\/camp-agde\">https:\/\/www.ville-agde.fr\/la-mairie\/archives-municipales\/camp-agde<\/a><\/p>\n","protected":false},"excerpt":{"rendered":"<p>Lieux de m\u00e9moire incontournable de l\u2019histoire de la ville au XXe si\u00e8cle, le monument du camp d\u2019Agde se tient aujourd\u2019hui \u00e0 l&rsquo;intersection de la route des 7 Fonts et de la rue Jean Moulin, pr\u00e8s du coll\u00e8ge Ren\u00e9 Cassin. Inaugur\u00e9 en 1989, il marque symboliquement l&rsquo;entr\u00e9e du camp et rend hommage \u00e0 toutes les nationalit\u00e9s &hellip; <a href=\"https:\/\/retirada37.com\/?p=3512\" class=\"more-link\">Continuer la lecture de <span class=\"screen-reader-text\">LE CAMP D&rsquo;AGDE<\/span>  <span class=\"meta-nav\">&rarr;<\/span><\/a><\/p>\n","protected":false},"author":3,"featured_media":0,"comment_status":"open","ping_status":"open","sticky":false,"template":"","format":"standard","meta":{"_bbp_topic_count":0,"_bbp_reply_count":0,"_bbp_total_topic_count":0,"_bbp_total_reply_count":0,"_bbp_voice_count":0,"_bbp_anonymous_reply_count":0,"_bbp_topic_count_hidden":0,"_bbp_reply_count_hidden":0,"_bbp_forum_subforum_count":0,"footnotes":""},"categories":[2,14,15],"tags":[],"class_list":["post-3512","post","type-post","status-publish","format-standard","hentry","category-actualites","category-histoire","category-temoignages-et-recits"],"_links":{"self":[{"href":"https:\/\/retirada37.com\/index.php?rest_route=\/wp\/v2\/posts\/3512","targetHints":{"allow":["GET"]}}],"collection":[{"href":"https:\/\/retirada37.com\/index.php?rest_route=\/wp\/v2\/posts"}],"about":[{"href":"https:\/\/retirada37.com\/index.php?rest_route=\/wp\/v2\/types\/post"}],"author":[{"embeddable":true,"href":"https:\/\/retirada37.com\/index.php?rest_route=\/wp\/v2\/users\/3"}],"replies":[{"embeddable":true,"href":"https:\/\/retirada37.com\/index.php?rest_route=%2Fwp%2Fv2%2Fcomments&post=3512"}],"version-history":[{"count":3,"href":"https:\/\/retirada37.com\/index.php?rest_route=\/wp\/v2\/posts\/3512\/revisions"}],"predecessor-version":[{"id":3516,"href":"https:\/\/retirada37.com\/index.php?rest_route=\/wp\/v2\/posts\/3512\/revisions\/3516"}],"wp:attachment":[{"href":"https:\/\/retirada37.com\/index.php?rest_route=%2Fwp%2Fv2%2Fmedia&parent=3512"}],"wp:term":[{"taxonomy":"category","embeddable":true,"href":"https:\/\/retirada37.com\/index.php?rest_route=%2Fwp%2Fv2%2Fcategories&post=3512"},{"taxonomy":"post_tag","embeddable":true,"href":"https:\/\/retirada37.com\/index.php?rest_route=%2Fwp%2Fv2%2Ftags&post=3512"}],"curies":[{"name":"wp","href":"https:\/\/api.w.org\/{rel}","templated":true}]}}