{"id":3489,"date":"2021-09-04T12:52:41","date_gmt":"2021-09-04T11:52:41","guid":{"rendered":"http:\/\/retirada37.com\/?p=3489"},"modified":"2021-09-04T13:00:07","modified_gmt":"2021-09-04T12:00:07","slug":"activites-passee-et-a-venir-des-associations-de-caminar","status":"publish","type":"post","link":"https:\/\/retirada37.com\/?p=3489","title":{"rendered":"Activit\u00e9s pass\u00e9es et \u00e0 venir des associations de Caminar"},"content":{"rendered":"<p>Depuis de trop nombreux mois, les activit\u00e9s des associations en g\u00e9n\u00e9ral et les associations m\u00e9morielles en particulier, sont tr\u00e8s handicap\u00e9es par la crise sanitaire.<br \/>\nDe nombreuses associations n\u2019ont pu se r\u00e9unir, des r\u00e9unions telles que des Conseil d\u2019administrations ou Assembl\u00e9es g\u00e9n\u00e9rales n\u2019ont pu se tenir.<\/p>\n<p>Jusqu\u2019\u00e0 maintenant nous n\u2019avons pu r\u00e9unir le CA de Caminar, la derni\u00e8re r\u00e9union date du 6 f\u00e9vrier 2021 lors de l\u2019AG.<\/p>\n<p>Le bureau de Caminar s\u2019est r\u00e9uni deux fois en visio conf\u00e9rence, et comme vous s\u00fbrement, il nous tarde de tous nous retrouver.<\/p>\n<p>N\u00e9anmoins, dans cette crise sanitaire que nous traversons, quelques associations ont pu organiser des festivit\u00e9s, des comm\u00e9morations ou autres, comme vous pourrez le lire ci-dessous.<\/p>\n<p>Prenez bien soin de vous,<\/p>\n<p><strong>Le bureau de Caminar<\/strong><\/p>\n<p>&#8211; Les 20 et 21 juin de chaque ann\u00e9e sont des dates symboliques \u00e0 Francescas, Condom et Castelnau sur Auvignon.<br \/>\nC&rsquo;est le samedi 19 juin que MER 47 et MERR 32 se sont retrouv\u00e9es \u00e0 Francescas devant la st\u00e8le \u00e9rig\u00e9e en souvenir des cinq r\u00e9publicains espagnols du maquis de Castelnau sur Auvignon tomb\u00e9s en ce lieu sous les balles allemandes.<br \/>\nLe 21 juin, c\u2019est au cimeti\u00e8re de Condom o\u00f9 ils reposent que Jean Claude DABE, vice-pr\u00e9sident de MERR 32, a \u00e9voqu\u00e9 le souvenir de ces combattants r\u00e9publicains et de ceux tomb\u00e9s le 21 juin 1944 lors de l\u2019attaque du<br \/>\nvillage de Castelnau sur Auvignon. Quatorze r\u00e9sistants dont dix gu\u00e9rilleros espagnols \u00e9taient tomb\u00e9s en effet ce jour-l\u00e0 sous les balles nazies.<\/p>\n<p>Belle initiative de ces deux associations de Caminar.<\/p>\n<p>&#8211; Le 14 juillet dernier, \u00e0 Biert en Ari\u00e8ge, des hommages ont \u00e9t\u00e9 rendus \u00e0 Josep Almudever, disparu il y a peu.<br \/>\nCes hommages sont \u00e0 l&rsquo;initiative du Maire nouvellement \u00e9lu \u00e0 Biert, Gilbert Lazaroo, membre de MRAST. Joseph faisait partie du groupe \u00e0 travers notre association MRAST, MHVA \u00e0 Aulus et surtout avec Terre de Fraternit\u00e9 et notre Ami Guy Saurat..<\/p>\n<p>Une citation au monument au mort avec le drapeau des Brigades, un hommage aux D\u00e9port\u00e9s, et un concert avec El Comunero en l\u2019honneur de notre Ami\u2026<\/p>\n<p>&#8211; Le 18 juillet, nos amis de MER 64 et de TML ont particip\u00e9 \u00e0 la c\u00e9r\u00e9monie comm\u00e9morative en hommage aux victimes civiles et de la R\u00e9sistance du 17 juillet 1944 \u00e0 Buziet.<\/p>\n<p>&#8211; Les 19 et 20 ao\u00fbt, nos amis des Charentes &#8211; APFEEF &#8211; ont organis\u00e9 \u2013 dans le cadre de la comm\u00e9moration du d\u00e9part du train des 927 R\u00e9publicains espagnols pour Mauthausen \u2013 une soir\u00e9e spectacle avec la diffusion du film \u00ab\u00a0La lengua de Las Mariposas\u00a0\u00bb. Le 20 ao\u00fbt, une c\u00e9r\u00e9monie a eu lieu devant la gare d&rsquo;Angoul\u00eame &#8211; devant la st\u00e8le en hommage aux 927 &#8211;  en pr\u00e9sence de nombreuses personnalit\u00e9s. Caminar \u00e9tait pr\u00e9sent \u00e0 cette c\u00e9r\u00e9monie.<\/p>\n<p>&#8211; Les 11 et 12 septembre prochain, TML organise en partenariat avec le Comit\u00e9 Sousa Mendes des manifestations et une c\u00e9r\u00e9monie au camp de Gurs.<\/p>\n<p>Seront pr\u00e9sents, pour le Gouvernement du Portugal Augusto SANTOS  SILVA Ministre d&rsquo;\u00c9tat et des Affaires \u00e9trang\u00e8res du Portugal et pour le Gouvernement d\u2019Espagne, Fernando MART\u00cdNEZ L\u00d3PEZ, Secr\u00e9taire d&rsquo;\u00c9tat \u00e0 la M\u00e9moire d\u00e9mocratique et  son Directeur de Cabinet. Alfonso BERLANGA REYES, ainsi que des \u00e9lus des autonomies transfrontali\u00e8res.<\/p>\n<p>&#8211; L\u2019Ateneo du Limousin n\u2019est pas en reste et envisage plusieurs initiatives pour la rentr\u00e9e du mois de septembre.<\/p>\n<p>&#8211; Georges Sentis &#8211; notre ami intervenant au colloque de Toulouse &#8211;  nous fait part d&rsquo;une c\u00e9r\u00e9monie qui aura lieu \u00e0 Port-Vendres le dimanche 26 septembre 2021 \u00e0 11 h.<\/p>\n<p>La d\u00e9portation en Alg\u00e9rie de 1 200 r\u00e9publicains espagnols n&rsquo;est pas tomb\u00e9e dans l&rsquo;oubli !<\/p>\n<p>Une c\u00e9r\u00e9monie aura lieu pour le 80\u00b0 anniversaire de la \u00ab d\u00e9portation \u00bb en Alg\u00e9rie de 500 \u00ab ind\u00e9sirables \u00bb fran\u00e7ais (syndicalistes) et de 1500 \u00ab ind\u00e9sirables \u00bb \u00e9trangers ( anciens combattants des Brigades Internationales et R\u00e9publicains espagnols). <\/p>\n<p>&#8211; Contre l\u2019oubli aux Montreurs d\u2019Images<\/p>\n<p>Caminar, l\u2019Institut d\u2019Histoire Sociale de la CGT, les Editions d\u2019Albret et MER 47 seront accueillis le 30 septembre prochain dans une initiative commune par les Montreurs d\u2019Images \u00e0 Agen.<\/p>\n<p>Seront pr\u00e9sent\u00e9s \u00e0 cette occasion les Actes des Journ\u00e9es Caminar organis\u00e9es \u00e0 Toulouse au mois d\u2019octobre 2019. Cet ouvrage bilingue de plus de six cents pages restitue les diff\u00e9rentes communications pr\u00e9sent\u00e9es par des conf\u00e9renciers venus d\u2019horizons divers, chercheurs, universitaires, repr\u00e9sentants d\u2019associations m\u00e9morielles, t\u00e9moins.<\/p>\n<p>Sera \u00e9galement \u00e0 l\u2019honneur \u00ab P\u00e9ril de la Libert\u00e9 \u00bb, un livre \u00e9crit par David LLAMAS, un ami investi depuis toujours \u00e0 MER 47. L\u2019histoire des siens, de la proclamation de la R\u00e9publique aux souffrances de la retirada et de l\u2019exil, constitue la trame de cet ouvrage.<\/p>\n<p>La journ\u00e9e se terminera \u00e0 20 heures 30 par la projection du film d\u2019animation \u00ab Josep \u00bb r\u00e9alis\u00e9 par le dessinateur de presse Aurel. Un film sur la \u00ab retirada \u00bb v\u00e9cue par l\u2019artiste catalan Josep Bartoli. La projection de ce film, nomm\u00e9 meilleur film d\u2019animation aux C\u00e9sar 2021, sera suivie d\u2019un d\u00e9bat.<\/p>\n<p>&#8211; La c\u00e9r\u00e9monie \u00e0 Gaillon, repouss\u00e9e depuis deux fois pour cause de Covid, et initialement pr\u00e9vue pour d\u00e9but octobre, est une nouvelle fois repouss\u00e9e pour des raisons<br \/>\nsanitaires. Plusieurs pistes sont d&rsquo;ores et d\u00e9j\u00e0 envisag\u00e9es et nous vous tiendrons au courant de l\u2019\u00e9volution de la situation.<\/p>\n<p>Ce sont nos amis de MHRE89 qui repr\u00e9senteront Caminar.<\/p>\n<p>&#8211; Les prochaines Rencontres Transfrontali\u00e8res auront lieu \u00e0 Maul\u00e9on les 8, 9 et 10 octobre prochain.<br \/>\nCe seront les 10\u00e8mes rencontres. TML est l&rsquo;organisateur de ces rencontres, o\u00f9 Caminar y sera repr\u00e9sent\u00e9.<\/p>\n","protected":false},"excerpt":{"rendered":"<p>Depuis de trop nombreux mois, les activit\u00e9s des associations en g\u00e9n\u00e9ral et les associations m\u00e9morielles en particulier, sont tr\u00e8s handicap\u00e9es par la crise sanitaire. De nombreuses associations n\u2019ont pu se r\u00e9unir, des r\u00e9unions telles que des Conseil d\u2019administrations ou Assembl\u00e9es g\u00e9n\u00e9rales n\u2019ont pu se tenir. Jusqu\u2019\u00e0 maintenant nous n\u2019avons pu r\u00e9unir le CA de Caminar, &hellip; <a href=\"https:\/\/retirada37.com\/?p=3489\" class=\"more-link\">Continuer la lecture de <span class=\"screen-reader-text\">Activit\u00e9s pass\u00e9es et \u00e0 venir des associations de Caminar<\/span>  <span class=\"meta-nav\">&rarr;<\/span><\/a><\/p>\n","protected":false},"author":3,"featured_media":0,"comment_status":"open","ping_status":"open","sticky":false,"template":"","format":"standard","meta":{"_bbp_topic_count":0,"_bbp_reply_count":0,"_bbp_total_topic_count":0,"_bbp_total_reply_count":0,"_bbp_voice_count":0,"_bbp_anonymous_reply_count":0,"_bbp_topic_count_hidden":0,"_bbp_reply_count_hidden":0,"_bbp_forum_subforum_count":0,"footnotes":""},"categories":[2],"tags":[],"class_list":["post-3489","post","type-post","status-publish","format-standard","hentry","category-actualites"],"_links":{"self":[{"href":"https:\/\/retirada37.com\/index.php?rest_route=\/wp\/v2\/posts\/3489","targetHints":{"allow":["GET"]}}],"collection":[{"href":"https:\/\/retirada37.com\/index.php?rest_route=\/wp\/v2\/posts"}],"about":[{"href":"https:\/\/retirada37.com\/index.php?rest_route=\/wp\/v2\/types\/post"}],"author":[{"embeddable":true,"href":"https:\/\/retirada37.com\/index.php?rest_route=\/wp\/v2\/users\/3"}],"replies":[{"embeddable":true,"href":"https:\/\/retirada37.com\/index.php?rest_route=%2Fwp%2Fv2%2Fcomments&post=3489"}],"version-history":[{"count":3,"href":"https:\/\/retirada37.com\/index.php?rest_route=\/wp\/v2\/posts\/3489\/revisions"}],"predecessor-version":[{"id":3492,"href":"https:\/\/retirada37.com\/index.php?rest_route=\/wp\/v2\/posts\/3489\/revisions\/3492"}],"wp:attachment":[{"href":"https:\/\/retirada37.com\/index.php?rest_route=%2Fwp%2Fv2%2Fmedia&parent=3489"}],"wp:term":[{"taxonomy":"category","embeddable":true,"href":"https:\/\/retirada37.com\/index.php?rest_route=%2Fwp%2Fv2%2Fcategories&post=3489"},{"taxonomy":"post_tag","embeddable":true,"href":"https:\/\/retirada37.com\/index.php?rest_route=%2Fwp%2Fv2%2Ftags&post=3489"}],"curies":[{"name":"wp","href":"https:\/\/api.w.org\/{rel}","templated":true}]}}