{"id":338,"date":"2015-09-19T14:48:16","date_gmt":"2015-09-19T13:48:16","guid":{"rendered":"http:\/\/retirada37.com\/?p=338"},"modified":"2015-09-19T14:48:16","modified_gmt":"2015-09-19T13:48:16","slug":"a-lire-ou-a-relire-revolution-et-contre-revolution-en-catalogne-1936-1937-de-carlos-semprun-maura","status":"publish","type":"post","link":"https:\/\/retirada37.com\/?p=338","title":{"rendered":"A lire ou \u00e0 relire : \u00ab\u00a0R\u00e9volution et contre r\u00e9volution en Catalogne, 1936-1937\u00a0\u00bb de Carlos SEMPRUN MAURA"},"content":{"rendered":"<p><a href=\"https:\/\/retirada37.com\/wp-content\/uploads\/2015\/09\/Pr\u00e9sentation1-revolution-et-contre-rev.jpg\"><img loading=\"lazy\" decoding=\"async\" class=\"alignnone size-medium wp-image-345\" src=\"https:\/\/retirada37.com\/wp-content\/uploads\/2015\/09\/Pr\u00e9sentation1-revolution-et-contre-rev-300x225.jpg\" alt=\"Pr\u00e9sentation1 revolution et contre rev\" width=\"300\" height=\"225\" srcset=\"https:\/\/retirada37.com\/wp-content\/uploads\/2015\/09\/Pr\u00e9sentation1-revolution-et-contre-rev-300x225.jpg 300w, https:\/\/retirada37.com\/wp-content\/uploads\/2015\/09\/Pr\u00e9sentation1-revolution-et-contre-rev.jpg 960w\" sizes=\"auto, (max-width: 300px) 100vw, 300px\" \/><\/a>La guerre d\u2019Espagne n\u2019a pas \u00e9t\u00e9 seulement une terrible guerre civile.<\/p>\n<p>En effet, une tentative de r\u00e9volution sociale avait vu le jour quelque temps auparavant dans diverses r\u00e9gions d\u2019Espagne et s\u2019est poursuivi pendant la guerre civile.<\/p>\n<p>L\u2019ouvrage \u00ab\u00a0R\u00e9volution et contre r\u00e9volution en Catalogne (1936-1937)\u00a0\u00bb de Carlos SEMPRUN MAURA retrace de fa\u00e7on tr\u00e8s d\u00e9taill\u00e9e cette tentative en Catalogne et en Aragon.<\/p>\n<p>Il s\u2019appuie notamment sur les \u00e9crits, r\u00e8glements, tracts, lois, d\u00e9clarations, \u2026 des diff\u00e9rentes parties antifranquistes (gouvernement r\u00e9publicain l\u00e9gal, staliniens, communistes mod\u00e9r\u00e9s, socialistes et surtout les mouvements libertaires, acteurs majeurs de cette tentative).<\/p>\n<p>On trouvera sur la deuxi\u00e8me photo jointe \u00e0 l\u2019article un r\u00e9sum\u00e9 du sujet du livre (double click pour l&rsquo;agrandir).<\/p>\n<p>Le livre est passionnant mais le nombre de documents \u00e0 caract\u00e8re plus ou moins administratifs rapport\u00e9s et comment\u00e9s peut rebuter certains lecteurs.<\/p>\n<p>J\u2019ai not\u00e9 quelques points qui ont particuli\u00e8rement attir\u00e9 mon int\u00e9r\u00eat\u00a0:<\/p>\n<ul>\n<li>L\u2019\u00e9tendue des collectivisations et de l\u2019autogestion agricoles et industrielles mises en place dans le cadre de cette tentative de r\u00e9volution sociale, collectivisations qui ont perdur\u00e9 longtemps en Aragon.<\/li>\n<li>La suppression par les anarchistes et leurs milices des anciennes hi\u00e9rarchies et bureaucratie existantes, afin de mettre en place les leurs non moins pesantes.<\/li>\n<li>L\u2019opposition, jusqu\u2019au divorce, au sein des mouvements libertaires, des militants de base et des dirigeants compromis avec les autres parties.<\/li>\n<li>Les alliances \u00ab\u00a0contre nature\u00a0\u00bb, notamment entre les r\u00e9publicains de la G\u00e9n\u00e9ralit\u00e9 catalane (le gouvernement l\u00e9gal) et les communistes staliniens dans le but de d\u00e9truire cette tentative libertaire, y compris avec une terrible violence.<\/li>\n<\/ul>\n<p>Nous savions depuis longtemps qu\u2019au sein de la guerre civile, une autre guerre fratricide avait eu lieu. Mais la description d\u00e9taill\u00e9e de cette p\u00e9riode d\u00e9sastreuse inspire consternation et m&rsquo;interroge\u00a0: comment les \u00ab\u00a0R\u00e9publicains\u00a0\u00bb auraient-ils pu gagner \u2026<\/p>\n<p>L\u2019auteur\u00a0est Carlos SEMPRUN MAURA, fr\u00e8re de l\u2019\u00e9crivain Jorge SEMPRUN.<\/p>\n<p>A la lecture du livre, on devine ses sympathies libertaires.<\/p>\n<p><a href=\"https:\/\/fr.wikipedia.org\/wiki\/Carlos_Sempr%C3%BAn_Maura\"><u>https:\/\/fr.wikipedia.org\/wiki\/Carlos_Sempr%C3%BAn_Maura<\/u><\/a><\/p>\n<p>A noter que le livre a \u00e9t\u00e9 imprim\u00e9 par l\u2019imprimerie tourangelle MAME en 1974.<\/p>\n<p>&nbsp;<\/p>\n","protected":false},"excerpt":{"rendered":"<p>La guerre d\u2019Espagne n\u2019a pas \u00e9t\u00e9 seulement une terrible guerre civile. En effet, une tentative de r\u00e9volution sociale avait vu le jour quelque temps auparavant dans diverses r\u00e9gions d\u2019Espagne et s\u2019est poursuivi pendant la guerre civile. L\u2019ouvrage \u00ab\u00a0R\u00e9volution et contre r\u00e9volution en Catalogne (1936-1937)\u00a0\u00bb de Carlos SEMPRUN MAURA retrace de fa\u00e7on tr\u00e8s d\u00e9taill\u00e9e cette tentative &hellip; <a href=\"https:\/\/retirada37.com\/?p=338\" class=\"more-link\">Continuer la lecture de <span class=\"screen-reader-text\">A lire ou \u00e0 relire : \u00ab\u00a0R\u00e9volution et contre r\u00e9volution en Catalogne, 1936-1937\u00a0\u00bb de Carlos SEMPRUN MAURA<\/span>  <span class=\"meta-nav\">&rarr;<\/span><\/a><\/p>\n","protected":false},"author":1,"featured_media":0,"comment_status":"open","ping_status":"open","sticky":false,"template":"","format":"standard","meta":{"_bbp_topic_count":0,"_bbp_reply_count":0,"_bbp_total_topic_count":0,"_bbp_total_reply_count":0,"_bbp_voice_count":0,"_bbp_anonymous_reply_count":0,"_bbp_topic_count_hidden":0,"_bbp_reply_count_hidden":0,"_bbp_forum_subforum_count":0,"footnotes":""},"categories":[14,15],"tags":[],"class_list":["post-338","post","type-post","status-publish","format-standard","hentry","category-histoire","category-temoignages-et-recits"],"_links":{"self":[{"href":"https:\/\/retirada37.com\/index.php?rest_route=\/wp\/v2\/posts\/338","targetHints":{"allow":["GET"]}}],"collection":[{"href":"https:\/\/retirada37.com\/index.php?rest_route=\/wp\/v2\/posts"}],"about":[{"href":"https:\/\/retirada37.com\/index.php?rest_route=\/wp\/v2\/types\/post"}],"author":[{"embeddable":true,"href":"https:\/\/retirada37.com\/index.php?rest_route=\/wp\/v2\/users\/1"}],"replies":[{"embeddable":true,"href":"https:\/\/retirada37.com\/index.php?rest_route=%2Fwp%2Fv2%2Fcomments&post=338"}],"version-history":[{"count":10,"href":"https:\/\/retirada37.com\/index.php?rest_route=\/wp\/v2\/posts\/338\/revisions"}],"predecessor-version":[{"id":349,"href":"https:\/\/retirada37.com\/index.php?rest_route=\/wp\/v2\/posts\/338\/revisions\/349"}],"wp:attachment":[{"href":"https:\/\/retirada37.com\/index.php?rest_route=%2Fwp%2Fv2%2Fmedia&parent=338"}],"wp:term":[{"taxonomy":"category","embeddable":true,"href":"https:\/\/retirada37.com\/index.php?rest_route=%2Fwp%2Fv2%2Fcategories&post=338"},{"taxonomy":"post_tag","embeddable":true,"href":"https:\/\/retirada37.com\/index.php?rest_route=%2Fwp%2Fv2%2Ftags&post=338"}],"curies":[{"name":"wp","href":"https:\/\/api.w.org\/{rel}","templated":true}]}}