{"id":3348,"date":"2021-03-21T08:00:42","date_gmt":"2021-03-21T07:00:42","guid":{"rendered":"http:\/\/retirada37.com\/?p=3348"},"modified":"2021-03-19T17:20:38","modified_gmt":"2021-03-19T16:20:38","slug":"france-navigation-3-5","status":"publish","type":"post","link":"https:\/\/retirada37.com\/?p=3348","title":{"rendered":"France Navigation 3\/5"},"content":{"rendered":"<p>Avant de poursuivre notre r\u00e9cit sur la livraison d\u2019armes par France-Navigation \u00e0 la R\u00e9publique espagnole, il faut \u00e9voquer une s\u00e9quence particuli\u00e8rement dramatique de l\u2019histoire de la compagnie\u00a0: l\u2019\u00e9vacuation de r\u00e9fugi\u00e9s de Bilbao. En juin 1937, la capitale du pays basque tombe aux mains des fascistes. Pour fuir, les r\u00e9fugi\u00e9s, femmes, enfants, malades, n\u2019ont que la mer. France-Navigation\u00a0dispose de bateaux (notamment le Ploubazlanec) qui pourraient \u00e9vacuer une partie de cette population mais ils risquent de subir les attaques des franquistes. Solution\u00a0? il faudrait le soutien de la marine de guerre fran\u00e7aise.<br \/>\nAussi, une nuit de juin 1937, une d\u00e9l\u00e9gation du Comit\u00e9 international pour l\u2019aide \u00e0 l\u2019Espagne se rend chez le premier ministre L\u00e9on Blum pour demander l\u2019aide des militaires. Blum et son gouvernement, on le sait, ont opt\u00e9 pour \u00ab\u00a0la non-intervention\u00a0\u00bb. Telle est l\u2019orientation officielle mais celle-ci, on va le voir, se heurte, au sein m\u00eame de l\u2019administration, \u00e0 des r\u00e9ticences, des r\u00e9sistances. La d\u00e9l\u00e9gation est compos\u00e9e du physicien Paul Langevin, d\u2019\u00c9mile Dutilleul, tr\u00e9sorier du PCF, et de Giulio Ceretti, alias Pierre Allard. \u00ab\u00a0\u00c0 22 heures, on tirait la sonnette Quai Bourbon au domicile du Pr\u00e9sident du Conseil.\u00a0\u00bb L\u00e9on Blum les re\u00e7oit en compagnie de Max Dormoy, ministre de l\u2019Int\u00e9rieur du Front populaire. Blum \u00e9coute\u00a0Langevin qui se fait l\u2019avocat, avec beaucoup de force, d\u2019une intervention de nature humanitaire \u00e0 Bilbao. \u00c0 la suite de Langevin, Ceretti intervient, il explique en d\u00e9tail le plan de sauvetage. Le ministre de l\u2019Int\u00e9rieur d\u00e9clare alors\u00a0: \u00ab\u00a0Comme par le pass\u00e9, le gouvernement n\u2019ordonnerait pas d\u2019enqu\u00eate sur ces mouvements clandestins de bateaux\u00a0\u00bb. Ce qui est d\u00e9j\u00e0 un signe. Ceretti appr\u00e9cie mais il rappelle que ce qui est demand\u00e9, c\u2019est une aide militaire de la France pour accompagner les bateaux de France-Navigation jusqu\u2019au port basque.<br \/>\nBlum h\u00e9site. Dans ses M\u00e9moires, Ceretti d\u00e9crit le premier ministre marchant de long en large dans le salon. Paul Langevin insiste\u00a0: \u00ab\u00a0Il s\u2019agit de sauver des enfants, Monsieur le Pr\u00e9sident.\u00a0\u00bb Blum demeure encore tout un temps ind\u00e9cis, puis il assure qu\u2019il va parler au ministre de la Marine et demande \u00e0 la d\u00e9l\u00e9gation d\u2019aller tout de suite voir ce dernier. C\u2019est le radical C\u00e9sar Campinchi qui re\u00e7oit la m\u00eame nuit le trio dans son minist\u00e8re. Blum vient de lui t\u00e9l\u00e9phoner. Ceretti raconte\u00a0: \u00ab\u00a0Il ne posa aucune question mais il appela son chef de cabinet et l\u2019ordre fut donn\u00e9 \u00e0 tous les b\u00e2timents se trouvant au large de Bordeaux d\u2019appareiller et de se diriger rapidement sur Bilbao pour prendre sous protection de la France les bateaux de tout genre charg\u00e9s de r\u00e9fugi\u00e9s basques. (\u2026) Pour une fois, un ministre prenait ses responsabilit\u00e9s.\u00bb<br \/>\nSur cette op\u00e9ration, la marine (l\u2019amiral Tavera notamment) joue le jeu\u00a0; elle fait pr\u00e9venir les b\u00e2timents de guerre espagnols qu\u2019elle attaquerait tout navire qui intercepterait les bateaux en provenance de Bilbao et transportant des enfants, des femmes, des malades.<br \/>\n\u00ab Nous avions gagn\u00e9, \u00e9crit Ceretti. La caravane flottante, escort\u00e9e par la marine militaire fran\u00e7aise, put rejoindre les ports les plus rapproch\u00e9s de la c\u00f4te atlantique.\u00a0\u00bb<br \/>\nCette s\u00e9quence montre que si la volont\u00e9 avait \u00e9t\u00e9 l\u00e0, d\u00e8s 1936, une autre politique que la \u00ab\u00a0non-intervention\u00a0\u00bb aurait \u00e9t\u00e9 possible, efficace. Elle indique aussi que la position communiste d\u2019aide \u00e0 la R\u00e9publique espagnole est alors largement partag\u00e9e \u00e0 gauche (les meetings de l\u2019\u00e9poque, communistes mais aussi socialistes, r\u00e9sonnent du mot d\u2019ordre \u00ab\u00a0Des canons, des avions pour l\u2019Espagne\u00a0!\u00a0\u00bb)\u00a0; cette position a l\u2019oreille de toute une partie de l\u2019opinion, elle trouve un \u00e9cho dans certains milieux dirigeants de l\u2019\u00c9tat. Comme le dit le ministre de l\u2019Int\u00e9rieur, l\u2019\u00c9tat n\u2019ordonna pas d\u2019enqu\u00eate sur \u00ab\u00a0ces mouvements clandestins de bateaux\u00a0\u00bb. On peut ajouter que l\u2019aide discr\u00e8te d\u2019une partie de l\u2019administration fran\u00e7aise, m\u00eame de la haute administration, on pense notamment aux douanes, aux transports, sera importante pour permettre d\u2019acheminer \u00e0 travers tout le territoire, sans trop de complications, de l\u2019armement militaire vers l\u2019Espagne.\u00a0<br \/>\nG\u00e9rard Streiff<\/p>\n","protected":false},"excerpt":{"rendered":"<p>Avant de poursuivre notre r\u00e9cit sur la livraison d\u2019armes par France-Navigation \u00e0 la R\u00e9publique espagnole, il faut \u00e9voquer une s\u00e9quence particuli\u00e8rement dramatique de l\u2019histoire de la compagnie\u00a0: l\u2019\u00e9vacuation de r\u00e9fugi\u00e9s de Bilbao. En juin 1937, la capitale du pays basque tombe aux mains des fascistes. Pour fuir, les r\u00e9fugi\u00e9s, femmes, enfants, malades, n\u2019ont que la &hellip; <a href=\"https:\/\/retirada37.com\/?p=3348\" class=\"more-link\">Continuer la lecture de <span class=\"screen-reader-text\">France Navigation 3\/5<\/span>  <span class=\"meta-nav\">&rarr;<\/span><\/a><\/p>\n","protected":false},"author":2,"featured_media":0,"comment_status":"open","ping_status":"open","sticky":false,"template":"","format":"standard","meta":{"_bbp_topic_count":0,"_bbp_reply_count":0,"_bbp_total_topic_count":0,"_bbp_total_reply_count":0,"_bbp_voice_count":0,"_bbp_anonymous_reply_count":0,"_bbp_topic_count_hidden":0,"_bbp_reply_count_hidden":0,"_bbp_forum_subforum_count":0,"footnotes":""},"categories":[2],"tags":[],"class_list":["post-3348","post","type-post","status-publish","format-standard","hentry","category-actualites"],"_links":{"self":[{"href":"https:\/\/retirada37.com\/index.php?rest_route=\/wp\/v2\/posts\/3348","targetHints":{"allow":["GET"]}}],"collection":[{"href":"https:\/\/retirada37.com\/index.php?rest_route=\/wp\/v2\/posts"}],"about":[{"href":"https:\/\/retirada37.com\/index.php?rest_route=\/wp\/v2\/types\/post"}],"author":[{"embeddable":true,"href":"https:\/\/retirada37.com\/index.php?rest_route=\/wp\/v2\/users\/2"}],"replies":[{"embeddable":true,"href":"https:\/\/retirada37.com\/index.php?rest_route=%2Fwp%2Fv2%2Fcomments&post=3348"}],"version-history":[{"count":1,"href":"https:\/\/retirada37.com\/index.php?rest_route=\/wp\/v2\/posts\/3348\/revisions"}],"predecessor-version":[{"id":3364,"href":"https:\/\/retirada37.com\/index.php?rest_route=\/wp\/v2\/posts\/3348\/revisions\/3364"}],"wp:attachment":[{"href":"https:\/\/retirada37.com\/index.php?rest_route=%2Fwp%2Fv2%2Fmedia&parent=3348"}],"wp:term":[{"taxonomy":"category","embeddable":true,"href":"https:\/\/retirada37.com\/index.php?rest_route=%2Fwp%2Fv2%2Fcategories&post=3348"},{"taxonomy":"post_tag","embeddable":true,"href":"https:\/\/retirada37.com\/index.php?rest_route=%2Fwp%2Fv2%2Ftags&post=3348"}],"curies":[{"name":"wp","href":"https:\/\/api.w.org\/{rel}","templated":true}]}}