{"id":3339,"date":"2021-03-26T10:00:47","date_gmt":"2021-03-26T09:00:47","guid":{"rendered":"http:\/\/retirada37.com\/?p=3339"},"modified":"2021-03-17T19:03:34","modified_gmt":"2021-03-17T18:03:34","slug":"el-eco-de-ostros-pasos","status":"publish","type":"post","link":"https:\/\/retirada37.com\/?p=3339","title":{"rendered":"A posteriori"},"content":{"rendered":"<p>Regards crois\u00e9s sur notre compagnon Emilio Marco et Fran\u00e7ois. Emilio est n\u00e9 en 1921 \u00e0 Falset (Catalogne).Il combattra dans la centurie de Juan Pe\u00f1alver, c\u00e9n\u00e9tiste de Sant Feliu de Llobregat pendant la Guerre d\u2019Espagne. Il passe la fronti\u00e8re en 1939 et sera, comme beaucoup de compagnons, intern\u00e9 dans de nombreux camps. Anti-fasciste convaincu, il s\u2019engagera rapidement dans la R\u00e9sistance. A la fin de la Seconde guerre mondiale, il s\u2019int\u00e9grera petit \u00e0 petit dans la soci\u00e9t\u00e9 fran\u00e7aise et finira \u00e0 Saint-Pierre-des-Corps o\u00f9 il militera jusqu\u2019\u00e0 sa mort le 30 janvier 2013.<\/p>\n<p><strong>Documentaire de Micka\u00ebl Foucault et Ma\u00eblle Maugendre<\/strong><\/p>\n<blockquote>\n<div style=\"position:relative;padding-bottom:56.25%;height:0;overflow:hidden;\"> <iframe loading=\"lazy\" style=\"width:100%;height:100%;position:absolute;left:0px;top:0px;overflow:hidden\" frameborder=\"0\" type=\"text\/html\" src=\"https:\/\/www.dailymotion.com\/embed\/video\/k1mquPnZCQ0TnCwJM17?autoplay=1\" width=\"100%\" height=\"100%\" allowfullscreen allow=\"autoplay\"> <\/iframe> <\/div>\n<\/blockquote>\n<blockquote>\n<div style=\"position:relative;padding-bottom:56.25%;height:0;overflow:hidden;\"> <iframe loading=\"lazy\" style=\"width:100%;height:100%;position:absolute;left:0px;top:0px;overflow:hidden\" frameborder=\"0\" type=\"text\/html\" src=\"https:\/\/www.dailymotion.com\/embed\/video\/k4zB3Lc1rWioe2wJMkq?autoplay=1\" width=\"100%\" height=\"100%\" allowfullscreen allow=\"autoplay\"> <\/iframe> <\/div>\n<\/blockquote>\n<blockquote>\n<div style=\"position:relative;padding-bottom:56.25%;height:0;overflow:hidden;\"> <iframe loading=\"lazy\" style=\"width:100%;height:100%;position:absolute;left:0px;top:0px;overflow:hidden\" frameborder=\"0\" type=\"text\/html\" src=\"https:\/\/www.dailymotion.com\/embed\/video\/k61zWcMN076akwwJMt4?autoplay=1\" width=\"100%\" height=\"100%\" allowfullscreen allow=\"autoplay\"> <\/iframe> <\/div>\n<\/blockquote>\n","protected":false},"excerpt":{"rendered":"<p>Regards crois\u00e9s sur notre compagnon Emilio Marco et Fran\u00e7ois. Emilio est n\u00e9 en 1921 \u00e0 Falset (Catalogne).Il combattra dans la centurie de Juan Pe\u00f1alver, c\u00e9n\u00e9tiste de Sant Feliu de Llobregat pendant la Guerre d\u2019Espagne. Il passe la fronti\u00e8re en 1939 et sera, comme beaucoup de compagnons, intern\u00e9 dans de nombreux camps. Anti-fasciste convaincu, il s\u2019engagera &hellip; <a href=\"https:\/\/retirada37.com\/?p=3339\" class=\"more-link\">Continuer la lecture de <span class=\"screen-reader-text\">A posteriori<\/span>  <span class=\"meta-nav\">&rarr;<\/span><\/a><\/p>\n","protected":false},"author":3,"featured_media":0,"comment_status":"open","ping_status":"open","sticky":false,"template":"","format":"standard","meta":{"_bbp_topic_count":0,"_bbp_reply_count":0,"_bbp_total_topic_count":0,"_bbp_total_reply_count":0,"_bbp_voice_count":0,"_bbp_anonymous_reply_count":0,"_bbp_topic_count_hidden":0,"_bbp_reply_count_hidden":0,"_bbp_forum_subforum_count":0,"footnotes":""},"categories":[14,15,4],"tags":[],"class_list":["post-3339","post","type-post","status-publish","format-standard","hentry","category-histoire","category-temoignages-et-recits","category-videos"],"_links":{"self":[{"href":"https:\/\/retirada37.com\/index.php?rest_route=\/wp\/v2\/posts\/3339","targetHints":{"allow":["GET"]}}],"collection":[{"href":"https:\/\/retirada37.com\/index.php?rest_route=\/wp\/v2\/posts"}],"about":[{"href":"https:\/\/retirada37.com\/index.php?rest_route=\/wp\/v2\/types\/post"}],"author":[{"embeddable":true,"href":"https:\/\/retirada37.com\/index.php?rest_route=\/wp\/v2\/users\/3"}],"replies":[{"embeddable":true,"href":"https:\/\/retirada37.com\/index.php?rest_route=%2Fwp%2Fv2%2Fcomments&post=3339"}],"version-history":[{"count":5,"href":"https:\/\/retirada37.com\/index.php?rest_route=\/wp\/v2\/posts\/3339\/revisions"}],"predecessor-version":[{"id":3344,"href":"https:\/\/retirada37.com\/index.php?rest_route=\/wp\/v2\/posts\/3339\/revisions\/3344"}],"wp:attachment":[{"href":"https:\/\/retirada37.com\/index.php?rest_route=%2Fwp%2Fv2%2Fmedia&parent=3339"}],"wp:term":[{"taxonomy":"category","embeddable":true,"href":"https:\/\/retirada37.com\/index.php?rest_route=%2Fwp%2Fv2%2Fcategories&post=3339"},{"taxonomy":"post_tag","embeddable":true,"href":"https:\/\/retirada37.com\/index.php?rest_route=%2Fwp%2Fv2%2Ftags&post=3339"}],"curies":[{"name":"wp","href":"https:\/\/api.w.org\/{rel}","templated":true}]}}