{"id":3329,"date":"2021-03-16T11:03:38","date_gmt":"2021-03-16T10:03:38","guid":{"rendered":"http:\/\/retirada37.com\/?p=3329"},"modified":"2021-03-16T11:05:48","modified_gmt":"2021-03-16T10:05:48","slug":"disparition-de-colette-flandrin-dronne","status":"publish","type":"post","link":"https:\/\/retirada37.com\/?p=3329","title":{"rendered":"Disparition de Colette Flandrin-Dronne"},"content":{"rendered":"<p>Suite \u00e0 la disparition de Colette Flandrin-Dronne, Mar y Luz Carino, fille d&rsquo;un combattant de La Nueve, membre de Retirada 37 &#8211; association membre de Caminar &#8211; qui connaissait tr\u00e8s bien Colette, a souhait\u00e9 s&rsquo;exprimer dans un texte que vous trouverez ci-dessous.<\/p>\n<p><strong>Le bureau de Caminar<\/strong><\/p>\n<p><a href=\"https:\/\/retirada37.com\/wp-content\/uploads\/2021\/03\/Colette-Flandrin-Dronne.jpg\"><img loading=\"lazy\" decoding=\"async\" src=\"https:\/\/retirada37.com\/wp-content\/uploads\/2021\/03\/Colette-Flandrin-Dronne.jpg\" alt=\"\" width=\"960\" height=\"684\" class=\"alignnone size-full wp-image-3330\" srcset=\"https:\/\/retirada37.com\/wp-content\/uploads\/2021\/03\/Colette-Flandrin-Dronne.jpg 960w, https:\/\/retirada37.com\/wp-content\/uploads\/2021\/03\/Colette-Flandrin-Dronne-300x214.jpg 300w, https:\/\/retirada37.com\/wp-content\/uploads\/2021\/03\/Colette-Flandrin-Dronne-768x547.jpg 768w\" sizes=\"auto, (max-width: 960px) 100vw, 960px\" \/><\/a><\/p>\n<p><em>C&rsquo;est avec beaucoup d&rsquo;\u00e9motion et une grande tristesse que j&rsquo;ai appris le d\u00e9c\u00e8s de Colette Flandrin-Dronne, la fille de celui qui est rest\u00e9 pour toutes et tous le capitaine de La Nueve, son p\u00e8re Raymond Dronne.<\/p>\n<p>Fid\u00e8le et infatigable, Colette \u00e9tait toujours pr\u00e9sente lors des comm\u00e9morations ou divers \u00e9v\u00e8nements \u00e0 Paris, Madrid, Ecouch\u00e9 &#8230;.<\/p>\n<p>Pour \u00e9voquer les hommes de La Nueve, elle s&rsquo;est toujours investie, en particulier aupr\u00e8s des jeunes, pour transmettre leur m\u00e9moire et leur combat.<\/p>\n<p>Elle avait des souvenirs et des anecdotes qui les rendaient vivants.<\/p>\n<p>Bien souvent, elle parlait plus des hommes de La Nueve que de son p\u00e8re, et ainsi elle pense avoir plus appris sur son p\u00e8re gr\u00e2ce \u00e0 eux, en mettant toujours en avant le lien si particulier qui les unissait.<\/p>\n<p>Elle \u00e9tait de ces personnes dont on pensait qu&rsquo;elle serait toujours l\u00e0 pour eux.<\/p>\n<p>Comme une \u00e9vidence, presque toujours ses interventions se concluaient par : \u00ab\u00a0Que voulez-vous, ils \u00e9taient ma famille\u00a0\u00bb.<\/p>\n<p>Elle va terriblement manquer aux descendants de cette famille.<\/em><\/p>\n<p><strong>Mar y Luz Cari\u00f1o<\/strong><\/p>\n<p><a href=\"https:\/\/retirada37.com\/wp-content\/uploads\/2021\/03\/Mar-y-Luz-et-Colette-Flandrin-Dronne.jpg\"><img loading=\"lazy\" decoding=\"async\" src=\"https:\/\/retirada37.com\/wp-content\/uploads\/2021\/03\/Mar-y-Luz-et-Colette-Flandrin-Dronne.jpg\" alt=\"\" width=\"660\" height=\"496\" class=\"alignnone size-full wp-image-3331\" srcset=\"https:\/\/retirada37.com\/wp-content\/uploads\/2021\/03\/Mar-y-Luz-et-Colette-Flandrin-Dronne.jpg 660w, https:\/\/retirada37.com\/wp-content\/uploads\/2021\/03\/Mar-y-Luz-et-Colette-Flandrin-Dronne-300x225.jpg 300w\" sizes=\"auto, (max-width: 660px) 100vw, 660px\" \/><\/a><\/p>\n","protected":false},"excerpt":{"rendered":"<p>Suite \u00e0 la disparition de Colette Flandrin-Dronne, Mar y Luz Carino, fille d&rsquo;un combattant de La Nueve, membre de Retirada 37 &#8211; association membre de Caminar &#8211; qui connaissait tr\u00e8s bien Colette, a souhait\u00e9 s&rsquo;exprimer dans un texte que vous trouverez ci-dessous. Le bureau de Caminar C&rsquo;est avec beaucoup d&rsquo;\u00e9motion et une grande tristesse que &hellip; <a href=\"https:\/\/retirada37.com\/?p=3329\" class=\"more-link\">Continuer la lecture de <span class=\"screen-reader-text\">Disparition de Colette Flandrin-Dronne<\/span>  <span class=\"meta-nav\">&rarr;<\/span><\/a><\/p>\n","protected":false},"author":3,"featured_media":0,"comment_status":"open","ping_status":"open","sticky":false,"template":"","format":"standard","meta":{"_bbp_topic_count":0,"_bbp_reply_count":0,"_bbp_total_topic_count":0,"_bbp_total_reply_count":0,"_bbp_voice_count":0,"_bbp_anonymous_reply_count":0,"_bbp_topic_count_hidden":0,"_bbp_reply_count_hidden":0,"_bbp_forum_subforum_count":0,"footnotes":""},"categories":[2,14],"tags":[],"class_list":["post-3329","post","type-post","status-publish","format-standard","hentry","category-actualites","category-histoire"],"_links":{"self":[{"href":"https:\/\/retirada37.com\/index.php?rest_route=\/wp\/v2\/posts\/3329","targetHints":{"allow":["GET"]}}],"collection":[{"href":"https:\/\/retirada37.com\/index.php?rest_route=\/wp\/v2\/posts"}],"about":[{"href":"https:\/\/retirada37.com\/index.php?rest_route=\/wp\/v2\/types\/post"}],"author":[{"embeddable":true,"href":"https:\/\/retirada37.com\/index.php?rest_route=\/wp\/v2\/users\/3"}],"replies":[{"embeddable":true,"href":"https:\/\/retirada37.com\/index.php?rest_route=%2Fwp%2Fv2%2Fcomments&post=3329"}],"version-history":[{"count":2,"href":"https:\/\/retirada37.com\/index.php?rest_route=\/wp\/v2\/posts\/3329\/revisions"}],"predecessor-version":[{"id":3335,"href":"https:\/\/retirada37.com\/index.php?rest_route=\/wp\/v2\/posts\/3329\/revisions\/3335"}],"wp:attachment":[{"href":"https:\/\/retirada37.com\/index.php?rest_route=%2Fwp%2Fv2%2Fmedia&parent=3329"}],"wp:term":[{"taxonomy":"category","embeddable":true,"href":"https:\/\/retirada37.com\/index.php?rest_route=%2Fwp%2Fv2%2Fcategories&post=3329"},{"taxonomy":"post_tag","embeddable":true,"href":"https:\/\/retirada37.com\/index.php?rest_route=%2Fwp%2Fv2%2Ftags&post=3329"}],"curies":[{"name":"wp","href":"https:\/\/api.w.org\/{rel}","templated":true}]}}