{"id":3321,"date":"2021-03-15T10:00:54","date_gmt":"2021-03-15T09:00:54","guid":{"rendered":"http:\/\/retirada37.com\/?p=3321"},"modified":"2021-03-12T14:35:37","modified_gmt":"2021-03-12T13:35:37","slug":"a-propos-du-film-josep-lhistoire-amnesique","status":"publish","type":"post","link":"https:\/\/retirada37.com\/?p=3321","title":{"rendered":"A propos du film JOSEP, l&rsquo;histoire amn\u00e9sique"},"content":{"rendered":"<p><strong>Le succ\u00e8s du film \u00ab\u00a0Josep\u00a0\u00bbremet en m\u00e9moire occultation de la r\u00e9volution espagnole, le Poum dont Bartoli \u00e9tait un commissaire ,la propagande ,rouleau compresseur stalinienne.<\/strong><\/p>\n<p><a href=\"https:\/\/retirada37.com\/wp-content\/uploads\/2021\/03\/1913040.jpg\"><img loading=\"lazy\" decoding=\"async\" src=\"https:\/\/retirada37.com\/wp-content\/uploads\/2021\/03\/1913040.jpg\" alt=\"\" width=\"175\" height=\"237\" class=\"alignnone size-full wp-image-3322\" \/><\/a><\/p>\n<p>Le film \u00ab Josep \u00bb que l\u2019association 24 aout 1944 a pr\u00e9sent\u00e9 le 29 septembre, date de sa sortie sur les \u00e9crans en compagnie du r\u00e9alisateur Aurel, \u00ab  aux sept parnassiens \u00bb, et qui a \u00e9t\u00e9 s\u00e9lectionn\u00e9 \u00e0 Cannes, vient de recevoir le \u00ab Bayard sp\u00e9cial du jury \u00bb au festival de Namur. En quinze jours, il a enregistr\u00e9 120 000 entr\u00e9es. Chiffre consid\u00e9rable pour un film d\u2019animation, sur un sujet quasi inconnu du public fran\u00e7ais : \u00ab La RETIRADA \u00bb, du nom de l\u2019\u00e9pisode tragique de l\u2019exil en France des r\u00e9publicains espagnols en 1939. Le catalan BARTOLI  et ses dessins, reconnu mondialement, disparu en 1995,  l\u2019est tout autant, et cette d\u00e9couverte de l\u2019homme, de l\u2019\u0153uvre, et d\u2019une histoire oubli\u00e9e ou volontairement tue, est le grand m\u00e9rite d\u2019Aurel et du sc\u00e9nariste de \u00ab  Marius et jeannette \u00bb Jean Louis Mil\u00e9si .<\/p>\n<p>Aurel a voulu, dit-il, partir d\u2019un homme, et de son \u0153uvre pour  d\u00e9boucher sur une page d\u2019Histoire, qu\u2019il ignore  qu\u2019il veut connaitre, et qu\u2019ainsi il met au jour.<br \/>\nBARTOLI, dessinateur estim\u00e9 est aussi un militant  r\u00e9volutionnaire. \u00ab  LA RETIRADA \u00bb telle que nous la restitue Aurel, c\u2019est son histoire, celles des 500 000 r\u00e9publicains espagnols r\u00e9fugi\u00e9s en France en janvier-f\u00e9vrier 1939, celle de la guerre d\u2019Espagne et de la r\u00e9volution.<br \/>\nJosep BARTOLI, commissaire politique du POUM (parti ouvrier d\u2019unification marxiste) franchit les Pyr\u00e9n\u00e9es dans une colonne sous commandement anarchiste. Il fuit comme tous, les arm\u00e9es franquistes mais \u00e9galement  parce que r\u00e9volutionnaire et poumiste, les tueurs de la GPU, comme tous ses camarades de parti et bon nombre des militants \u00ab des amis de Durruti, \u00bb .Pour  cela, il a d\u00fb rejoindre et s\u2019y incorporer, l\u2019arm\u00e9e dite r\u00e9guli\u00e8re du gouvernement N\u00e9grin, exig\u00e9e par Staline. Combattre les fascistes et \u00eatre \u00e0 l\u2019abri d\u2019un assassinat des hommes de main de Staline, n\u00e9cessite de trouver un bataillon dont le  commandement  leur \u00e9chappe, lui ce sera celui qui porte le nom du c\u00e9n\u00e9tiste, r\u00e9volutionnaire ASCASO. C\u2019est dans ses rangs qu\u2019il entrera en France.<\/p>\n<p>C\u2019est la RETIRADA pour tous les r\u00e9publicains espagnols, mais leur lutte contre le fascisme n\u2019est pas termin\u00e9e, pour un grand nombre, ils la reprendront les armes \u00e0 la main,  dans les maquis, l\u2019arm\u00e9e de Leclerc, la l\u00e9gion \u00e9trang\u00e8re ou le<\/p>\n<p>subiront  dans les camps de la morts, quand prisonniers des allemands dans l\u2019arm\u00e9e fran\u00e7aise, ils seront remis aux nazis et d\u00e9clar\u00e9s apatrides.<\/p>\n<p>Pour tous, femmes enfants vieillards, ce seront, d\u00e8s leur arriv\u00e9e de ce c\u00f4t\u00e9 des Pyr\u00e9n\u00e9es, les camps de concentration du gouvernement Daladier. Cependant qu\u2019en Espagne se multiplient les bagnes, les ex\u00e9cutions, qu\u2019on se pr\u00e9pare \u00e0 assassiner plus de cent mille \u00ab rouges \u00bb, souvent sans s\u00e9pulture, comme en t\u00e9moignent  les centaines de fosses qu\u2019on ne cesse encore de d\u00e9couvrir.<\/p>\n<p><strong>LA GUERRE D\u2019ESPAGNE, LA REVOLUTION ? CONNAIT PAS <\/strong><\/p>\n<p>Pendant des dizaines d\u2019ann\u00e9es on a occult\u00e9 la guerre d\u2019Espagne, d\u2019avantage encore la r\u00e9volution<\/p>\n<p>*La guerre au cin\u00e9ma, quelques exceptions notables, \u00ab mourir \u00e0 Madrid \u00bb, \u00ab la guerre est finie \u00bb\u2026<\/p>\n<p>*La r\u00e9volution : il a fallu attendre Ken Loach \u00ab Land and freedom \u00bb, ( terre<\/p>\n<p> et libert\u00e9).<\/p>\n<p>*Le sort r\u00e9serv\u00e9 aux 500 000 exil\u00e9s, r\u00e9fugi\u00e9s en France, l\u2019existence des camps de concentration de la troisi\u00e8me r\u00e9publique de Daladier sur les plages et le long des Pyr\u00e9n\u00e9es  (le camps du Vernet dans \u00ab la lie de la terre \u00bb d\u2019Arthur Koestler). Au d\u00e9but des ann\u00e9es 90, les travaux de Genevi\u00e8ve Dreyfus Armand..<\/p>\n<p>*La retirada, une allusion lors d\u2019hommages tardifs \u00e0 Antonio Machado\u2026<\/p>\n<p>*La r\u00e9sistance : \u00ab le roman des Gli\u00e8res \u00bb de V\u00e9ronique Salou, qui a eu le prix litt\u00e9raire de la R\u00e9sistance pour connaitre le r\u00f4le  des r\u00e9publicains espagnols dans le maquis de Haute Savoie (2007).<\/p>\n<p> L\u2019histoire de la \u00ab nueve \u00bb compos\u00e9e de r\u00e9publicains espagnols sous le commandement du capitaine Dronne , de l\u2019arm\u00e9e Leclerc , et qui arrive \u00e0 paris Le 24 aout1944 , \u00e9merge peu \u00e0 peu gr\u00e2ce \u00e0 l\u2019association \u00ab 24 aout 1944 \u00bb dont la pr\u00e9sidente est V\u00e9ronique Salou.<\/p>\n<p>*L es  9000 r\u00e9publicains espagnols dont la quasi-totalit\u00e9 appartenant aux compagnies de travailleurs, sous commandement fran\u00e7ais et qui seront apr\u00e8s les accords P\u00e9tain, Hitler,Franco d\u00e9clar\u00e9s apatrides et d\u00e9port\u00e9s \u00e0 Mauthausen<\/p>\n<p>Grace aux archives de la FEDIP, l\u2019ouvrage en fran\u00e7ais et en espagnol de Pierre et V\u00e9ronique Salou \u00ab les r\u00e9publicains espagnols dans le camp de concentration nazi de Mauthausen \u00bb.<\/p>\n<p><strong>L\u2019HISTORIOGRAPHIE AMNESIQUE<\/strong><\/p>\n<p>Et puis la chape de plomb sur l\u2019historiographie, qui ob\u00e9it \u00e0 la n\u00e9cessit\u00e9 de ne pas traiter des raisons de la d\u00e9faite, taire la r\u00e9volution qui s\u2019est dress\u00e9e pour faire face au coup d\u2019\u00e9tat fasciste.<\/p>\n<p>Pendant des dizaines d\u2019ann\u00e9es les historiens, ont regard\u00e9 ailleurs, trop avaient un fil \u00e0 la patte et certains depuis 1936. Le souci qui domine, \u00e9vacuer la r\u00e9volution,  est tellement  partag\u00e9 .La r\u00e9volution, les collectivisations spontan\u00e9es  ont \u00e9t\u00e9  au c\u0153ur de la prise de position pendant la guerre de trop de protagonistes, encore puissants. Il s\u2019agit de ne pas en parler, car si par malheur elle avait \u00e9t\u00e9 d\u00e9terminante dans l\u2019histoire de ce qu\u2019on pr\u00e9f\u00e8re appeler une guerre civile.<\/p>\n<p>Il y a ceux qui d\u00e8s le 19 juillet 1936, l\u2019ont craint puis tu\u00e9e. Et tout d\u2019abord staline et les r\u00e9publicains de droite qui r\u00e9ussiront \u00e0 s\u2019imposer gr\u00e2ce \u00e0 lui avec N\u00e9grin, le dernier pr\u00e9sident du conseil, quand la contre r\u00e9volution prend le dessus et les responsables  du POUM, et de la CNT, \u00e9limin\u00e9s des centres de d\u00e9cisions du pouvoir central.<\/p>\n<p>Et puis les fils spirituels des dirigeants des d\u00e9mocraties occidentales qui ne veulent pas chercher les raisons de la non intervention, socialistes, qui ont fait de Blum une ic\u00f4ne, et radicaux ,mais aussi le parti communiste qui pr\u00e9f\u00e8re qu\u2019on laisse ,ignor\u00e9e, la position de Staline favorable en 1936 \u00e0 la non \u2013intervention.<\/p>\n<p>Paradoxalement les amis fran\u00e7ais  de Franco qui pr\u00e9sente le pronunciamiento comme une croisade, un sursaut de l\u2019occident chr\u00e9tien contre Moscou, dans une p\u00e9riode o\u00f9 avec la guerre froide, il ne peut y avoir que deux camps, dont les capitales sont Moscou et Washington. Il convient donc de renforcer l\u2019id\u00e9e, comme dans la propagande franquiste, que les ennemis, les seuls combattants r\u00e9publicains \u00e9taient les communistes.  Exit le POUM, la conf\u00e9d\u00e9ration  nationale du travail (CNT), les anarchistes .Il n\u2019y a jamais eu de r\u00e9volution en Espagne. Cela convient \u00e0 tout le monde.<\/p>\n<p><strong>CELA A COMMENCE DES 1937<\/strong><\/p>\n<p>Des 1937 la propagande stalinienne d\u00e9roule le rouleau compresseur de sa puissante propagande. avec  agents qui travaillent avec le NKVD comme l\u2019envoy\u00e9 sp\u00e9cial de l\u2019Humanit\u00e9 en Espagne, Georges Soria qui deviendra apr\u00e8s-guerre, un historien du mouvement ouvrier et de la R\u00e9volution fran\u00e7aise, au-dessus de tout soup\u00e7on.  Il est \u00e0 ce moment en 1937, le complice d\u2019Alexandre Orlow, agent du NKVD (GPU) charg\u00e9 d\u2019\u00e9liminer les communistes anti staliniens ,et  qui  organisera l\u2019assassinat d\u2019Andreu Nin, le dirigeant du POUM en mai 1937.Il \u00e9crit une brochure contre le POUM, si \u00e9videmment mensong\u00e8re qu\u2019on lui pr\u00e9f\u00e9rera , le titre \u00ab l\u2019espionnage trotskyste en Espagne. \u00bb Mais il faut quand m\u00eame viser coute que coute le POUM, et il n\u2019h\u00e9sitera pas dans un des articles de \u00ab Ce soir \u00bb \u00e0  l\u2019intituler  \u00ab le POUM organisation de terrorisme et d\u2019espionnage au service de Franco \u00bb<\/p>\n<p>CE SOIR : Staline a demand\u00e9 \u00e0 Thorez de produire un journal, grand public. Thorez en confie la direction \u00e0 Aragon qui s\u2019entoure des meilleures plumes, certaines honn\u00eates comme Louis Guilloux qui comprenant qu\u2019il s\u2019agit d\u2019un instrument stalinien de propagande, s\u2019en ira, mais discr\u00e8tement, sans esclandre. Ce soir atteindra les 240000 exemplaires, distillant la v\u00e9rit\u00e9 vraie, stalinienne aux militants ouvriers et a toute la tr\u00e8s grande communaut\u00e9 espagnole, qui n\u2019auront que le son de cloche sur ce qui se passe en Espagne , celui d\u2019Aragon qui  sait faire, il le prouvera quand il \u00e9crira \u00ab  les communistes \u00bb et qu\u2019 apr\u00e8s Thorez qui l\u2019aura traite de flic, il fera de Nizan un traitre. Tous les compagnons de route ne s\u2019appellent pas Guilloux,  m\u00eame quand on est  Malraux,  tout le monde n\u2019est pas Gide ou Panait Istrati. Les compagnons de route suivent .Il n\u2019y aura donc chaque jour qu\u2019une version officielle. Elle va perdurer des dizaines d\u2019ann\u00e9es. Que pourront c\u00e9n\u00e9tistes et poumistes apr\u00e8s-guerre ?<\/p>\n<p>Faute d\u2019explication, on ne pourra que constater que la communaut\u00e9 espagnole aura int\u00e9gr\u00e9 cette v\u00e9rit\u00e9 sur la d\u00e9faite, qui fait l\u2019affaire de tout le monde \u00ab nous oui h\u00e9las,  les espagnols on n\u2019est bons qu\u2019\u00e0  se battre entre nous \u00bb Bref des immatures.<\/p>\n<p><strong>DONC  CONCERNANT LE POUM, IL N\u2019EXISTE PAS<\/strong><\/p>\n<p>Qui a acc\u00e8s \u00e0 Orwell, Victor Serge, David Rousset, Daniel Gu\u00e9rin, Dos Passos, Marceau Pivert, Fred Zeller encore moins Benjamin Perret\u2026 qui a lu Arthur Koestler, et \u00ab la lie d la terre \u00bb et \u00ab le testament espagnol \u00bb d\u00e9cr\u00e9t\u00e9 agent de l\u2019imp\u00e9rialisme apr\u00e8s \u00ab le z\u00e9ro et l\u2019infini \u00bb ?<\/p>\n<p> Edgar Morin, apr\u00e8s la r\u00e9sistance, attendra comme beaucoup d\u2019autres 1956 Budapest et le rapport Kroutchev, il rencontrera le secr\u00e9taire des jeunesses du POUM Wilebaldo Solano dont il deviendra l\u2019ami, pour acc\u00e9der pleinement \u00e0 cette histoire que les relais fran\u00e7ais de Staline, y compris \u00e0 l\u2019universit\u00e9, comme Soria auront tout fait pour occulter. Il faudra attendre Brou\u00e9, Temine , leur histoire de la guerre et de la r\u00e9volution en Espagne.<\/p>\n<p>Le lien tr\u00e8s fort entre la culture et la r\u00e9volution continue \u00e0 vivre port\u00e9 comme en Espagne par le monde libertaire. Confin\u00e9, interdit d\u2019expression grand public,<\/p>\n<p>Ni lui ni le POUM n\u2019ont d\u2019existence visible. Hommage \u00e0 la Catalogne d\u2019Orwell devra attendre le film fid\u00e8le de Ken Loach \u00ab land and freedom \u00bb.<\/p>\n<p>Qui connaissait le r\u00e9volutionnaire du POUM, Bartoli, reconnu du monde des arts, comme l\u2019\u00e9tait TOSQUELLES de celui de  la m\u00e9decine et de la psychiatrie ? Il faut du temps pour se lib\u00e9rer de la chape de plomb.<\/p>\n<p>Tosquelles , est membre du POUM, il est catalan lui aussi de Reus dans la province de Tarragone, \u00e0 deux pas du Vendrell d\u2019Andreu Nin.<\/p>\n<p>Frances Tosquelles, psychiatre, psychanalyste, est un des inventeurs de la psychanalyse institutionnelle. Membre du BOC, le bloc ouvrier et paysan de MAURIN, il participe \u00e0 la cr\u00e9ation du POUM en septembre 1935. Quand en France on accueille les antis fascistes allemands ou d\u2019Europe centrale en les enfermant dans des camps comme celui du Vernet o\u00f9 fut Koestler au d\u00e9but de la guerre, Barcelone en 1936 devient \u00ab une petite Vienne \u00bb Mais en m\u00eame temps il combat dans les milices du POUM en Andalousie. Lors de la Retirada lui sera intern\u00e9 au camp de Septfonds en septembre 1939. Plus tard en Loz\u00e8re, il dirige l\u2019h\u00f4pital psychiatrique de San Alban o\u00f9 il d\u00e9veloppe sa pratique de la lutte contre l\u2019ali\u00e9nation sociale et les th\u00e8ses de Lacan. C\u2019est aussi un lieu de r\u00e9sistance. Il contribue \u00e0 la formation de Frantz Fanon.<\/p>\n<p>Ces hommes Bartoli, Tosquelles allient leur soif de culture et leur id\u00e9al r\u00e9volutionnaire. Et ce n\u2019est pas par hasard que Bartoli se retrouve au Mexique au sein du groupe Frida Kahlo, Riv\u00e9ra,  Vlady, le fils de Victor Serge, qui signe \u00e0 la place de Trotsky , avec Andr\u00e9 Breton, \u00ab  le manifeste pour un art r\u00e9volutionnaire \u00bb .  Pourquoi ? Parce que  c\u2019est le r\u00e8gne du \u00ab r\u00e9alisme socialiste \u00bb entendons, stalinien et que pour reprendre l\u2019expression de Victor Serge \u00ab il est minuit dans le si\u00e8cle \u00bb.<\/p>\n<p>Bartoli, Tosquelles, Orwell, Victor Serge, Benjamin Perret (le plus ent\u00eat\u00e9, le plus fid\u00e8le, apr\u00e8s Breton au surr\u00e9alisme) .Le plus intransigeant aussi. En d\u00e9saccord avec la direction du POUM, et de la CNT il pr\u00e9f\u00e9ra se battre et rejoindre  la colonne  DURRUTI, dans le bataillon \u00ab Makhno \u00bb.<\/p>\n<p>L\u2019art, la science, l\u2019esprit au service de l\u2019id\u00e9al r\u00e9volutionnaire, on est forc\u00e9ment tr\u00e8s loin du franquisme et du stalinisme et apr\u00e8s la guerre du ronron social-d\u00e9mocrate qui va couvrir les camps qu\u2019il a ouvert en 1939 d\u2019Argeles  ,de Septfonds, d\u2019Agde, du Vernet\u2026<\/p>\n<p><strong>LA REPRESSION CONTRE LE POUM, C\u2019EST AUSSI LA DEFAITE DE LA CNT, LA CONTRE REVOLUTION VOULUE PAR STALINE, SOUHAITEE PAR LES REPUBLICAINS DE DROITE<\/strong><\/p>\n<p>Orwell ,engag\u00e9 dans les combats sur le front d\u2019Aragon, dans une colonne du POUM, apr\u00e8s sa blessure d\u00e9couvre apr\u00e8s les combats qu\u2019ont men\u00e9s vainement les comit\u00e9s d\u2019ouvriers ,sur les barricades, le 4 mai 1937 pour d\u00e9fendre \u00ab la t\u00e9l\u00e9fonica \u00bb contre les gardes d\u2019assaut gouvernementaux ,les communistes et les membres du PSUC encadr\u00e9s par les agents de Staline, concr\u00e8tement le reflux de l\u2019esprit r\u00e9volutionnaire .Les femmes d\u00e9sormais ne portaient plus de fusils \u00e9crit \u2013il dans \u00ab hommage  \u00e0 la Catalogne \u00bb, elle sont redevenues cantini\u00e8res ou infirmi\u00e8res.<\/p>\n<p>Fred Zeller, un moment secr\u00e9taire de Trotsky, et qui deviendra grand ma\u00eetre du Grand Orient \u00e9crit \u00ab Partout la r\u00e9volution sociale accompagne la guerre civile. Pour \u00e9craser le fascisme, les travailleurs s\u2019emparent des terres, des usines et les font marcher apr\u00e8s avoir chass\u00e9 les capitalistes et face au vieil \u00e9tat bourgeois, construisent leur propre \u00e9tat ouvrier \u00bb et il pose la question suivante \u00ab Quel \u00e9tait le programme politique de Staline-N\u00e9grin pour l\u2019Espagne sinon restaurer la soci\u00e9t\u00e9 capitaliste en torpillant la r\u00e9volution \u00bb.<\/p>\n<p>Alors bien s\u00fbr, ceux qui ne se plieront pas aux plans de Staline seront pourchass\u00e9s et extermin\u00e9s, ceux du POUM, de la CNT, de la FAI. Les comit\u00e9s ouvriers qui se sont spontan\u00e9ment cr\u00e9\u00e9s d\u00e8s le 19 juillet1936 doivent \u00eatre d\u00e9mantel\u00e9s, les terres et les usines collectivis\u00e9es restitu\u00e9es dans le respect de la propri\u00e9t\u00e9 priv\u00e9e.<\/p>\n<p>Cette strat\u00e9gie \u00e9tait d\u00e9nonc\u00e9e dans le journal du POUM, \u00ab la Batalla \u00bb le 15 novembre 1936 qui r\u00e9sume l\u2019option de Moscou \u00ab ce qui int\u00e9resse vraiment Staline ce n\u2019est pas le sort du prol\u00e9tariat espagnol ou international, c\u2019est la d\u00e9fense de son propre pouvoir, suivant la politique des pactes conclus par des \u00e9tats ,face \u00e0 d\u2019autres \u00e9tats et d\u2019ailleurs le parti communiste espagnol, apr\u00e8s avoir proclam\u00e9 en mars 1936, \u00ab qu\u2019il fallait lutter pour un gouvernement ouvrier et paysan, s\u2019appuyant sur les alliances ouvri\u00e8res et paysannes \u00bb En juin 1936d\u00e9clare que son seul but est \u00ab  la d\u00e9fense de l\u2019ordre r\u00e9publicain dans le respect de la propri\u00e9t\u00e9 \u00bb<\/p>\n<p>Staline apr\u00e8s s\u2019\u00eatre ralli\u00e9 dans un premier temps \u00e0 la non-intervention de Paris et de Londres, comprend qu\u2019une telle politique laisse le champs libre aux communistes anti- staliniens du POUM et aux anarchistes, et surtout \u00e0 la r\u00e9volution dont il ne veut \u00e0 aucun prix.<\/p>\n<p>Le PCE, pratiquement inexistant il lui faut d\u00e9montrer qu\u2019il maitrise le prol\u00e9tariat espagnol.<\/p>\n<p>L\u2019envoi d\u2019armes en quantit\u00e9 et qualit\u00e9 d\u00e9risoire, contre le rapt des neuf dixi\u00e8mes des r\u00e9serves d\u2019or espagnol, l\u2019Espagne poss\u00e8de \u00e0 ce moment-l\u00e0, la troisi\u00e8me des r\u00e9serves mondiales, doivent lui procurer la sympathie du camp r\u00e9publicain compl\u00e9tement d\u00e9muni.<\/p>\n<p>Cette strat\u00e9gie implique la main mise sur les rouages de l\u2019Etat, et sur les brigades internationales qui se sont form\u00e9es spontan\u00e9ment et qu\u2019il doit diriger.<br \/>\nMarty entre autre sera \u00e0 la hauteur de la t\u00e2che que contr\u00f4lent les agents envoy\u00e9s par Staline. Il gagnera le surnom \u00ab  de boucher d\u2019Albacete \u00bb.Les talents d\u2019oratrice de la pasionaria permettront de s\u2019approprier une des plus belles des pages de la solidarit\u00e9 ouvri\u00e8re et d\u00e9mocratique, la lutte h\u00e9ro\u00efque en particulier des brigades dans la d\u00e9fense de Madrid.<\/p>\n<p>Devant la r\u00e9action ouvri\u00e8re et paysanne, les collectivisations, les premiers sovi\u00e9tiques engag\u00e9s, pourraient  esp\u00e9rer \u00ab  un octobre espagnol \u00bb,ils  seront per\u00e7us au moments ou se multiplient \u00e0 Moscou ,les proc\u00e8s , comme d\u2019\u00e9ventuels opposants. Rappel\u00e9s, ils seront fusill\u00e9s.<\/p>\n<p>Une politique qui convient \u00e0 la bourgeoisie r\u00e9publicaine, aux sociaux-d\u00e9mocrates anglais et francais. Marceau Pivert propose \u00e0 Blum de lib\u00e9rer Abd el Krim, assign\u00e9 \u00e0 r\u00e9sidence en France, pour soulever le Maroc espagnol, Blum refuse .David Rousset fait la m\u00eame proposition au gouvernement espagnol et \u00e0 Compagnys pr\u00e9sident de la g\u00e9n\u00e9ralit\u00e9 catalane. C\u2019\u00e9tait la d\u00e9faite assur\u00e9e de Franco  en le prenant en tenaille .Il re\u00e7oit la m\u00eame r\u00e9ponse. Un tel soul\u00e8vement, serait insupportable aux anglais, ce serait un signal pour les colonies.<\/p>\n<p>La strat\u00e9gie de Staline ne peut que trouver un \u00e9chos favorable chez la bourgeoise r\u00e9publicaine, pr\u00eate a s\u2019offrir, c\u2019est ce que fera N\u00e9grin qui exigera apr\u00e8s les \u00e9v\u00e8nement du 4 mai \u00e0 Barcelone,  des magistrats qui h\u00e9sitent ,la condamnation des dirigeants du POUM, alors que des milliers de ses militants sont au front.<\/p>\n<p>Staline n\u2019a-t-il pas d\u00e9j\u00e0  d\u00e9clar\u00e9 le 20 mars1937, a la veille de l\u2019attaque de \u00ab la t\u00e9l\u00e9fonica \u00bb et de la pers\u00e9cution des militants du POUM : <\/p>\n<p>\u00ab Il faut dire au peuple et au monde entier : le peuple espagnol, n\u2019est pas en \u00e9tat d\u2019accomplir la r\u00e9volution prol\u00e9tarienne. La situation int\u00e9rieure et surtout internationale n\u2019est pas favorable \u00bb<\/p>\n<p>Pourtant les collectivisations, au Levant, en Aragon, En catalogne, sur le plan \u00e9conomique, et commercial sont un succ\u00e8s total, productions et \u00e9changes sont sup\u00e9rieurs \u00e0 ceux d\u2019avant-guerre. Partout le pouvoir \u00e9chappe au contr\u00f4le d\u2019un parti ou d\u2019un syndicat institu\u00e9, partout la d\u00e9mocratie est directe. Dans les milices les officiers sont \u00e9lus.<\/p>\n<p>A partir de mai 1937, la r\u00e9pression va prendre les formes voulues par les envoy\u00e9s de Staline. Andreu Nin est enlev\u00e9, par les tueurs d\u2019Orlow, .A la question des militants du POUM, placard\u00e9e sur les murs : \u00ab  a donde esta Nin \u00bb, la r\u00e9ponse des agents du Kominterm est \u00ab A Salamanca o \u00e0 Berlin \u00bb. La torture doit obtenir que NIN dise qu\u2019il  est un agent nazi, selon la pratique employ\u00e9e contre Zinoviev et Kamenew. Pour justifier une r\u00e9pression totale et rapide du POUM.<\/p>\n<p><strong>Les m\u00eames calomnies qui pourvoient le goulag sont d\u00e9sormais ouvertement \u00e0 l\u2019\u0153uvre en Espagne.<\/strong><\/p>\n<p> Quant aux collectivit\u00e9s, elles doivent r\u00e9sister aux assauts des agents gouvernementaux, et des responsables  du parti communiste, c\u2019est le cas en Aragon o\u00f9 le g\u00e9n\u00e9ral communiste Lister, n\u2019a de cesse de restituer les terres et les fabriques aux anciens propri\u00e9taires.<\/p>\n<p>L\u2019aliance Negrin \u2013Staline peut enfin r\u00e9pondre totalement \u00e0 ce que demandait Santiago Carillo d\u00e8s janvier 1937 quand le POUM  fut \u00e9cart\u00e9 du gouvernement de la g\u00e9n\u00e9ralit\u00e9 en Catalogne \u00ab les revendications r\u00e9volutionnaires et socialistes constituent un obstacle pour l\u2019unit\u00e9 de toute  la jeunesse, les dirigeants du POUM sont des agents de Franco et de Mola .Il faut s\u2019orienter vers la cr\u00e9ation d\u2019une alliance nationale de la jeunesse espagnole, sans distinction de classe ni d\u2019opinion.<\/p>\n<p>Lors de la formation du gouvernement N\u00e9grin, \u00ab le Temps \u00bbindique la r\u00e9elle signification de la chute du socialiste Largo Caballero au profit de N\u00e9grin et du bloc  stalino-bourgeois : \u00ab le gouvernement de Valence (donc officiel) a atteint le point o\u00f9 il doit prendre une d\u00e9cision. Il ne peut plus longtemps demeurer dans l\u2019ambigu\u00eft\u00e9 dans laquelle, il s\u2019est tenu jusqu\u2019ici. Il doit choisir entre la d\u00e9mocratie et la dictature du prol\u00e9tariat. Entre l\u2019ordre et l\u2019anarchie.<\/p>\n<p><strong> Jean Estivill <\/strong>                                         <\/p>\n<p> bibliographie<\/p>\n<p> Louis Gil: George Orwell, de la guerre civile espagnole \u00e0 1984<\/p>\n<p> Ma guerre d&rsquo;espagne \u00e0 moi de Mika Etchebehere (seule femme commandant de<\/p>\n<p>milices , elle est du poum)<\/p>\n<p> Antoine Gimenez, collect ,les \u00ab\u00a0gimenologues\u00a0\u00bb , Les fils de la nuit\u00a0\u00bb  <\/p>\n<p>Libertalia<\/p>\n<p> ma guerre d&rsquo;espagne, les brigades internationales  ,Sygmund Stein, seuil<\/p>\n<p>(la mainmise sur les brigades par les staliniens et le GPU)<\/p>\n<p>  Bien sur G.Orwell qui fut dans les brigades : \u00ab\u00a0hommage \u00e0 la Catalogne\u00a0\u00bb et le film de Ken Loach qui s&rsquo;en est inspir\u00e9 \u00ab\u00a0Land and Freedom\u00a0\u00bb terre et libert\u00e9<\/p>\n<p> Pierre Brou\u00e9 et Emile T\u00e9mine :la r\u00e9volution et la guerre d\u2019Espagne, 1961 Editions de Minuit<\/p>\n<p>     Godicheau ; la guerre d\u2019Espagne : r\u00e9publique et r\u00e9volution en Catalogne<\/p>\n<p> Wilebaldo Solano : Le POUM, R\u00e9volution dans la guerre d\u2019Espagne  Syllepses<\/p>\n<p> Un t\u00e9moignage : Guerre, exil et prison d\u2019un anarcho syndicaliste CIPRIANO MERA  ,les Coquelicots.<\/p>\n<p>Les mouvements d\u2019\u00e9mancipation nationale  d\u2019 ANDREU NIN Syros<\/p>\n<p>Julien Blanc \u00ab le temps des hommes \u00bb roman auto biographique ( sur l\u2019engagement de l\u2019immense \u00e9crivain, au c\u00f4t\u00e9 de la r\u00e9publique)<\/p>\n<p>Et un formidable roman historique ,meilleure vente, plusieurs mois en Espagne en 2015 de Padura qui  d\u00e9voile le parcours de Mercader l\u2019assassin de Trotsky ,organis\u00e9 par le GPU  en Espagne des 1936 : \u00ab L\u2019homme qui aimait les chiens \u00bb<\/p>\n<p>Association 24 aout 1944<\/p>\n<blockquote class=\"wp-embedded-content\" data-secret=\"gl1q79cWnN\"><p><a href=\"https:\/\/www.24-aout-1944.org\/l-association-24-aout-1944\/\">L\u2019association 24 ao\u00fbt 1944<\/a><\/p><\/blockquote>\n<p><iframe loading=\"lazy\" class=\"wp-embedded-content\" sandbox=\"allow-scripts\" security=\"restricted\" style=\"position: absolute; clip: rect(1px, 1px, 1px, 1px);\" title=\"\u00ab\u00a0L\u2019association 24 ao\u00fbt 1944\u00a0\u00bb &#8212; Association 24 Ao\u00fbt 1944 - La Nueve\" src=\"https:\/\/www.24-aout-1944.org\/l-association-24-aout-1944\/embed\/#?secret=zHVWa7KHfw#?secret=gl1q79cWnN\" data-secret=\"gl1q79cWnN\" width=\"474\" height=\"267\" frameborder=\"0\" marginwidth=\"0\" marginheight=\"0\" scrolling=\"no\"><\/iframe><\/p>\n<p>Les cahiers du CTDEE, centre toulousain de documentation sur l\u2019exil espagnol( treize num\u00e9ros parus.<\/p>\n<p>Les camps sur la plage,un exil espagnol Genevi\u00e8ve Dreyfus-Armand. Emile T\u00e9mine .Autrement.<\/p>\n","protected":false},"excerpt":{"rendered":"<p>Le succ\u00e8s du film \u00ab\u00a0Josep\u00a0\u00bbremet en m\u00e9moire occultation de la r\u00e9volution espagnole, le Poum dont Bartoli \u00e9tait un commissaire ,la propagande ,rouleau compresseur stalinienne. Le film \u00ab Josep \u00bb que l\u2019association 24 aout 1944 a pr\u00e9sent\u00e9 le 29 septembre, date de sa sortie sur les \u00e9crans en compagnie du r\u00e9alisateur Aurel, \u00ab aux sept parnassiens &hellip; <a href=\"https:\/\/retirada37.com\/?p=3321\" class=\"more-link\">Continuer la lecture de <span class=\"screen-reader-text\">A propos du film JOSEP, l&rsquo;histoire amn\u00e9sique<\/span>  <span class=\"meta-nav\">&rarr;<\/span><\/a><\/p>\n","protected":false},"author":3,"featured_media":0,"comment_status":"open","ping_status":"open","sticky":false,"template":"","format":"standard","meta":{"_bbp_topic_count":0,"_bbp_reply_count":0,"_bbp_total_topic_count":0,"_bbp_total_reply_count":0,"_bbp_voice_count":0,"_bbp_anonymous_reply_count":0,"_bbp_topic_count_hidden":0,"_bbp_reply_count_hidden":0,"_bbp_forum_subforum_count":0,"footnotes":""},"categories":[14],"tags":[],"class_list":["post-3321","post","type-post","status-publish","format-standard","hentry","category-histoire"],"_links":{"self":[{"href":"https:\/\/retirada37.com\/index.php?rest_route=\/wp\/v2\/posts\/3321","targetHints":{"allow":["GET"]}}],"collection":[{"href":"https:\/\/retirada37.com\/index.php?rest_route=\/wp\/v2\/posts"}],"about":[{"href":"https:\/\/retirada37.com\/index.php?rest_route=\/wp\/v2\/types\/post"}],"author":[{"embeddable":true,"href":"https:\/\/retirada37.com\/index.php?rest_route=\/wp\/v2\/users\/3"}],"replies":[{"embeddable":true,"href":"https:\/\/retirada37.com\/index.php?rest_route=%2Fwp%2Fv2%2Fcomments&post=3321"}],"version-history":[{"count":1,"href":"https:\/\/retirada37.com\/index.php?rest_route=\/wp\/v2\/posts\/3321\/revisions"}],"predecessor-version":[{"id":3323,"href":"https:\/\/retirada37.com\/index.php?rest_route=\/wp\/v2\/posts\/3321\/revisions\/3323"}],"wp:attachment":[{"href":"https:\/\/retirada37.com\/index.php?rest_route=%2Fwp%2Fv2%2Fmedia&parent=3321"}],"wp:term":[{"taxonomy":"category","embeddable":true,"href":"https:\/\/retirada37.com\/index.php?rest_route=%2Fwp%2Fv2%2Fcategories&post=3321"},{"taxonomy":"post_tag","embeddable":true,"href":"https:\/\/retirada37.com\/index.php?rest_route=%2Fwp%2Fv2%2Ftags&post=3321"}],"curies":[{"name":"wp","href":"https:\/\/api.w.org\/{rel}","templated":true}]}}