{"id":3318,"date":"2021-03-12T08:06:31","date_gmt":"2021-03-12T07:06:31","guid":{"rendered":"http:\/\/retirada37.com\/?p=3318"},"modified":"2021-03-12T08:06:31","modified_gmt":"2021-03-12T07:06:31","slug":"signez-lappel-des-descendants-et-amis-des-republicains-espagnols-a-emmanuel-macron-president-de-la-republique","status":"publish","type":"post","link":"https:\/\/retirada37.com\/?p=3318","title":{"rendered":"SIGNEZ L&rsquo;Appel des descendants et amis des r\u00e9publicains espagnols   \u00e0 Emmanuel Macron Pr\u00e9sident de la R\u00e9publique"},"content":{"rendered":"<p>Bonjour veuillez prendre connaissance de notre appel \u00e0 Emmanuel Macron<br \/>\n\u00e0 l&rsquo;occasion de sa rencontre avec Pedro Sanchez lundi 15 mars \u00e0 Montauban<\/p>\n<p>Rencontre de Pedro Sanchez et Emmanuel Macron: ASEREF lance un appel \u00e0 cette occasion. Tous les signataires sont les bienvenus et seront ajout\u00e9s \u00e0 l&rsquo;appel ci-dessous. Transmettre par mail \u00e0: eloimartinez34@gmail.com<\/p>\n<p>ASSOCIATION POUR LE SOUVENIR DE L\u2019EXIL REPUBLICAIN ESPAGNOL EN FRANCE (ASEREF)<\/p>\n<p>le 10 mars 2021<\/p>\n<p>Rencontre d\u2019Emmanuel Macron Pr\u00e9sident de la R\u00e9publique fran\u00e7aise avec Pedro Sanchez Premier Ministre d\u2019Espagne le 15 mars 2021 \u00e0 Montauban (Tarn et Garonne). A cette occasion Les deux chefs d\u2019Etats vont fleurir la tombe de Manuel Aza\u00f1a Pr\u00e9sident de la R\u00e9publique espagnole en exil et enterr\u00e9 dans cette ville.<\/p>\n<p>Appel des descendants et amis des r\u00e9publicains espagnols<\/p>\n<p> \u00e0 Emmanuel Macron Pr\u00e9sident de la R\u00e9publique<\/p>\n<p>Guerre d\u2019Espagne, camps de concentrations en France : Monsieur le Pr\u00e9sident de la R\u00e9publique<\/p>\n<p>\u00b7       La France doit reconna\u00eetre la part de sa responsabilit\u00e9 de dans la chute de la R\u00e9publique espagnole de par sa politique de non-intervention<br \/>\n\u00b7       La France doit reconna\u00eetre son attitude indigne dans l\u2019accueil des r\u00e9publicains espagnols en f\u00e9vrier 1939 intern\u00e9s dans des camps de concentration<br \/>\n\u00b7       La France doit reconna\u00eetre le r\u00f4le des r\u00e9publicains espagnols dans les combats pour la lib\u00e9ration de la France<\/p>\n<p>En pr\u00e9ambule, nous souhaitons la bienvenue \u00e0 Pedro Sanchez chef du gouvernement d\u2019Espagne, nous formulons le v\u0153u que l\u2019Espagne avance rapidement vers l\u2019\u00e9limination de tous les symboles du franquisme et qu\u2019elle mette fin \u00e0 l\u2019impunit\u00e9 des ses crimes, que les moyens soient donn\u00e9s aux associations de r\u00e9cup\u00e9ration de la m\u00e9moire historique pour mener \u00e0 bien les recherches des disparus assassin\u00e9 par les franquistes et pour mettre \u00e0 jour cette histoire largement occult\u00e9e. Nous savons les obstacles qui se dressent en Espagne avec la r\u00e9surgence grave de l\u2019extr\u00eame droite mais c\u2019est en affrontant sans concessions, fermement et d\u00e9mocratiquement les nostalgiques du franquisme qu\u2019il sera possible d\u2019\u00e9radiquer les id\u00e9ologies naus\u00e9abondes.<\/p>\n<p>L\u2019appel au Pr\u00e9sident de la R\u00e9publique fran\u00e7aise<\/p>\n<p>Le 13 f\u00e9vrier 1941 le dictateur Franco rencontrait Philippe P\u00e9tain \u00e0 Montpellier. Ce 15 mars 2021, 90 ans plus tard \u00e0 Montauban Pedro Sanchez Premier Ministre et chef du gouvernement espagnol rencontre Emmanuel Macron Pr\u00e9sident de la r\u00e9publique fran\u00e7aise.<\/p>\n<p>\u00c9videmment rien de comparable fort heureusement entre ces deux rencontres. Il s\u2019agissait \u00e0 Montpellier, entre P\u00e9tain et Franco deux vieux complices, de peaufiner les plans de r\u00e9pression \u00e0 l\u2019\u00e9gard des r\u00e9publicains espagnols, les plans pour renvoyer en Espagne notamment les enfants r\u00e9fugi\u00e9s en France<\/p>\n<p>Rien de comparable en effet, sauf le fait que cette rencontre de Montauban pourrait permettre, par la voix du Pr\u00e9sident de la R\u00e9publique, de dire enfin la responsabilit\u00e9 historique de la France sur le d\u00e9roulement de la guerre d\u2019Espagne qui s\u2019est conclue par la dictature de Franco et sa responsabilit\u00e9 pour la mort de milliers de r\u00e9publicains espagnols dans les camps de concentration fran\u00e7ais d\u00e8s f\u00e9vrier 1939.<\/p>\n<p>\u00d8 Rappelons la d\u00e9cision du gouvernement de la France pour la non-intervention d\u00e8s le d\u00e9but de la guerre d\u2019Espagne de concert avec la Grande Bretagne, d\u00e9cision qui a laiss\u00e9 les mains libres \u00e0 Hitler et Mussolini pour aider Franco \u00e0 abattre la R\u00e9publique espagnole.<br \/>\n\u00d8 Rappelons le r\u00f4le h\u00e9ro\u00efque des volontaires internationaux (venus de 53 pays) pendant la guerre d\u2019Espagne dont pr\u00e8s de 8500 fran\u00e7ais, 3000 d\u2019entre eux sont morts au combat en terre d\u2019Espagne pour d\u00e9fendre la R\u00e9publique, pendant que dans les salons dor\u00e9s de la finance fran\u00e7aise et anglaise, dans les coulisses de la politique gangr\u00e9n\u00e9e par ces derniers ont cherchait le moyen d\u2019entraver la lutte de la r\u00e9publique espagnole contre l\u2019invasion fasciste.<br \/>\n\u00d8 Rappelons, l\u2019exil r\u00e9publicain espagnol en f\u00e9vrier 1939 et l\u2019internement dans des camps de concentration fran\u00e7ais de plus de deux cent mille r\u00e9publicains espagnols, d\u00e8s les premiers mois, sur les plages du Roussillon notamment (Argel\u00e8s sur mer, Saint-Cyprien, le Barcar\u00e8s\u2026) des milliers sont morts dans ces camps, faute de soins et victimes de la r\u00e9pression.<br \/>\n\u00d8 Rappelons que d\u00e8s f\u00e9vrier 1939, le Pr\u00e9sident du Conseil Edouard Daladier et son gouvernement renvoyaient \u00e0 Franco par convois entiers dans des trains r\u00e9quisitionn\u00e9s pour l\u2019occasion des milliers d\u2019espagnols qui \u00e0 l\u2019arriv\u00e9e \u00e9taient emprisonn\u00e9s, tortur\u00e9s, fusill\u00e9s\u2026<br \/>\n\u00d8 Rappelons, l\u2019esclavage qu\u2019ont eu \u00e0 subir les r\u00e9publicains espagnols lorsque la France en septembre 1939 payant ses fautes (non-intervention en Espagne, trait\u00e9 de capitulation \u00e0 Munich\u2026) devait entrer en guerre contre l\u2019Allemagne nazi. Oui esclavage, car ces espagnols \u00e9taient sortis des camps pour remplacer \u00e0 tr\u00e8s bon march\u00e9 la main d\u2019\u0153uvre fran\u00e7aise mobilis\u00e9e pour la guerre. Ils \u00e9taient recrut\u00e9s tel du b\u00e9tail souvent en t\u00e2tant leurs muscles, les plus faibles \u00e9taient renvoy\u00e9s dans les camps. L\u2019indignit\u00e9 et l\u2019humiliation.<br \/>\n\u00d8 Rappelons que dans cette guerre de nombreux espagnols sortis des camps de concentration fran\u00e7ais, se sont engag\u00e9s dans l\u2019arm\u00e9e fran\u00e7aise et que nombre d\u2019entre eux sont tomb\u00e9s au combat notamment \u00e0 Sedan au d\u00e9but de l\u2019avanc\u00e9e des forces nazis, la France les mettaient en premi\u00e8re ligne comme de la chair \u00e0 canon.<br \/>\n\u00d8 Rappelons, que parmi les r\u00e9sistants, les espagnols et d\u2019autres \u00e9trangers qui avaient \u00e9t\u00e9 dans les brigades internationale sont \u00e9t\u00e9 dans les premiers \u00e0 prendre les armes pour combattre l\u2019occupant nazi afin de lib\u00e9rer la France ce pays qui les avaient si mal accueillis en f\u00e9vrier 1939. Ils avaient derri\u00e8re eux l\u2019exp\u00e9rience militaire apr\u00e8s pr\u00e8s de trois ans de guerre en Espagne contre le m\u00eame ennemi.<br \/>\n\u00d8 Rappelons que nombreux se sont engag\u00e9s dans la deuxi\u00e8me DB avec Leclerc et qu\u2019ils particip\u00e8rent aussi \u00e0 la lib\u00e9ration de Paris les 24 et 25 ao\u00fbt 1944<br \/>\n\u00d8 Rappelons, qu\u2019apr\u00e8s le gouvernement de la troisi\u00e8me R\u00e9publique celui qui nomma P\u00e9tain ambassadeur de France aupr\u00e8s de Franco alors que la R\u00e9publique espagnole n\u2019avait pas encore chut\u00e9, Vichy a envoy\u00e9 en d\u00e9portation en Allemagne des milliers de r\u00e9publicains espagnols.<br \/>\n\u00d8 Rappelons, qu\u2019apr\u00e8s la lib\u00e9ration, la France a l\u00e2ch\u00e9 une nouvelle fois les r\u00e9publicains espagnols qui voulaient pousser la victoire contre le fascisme jusqu\u2019en Espagne.<br \/>\n\u00d8 Rappelons la r\u00e9pression \u00e0 l\u2019encontre des r\u00e9publicains espagnols en France dans les ann\u00e9es cinquante l\u2019op\u00e9ration d\u00e9nomm\u00e9e \u00ab Bol\u00e9ro Paprika \u00bb<\/p>\n<p>Pour toutes ces raisons les descendants, amis, associations m\u00e9morielles de l\u2019exil r\u00e9publicain espagnol signataires demandent au Pr\u00e9sident de la R\u00e9publique Emmanuel Macron pr\u00e9sent \u00e0 Montauban le 15 mars 2021 de prendre position clairement sur la responsabilit\u00e9 historique de la France<\/p>\n<p>\u2022       La France doit reconna\u00eetre la part de sa responsabilit\u00e9 de dans la chute de la R\u00e9publique espagnole par sa politique de non-intervention<\/p>\n<p>\u2022       La France doit reconna\u00eetre son attitude indigne dans l\u2019accueil des r\u00e9publicains espagnols en f\u00e9vrier 1939 intern\u00e9s dans des camps de concentration<\/p>\n<p>\u2022       La France doit reconna\u00eetre le r\u00f4le des r\u00e9publicains espagnols dans les combats pour la lib\u00e9ration de la France<\/p>\n<p>Eloy Martinez Monegal Pr\u00e9sident l\u2019Association pour le Souvenir de l\u2019Exil R\u00e9publicain Espagnol en France (ASEREF) <\/p>\n<p>Bien cordialement<\/p>\n<p>Eloy Martinez Monegal<br \/>\nPr\u00e9sident d&rsquo;ASEREF<\/p>\n","protected":false},"excerpt":{"rendered":"<p>Bonjour veuillez prendre connaissance de notre appel \u00e0 Emmanuel Macron \u00e0 l&rsquo;occasion de sa rencontre avec Pedro Sanchez lundi 15 mars \u00e0 Montauban Rencontre de Pedro Sanchez et Emmanuel Macron: ASEREF lance un appel \u00e0 cette occasion. Tous les signataires sont les bienvenus et seront ajout\u00e9s \u00e0 l&rsquo;appel ci-dessous. Transmettre par mail \u00e0: eloimartinez34@gmail.com ASSOCIATION &hellip; <a href=\"https:\/\/retirada37.com\/?p=3318\" class=\"more-link\">Continuer la lecture de <span class=\"screen-reader-text\">SIGNEZ L&rsquo;Appel des descendants et amis des r\u00e9publicains espagnols   \u00e0 Emmanuel Macron Pr\u00e9sident de la R\u00e9publique<\/span>  <span class=\"meta-nav\">&rarr;<\/span><\/a><\/p>\n","protected":false},"author":2,"featured_media":0,"comment_status":"open","ping_status":"open","sticky":false,"template":"","format":"standard","meta":{"_bbp_topic_count":0,"_bbp_reply_count":0,"_bbp_total_topic_count":0,"_bbp_total_reply_count":0,"_bbp_voice_count":0,"_bbp_anonymous_reply_count":0,"_bbp_topic_count_hidden":0,"_bbp_reply_count_hidden":0,"_bbp_forum_subforum_count":0,"footnotes":""},"categories":[2],"tags":[],"class_list":["post-3318","post","type-post","status-publish","format-standard","hentry","category-actualites"],"_links":{"self":[{"href":"https:\/\/retirada37.com\/index.php?rest_route=\/wp\/v2\/posts\/3318","targetHints":{"allow":["GET"]}}],"collection":[{"href":"https:\/\/retirada37.com\/index.php?rest_route=\/wp\/v2\/posts"}],"about":[{"href":"https:\/\/retirada37.com\/index.php?rest_route=\/wp\/v2\/types\/post"}],"author":[{"embeddable":true,"href":"https:\/\/retirada37.com\/index.php?rest_route=\/wp\/v2\/users\/2"}],"replies":[{"embeddable":true,"href":"https:\/\/retirada37.com\/index.php?rest_route=%2Fwp%2Fv2%2Fcomments&post=3318"}],"version-history":[{"count":2,"href":"https:\/\/retirada37.com\/index.php?rest_route=\/wp\/v2\/posts\/3318\/revisions"}],"predecessor-version":[{"id":3320,"href":"https:\/\/retirada37.com\/index.php?rest_route=\/wp\/v2\/posts\/3318\/revisions\/3320"}],"wp:attachment":[{"href":"https:\/\/retirada37.com\/index.php?rest_route=%2Fwp%2Fv2%2Fmedia&parent=3318"}],"wp:term":[{"taxonomy":"category","embeddable":true,"href":"https:\/\/retirada37.com\/index.php?rest_route=%2Fwp%2Fv2%2Fcategories&post=3318"},{"taxonomy":"post_tag","embeddable":true,"href":"https:\/\/retirada37.com\/index.php?rest_route=%2Fwp%2Fv2%2Ftags&post=3318"}],"curies":[{"name":"wp","href":"https:\/\/api.w.org\/{rel}","templated":true}]}}