{"id":3299,"date":"2021-03-09T11:00:05","date_gmt":"2021-03-09T10:00:05","guid":{"rendered":"http:\/\/retirada37.com\/?p=3299"},"modified":"2021-03-08T16:00:00","modified_gmt":"2021-03-08T15:00:00","slug":"fr-le-maquis-en-catalogne-1939-1963","status":"publish","type":"post","link":"https:\/\/retirada37.com\/?p=3299","title":{"rendered":"Le Maquis en Catalogne (1939 &#8211; 1963)"},"content":{"rendered":"<p>    <strong>De Jaume Serra i Fontelles<\/p>\n<p>Catalogne \u2013 1988<\/p>\n<p>Catalan sous-titr\u00e9 en fran\u00e7ais<\/strong><\/p>\n<p>Un documentaire, en sept chapitres, qui traite de l&rsquo;histoire du mouvement de gu\u00e9rilla antifranquiste en Catalogne, de la fin de la guerre civile jusqu&rsquo;\u00e0 sa fin dans les ann\u00e9es 1960.<\/p>\n<p><strong>Ch. 1 : L&rsquo;\u00e9mergence du Maquis<\/strong><\/p>\n<blockquote><p><iframe loading=\"lazy\" width=\"560\" height=\"315\" src=\"https:\/\/www.youtube.com\/embed\/AbBpS-itkIg\" frameborder=\"0\" allow=\"accelerometer; autoplay; clipboard-write; encrypted-media; gyroscope; picture-in-picture\" allowfullscreen><\/iframe><\/p><\/blockquote>\n<p>Le 1er avril 1939, la guerre se termine par la victoire des forces franquistes. Quelques semaines auparavant, environ un demi-million de personnes avaient entam\u00e9 le chemin de l&rsquo;exil vers la France.<br \/>\nMais beaucoup d&rsquo;entre elles n&rsquo;ont pas accept\u00e9 la d\u00e9faite. Certaines choisissent de continuer \u00e0 se battre dans la r\u00e9sistance fran\u00e7aise contre l&rsquo;occupation nazie, et d&rsquo;autres s&rsquo;infiltrent, au sud des Pyr\u00e9n\u00e9es, pour rejoindre les maquis catalans, dans les villes ou les campagnes, qui ont \u00e9t\u00e9 actifs d\u00e8s 1939.<br \/>\nCes maquis se sont cr\u00e9\u00e9s pour se d\u00e9fendre et r\u00e9sister contre une terrible r\u00e9pression qui a frapp\u00e9 toute la Catalogne pendant les premi\u00e8res ann\u00e9es du r\u00e9gime franquiste.<\/p>\n<p><strong>Ch. 2 : L&rsquo;invasion du Val d&rsquo;Aran<\/strong><\/p>\n<blockquote><p><iframe loading=\"lazy\" width=\"560\" height=\"315\" src=\"https:\/\/www.youtube.com\/embed\/rc_tXub3SNo\" frameborder=\"0\" allow=\"accelerometer; autoplay; clipboard-write; encrypted-media; gyroscope; picture-in-picture\" allowfullscreen><\/iframe><\/p><\/blockquote>\n<p>La lib\u00e9ration d&rsquo;une grande partie de la France, \u00e0 l&rsquo;\u00e9t\u00e9 44, et la retraite des Allemands ont provoqu\u00e9 une euphorie chez les gu\u00e9rilleros et les r\u00e9fugi\u00e9s qui ont cru que les jours du franquisme \u00e9taient compt\u00e9s.<br \/>\nC&rsquo;est alors que la plateforme politique de l&rsquo;UNE (Union nationale espagnole) du PCE, a commenc\u00e9 \u00e0 pr\u00e9parer l&rsquo;op\u00e9ration \u00ab\u00a0Reconqu\u00eate de l&rsquo;Espagne\u00a0\u00bb qui consistait \u00e0 faire passer des Pyr\u00e9n\u00e9es basques aux Pyr\u00e9n\u00e9es catalanes huit ou dix mille gu\u00e9rilleros. La zone de p\u00e9n\u00e9tration la plus importante devait \u00eatre le Val d&rsquo;Aran.<br \/>\nDe juin \u00e0 septembre, l&rsquo;\u00e9tat-major g\u00e9n\u00e9ral de la gu\u00e9rilla a envoy\u00e9 plusieurs groupes de l&rsquo;autre c\u00f4t\u00e9 des Pyr\u00e9n\u00e9es afin d&rsquo;explorer le terrain et de savoir si la population \u00e9tait pr\u00eate \u00e0 soutenir le soul\u00e8vement arm\u00e9 contre le r\u00e9gime de Franco.<\/p>\n<p><strong>Ch. 3 : Essor et d\u00e9faite du maquis urbain <\/strong><\/p>\n<blockquote><p>\n<iframe loading=\"lazy\" width=\"560\" height=\"315\" src=\"https:\/\/www.youtube.com\/embed\/UK0Ik5mrLOU\" frameborder=\"0\" allow=\"accelerometer; autoplay; clipboard-write; encrypted-media; gyroscope; picture-in-picture\" allowfullscreen><\/iframe><\/p><\/blockquote>\n<p>Dom\u00e8nec Ibars, surnomm\u00e9 \u201cEl Rosset\u201d, qui avait lutt\u00e9 en France \u00e0 la t\u00eate de 35 r\u00e9sistants catalans, se trouvait par hasard \u00e0 Hendaye. Quand il a appris, que ce jour-l\u00e0 aurait lieu la rencontre historique entre le \u201cCaudillo\u201d et le \u201cF\u00fchrer\u201d, il a d\u00e9cid\u00e9 de mener la premi\u00e8re d&rsquo;une s\u00e9rie d&rsquo;actions toujours occult\u00e9es par le r\u00e9gime franquiste : les tentatives d&rsquo;assassinats du g\u00e9n\u00e9ral Franco.<br \/>\nDom\u00e8nec Ibars, a attendu en vain son partenaire; il n&rsquo;est jamais arriv\u00e9 parce qu&rsquo;il avait \u00e9t\u00e9 d\u00e9tenu. La station \u00e9tait prise militairement. D\u00e9termin\u00e9 \u00e0 agir seul, arm\u00e9 de suffisamment d&rsquo;explosifs pour tuer les deux dictateurs, \u00ab\u00a0El Rosset\u00a0\u00bb s&rsquo;est dirig\u00e9 vers la gare d&rsquo;Hendaye. Malgr\u00e9 le contr\u00f4le militaire, il a r\u00e9ussi \u00e0 passer un point de contr\u00f4le et \u00e0 s&rsquo;approcher du quai.<br \/>\nMais il ne pouvait pas aller plus loin. Il a d\u00fb faire demi-tour, impuissant. De l\u00e0 o\u00f9 il \u00e9tait, il \u00e9tait impossible d&rsquo;attaquer.<\/p>\n<p><strong>Chap. 4 : Marcellino Massana <\/strong><\/p>\n<blockquote><p><iframe loading=\"lazy\" width=\"560\" height=\"315\" src=\"https:\/\/www.youtube.com\/embed\/ixVDDWXZwa8\" frameborder=\"0\" allow=\"accelerometer; autoplay; clipboard-write; encrypted-media; gyroscope; picture-in-picture\" allowfullscreen><\/iframe><\/p><\/blockquote>\n<p>Bien que la gu\u00e9rilla urbaine de Barcelone soit la plus connue, car elle concentrait ses actions sur la ville et ses alentours, il existait une importante activit\u00e9 de gu\u00e9rilla dans de nombreuses r\u00e9gions de Catalogne.<br \/>\nLe groupe du maquis rural le plus connu \u00e9tait celui de Marcel\u00b7l\u00ed Massana, alias \u201cPancho\u201d dans le maquis. Dans la r\u00e9gion du Bages et surtout du Bergued\u00e0 et ses alentours, pendant plus de six ans, le groupe de Massana a tenu la drag\u00e9e haute au r\u00e9gime franquiste.<br \/>\nN\u00e9 \u00e0 Berga le 3 octobre 1918, 8 rue du R\u00e9v\u00e9rend Huch, Marcel.li Massana \u00e9tait le plus jeune de trois fr\u00e8res. Il a perdu sa m\u00e8re quand il avait sept jours. \u00c0 cette \u00e9poque, sa m\u00e8re adoptive \u00e9tait Filomena Sol\u00e9, \u00ab\u00a0La dida\u00a0\u00bb, pour laquelle il a toujours eu une grande estime et pour laquelle il a pris le risque de lui rendre visite \u00e0 de nombreuses reprises \u00e0 Berga, pendant les ann\u00e9es du Maquis.<\/p>\n<p><strong>Chap. 5 : Jos\u00e9 Luis Facer\u00edas<\/strong>  <\/p>\n<blockquote><p><iframe loading=\"lazy\" width=\"560\" height=\"315\" src=\"https:\/\/www.youtube.com\/embed\/Ci4za4P7cBw\" frameborder=\"0\" allow=\"accelerometer; autoplay; clipboard-write; encrypted-media; gyroscope; picture-in-picture\" allowfullscreen><\/iframe><\/p><\/blockquote>\n<p>Jos\u00e9 Luis Facerias, plus connu sous le nom de \u00ab\u00a0Face\u00a0\u00bb ou \u00ab\u00a0Petronio\u00a0\u00bb par ses plus proches amis et compagnons, \u00e9tait, avec Quico Sabater, l&rsquo;un des principaux repr\u00e9sentants de la gu\u00e9rilla urbaine en Catalogne dans les ann\u00e9es quarante et cinquante.<br \/>\nIl \u00e9tait physiquement un homme bien b\u00e2ti, \u00e9l\u00e9gant, un vrai \u00ab\u00a0Dandy\u00a0\u00bb.<br \/>\nHomme d&rsquo;action intr\u00e9pide, il se distingue par son talent et sa lucidit\u00e9 exceptionnels, devenant l&rsquo;un des plus comp\u00e9tents organisateurs du maquis libertaire urbain de l&rsquo;\u00e9poque. Il occupe bient\u00f4t des postes \u00e0 responsabilit\u00e9 au sein du mouvement libertaire clandestin catalan.<br \/>\nN\u00e9 \u00e0 Barcelone le 6 janvier 1920, il adh\u00e8re, en 1936, au syndicat du bois de la CNT et aux Jeunesses libertaires de Poble Sec (quartier de Barcelone).<\/p>\n<p><strong>Ch. 6 : Quico Sabat\u00e9 Llopart <\/strong><\/p>\n<blockquote><p><iframe loading=\"lazy\" width=\"560\" height=\"315\" src=\"https:\/\/www.youtube.com\/embed\/5cc8O3eoFic\" frameborder=\"0\" allow=\"accelerometer; autoplay; clipboard-write; encrypted-media; gyroscope; picture-in-picture\" allowfullscreen><\/iframe><\/p><\/blockquote>\n<p>Fin d\u00e9cembre 1959, Quico Sabat\u00e9, avec quatre autres gu\u00e9rilleros, entame ce qui sera son dernier voyage. Bien qu&rsquo;il connaisse l&rsquo;\u00e9change d&rsquo;informations entre les polices espagnole et fran\u00e7aise. Quico a travers\u00e9 la fronti\u00e8re par Cuscoi\u00e0. La Garde civile \u00e9tait stationn\u00e9e sur tous les passages de la fronti\u00e8re par groupes de trois et de nombreuses patrouilles \u00e9cumaient continuellement la r\u00e9gion.<br \/>\nDe 1945 \u00e0 1960, les groupes d&rsquo;action de Quico Sabat\u00e9 ont particip\u00e9 \u00e0 de nombreuses actions : transport d&rsquo;armes d&rsquo;un c\u00f4t\u00e9 des Pyr\u00e9n\u00e9es \u00e0 l&rsquo;autre, attentats politiques, hold-up et autres actes de propagande antifranquiste.<\/p>\n<p><strong>Ch. 7 : Ram\u00f3n Vila \u00ab\u00a0Caracremada\u00a0\u00bb. <\/strong><\/p>\n<blockquote><p>\n<iframe loading=\"lazy\" width=\"560\" height=\"315\" src=\"https:\/\/www.youtube.com\/embed\/mx3f4AimDOc\" frameborder=\"0\" allow=\"accelerometer; autoplay; clipboard-write; encrypted-media; gyroscope; picture-in-picture\" allowfullscreen><\/iframe><\/p><\/blockquote>\n<p>Ram\u00f3n Vila Capdevila, \u00e9galement connu sous les noms de \u00ab\u00a0Pasos Largos\u00a0\u00bb ( Grands pas), \u00ab\u00a0Caracremada\u00a0\u00bb (Face br\u00fbl\u00e9e) et \u00ab\u00a0Capitaine Raymond\u00a0\u00bb dans la r\u00e9sistance fran\u00e7aise, \u00e9tait l&rsquo;un des gu\u00e9rilleros les plus remarquables du maquis catalan.<br \/>\nD&rsquo;un courage personnel et d&rsquo;une bravoure extraordinaires, il n&rsquo;a jamais tol\u00e9r\u00e9 le fascisme, qu&rsquo;il a combattu jusqu&rsquo;\u00e0 la mort. L&rsquo;autre chef de la gu\u00e9rilla du Bergad\u00e0, Marcelino Massana, a dit de lui : \u00ab\u00a0Ram\u00f3n \u00e9tait, sans aucun doute, le meilleur d&rsquo;entre nous\u00a0\u00bb.<br \/>\nC&rsquo;\u00e9tait un homme grand, avec une grande force physique. Il avait un corps large, un visage \u00e9nergique, des yeux vifs, un front large avec un air entre sauvage et timide. Il \u00e9tait simple et modeste, avec une grande agilit\u00e9.<br \/>\nN\u00e9 dans le petit village de Pequera, dans le Bergad\u00e0, en 1908, il \u00e9tait appel\u00e9 \u00ab\u00a0El Maroto\u00a0\u00bb, du nom de la ferme o\u00f9 il vivait.<\/p>\n","protected":false},"excerpt":{"rendered":"<p>De Jaume Serra i Fontelles Catalogne \u2013 1988 Catalan sous-titr\u00e9 en fran\u00e7ais Un documentaire, en sept chapitres, qui traite de l&rsquo;histoire du mouvement de gu\u00e9rilla antifranquiste en Catalogne, de la fin de la guerre civile jusqu&rsquo;\u00e0 sa fin dans les ann\u00e9es 1960. Ch. 1 : L&rsquo;\u00e9mergence du Maquis Le 1er avril 1939, la guerre se &hellip; <a href=\"https:\/\/retirada37.com\/?p=3299\" class=\"more-link\">Continuer la lecture de <span class=\"screen-reader-text\">Le Maquis en Catalogne (1939 &#8211; 1963)<\/span>  <span class=\"meta-nav\">&rarr;<\/span><\/a><\/p>\n","protected":false},"author":3,"featured_media":0,"comment_status":"open","ping_status":"open","sticky":false,"template":"","format":"standard","meta":{"_bbp_topic_count":0,"_bbp_reply_count":0,"_bbp_total_topic_count":0,"_bbp_total_reply_count":0,"_bbp_voice_count":0,"_bbp_anonymous_reply_count":0,"_bbp_topic_count_hidden":0,"_bbp_reply_count_hidden":0,"_bbp_forum_subforum_count":0,"footnotes":""},"categories":[14,15,4],"tags":[],"class_list":["post-3299","post","type-post","status-publish","format-standard","hentry","category-histoire","category-temoignages-et-recits","category-videos"],"_links":{"self":[{"href":"https:\/\/retirada37.com\/index.php?rest_route=\/wp\/v2\/posts\/3299","targetHints":{"allow":["GET"]}}],"collection":[{"href":"https:\/\/retirada37.com\/index.php?rest_route=\/wp\/v2\/posts"}],"about":[{"href":"https:\/\/retirada37.com\/index.php?rest_route=\/wp\/v2\/types\/post"}],"author":[{"embeddable":true,"href":"https:\/\/retirada37.com\/index.php?rest_route=\/wp\/v2\/users\/3"}],"replies":[{"embeddable":true,"href":"https:\/\/retirada37.com\/index.php?rest_route=%2Fwp%2Fv2%2Fcomments&post=3299"}],"version-history":[{"count":6,"href":"https:\/\/retirada37.com\/index.php?rest_route=\/wp\/v2\/posts\/3299\/revisions"}],"predecessor-version":[{"id":3307,"href":"https:\/\/retirada37.com\/index.php?rest_route=\/wp\/v2\/posts\/3299\/revisions\/3307"}],"wp:attachment":[{"href":"https:\/\/retirada37.com\/index.php?rest_route=%2Fwp%2Fv2%2Fmedia&parent=3299"}],"wp:term":[{"taxonomy":"category","embeddable":true,"href":"https:\/\/retirada37.com\/index.php?rest_route=%2Fwp%2Fv2%2Fcategories&post=3299"},{"taxonomy":"post_tag","embeddable":true,"href":"https:\/\/retirada37.com\/index.php?rest_route=%2Fwp%2Fv2%2Ftags&post=3299"}],"curies":[{"name":"wp","href":"https:\/\/api.w.org\/{rel}","templated":true}]}}