{"id":3292,"date":"2021-02-27T16:01:31","date_gmt":"2021-02-27T15:01:31","guid":{"rendered":"http:\/\/retirada37.com\/?p=3292"},"modified":"2021-02-27T16:01:31","modified_gmt":"2021-02-27T15:01:31","slug":"visages-de-femmes-rebelles-et-solidaires-lengagement-des-femmes-espagnoles-pour-la-liberte","status":"publish","type":"post","link":"https:\/\/retirada37.com\/?p=3292","title":{"rendered":"Visages de femmes rebelles et solidaires.  L\u2019engagement des femmes espagnoles pour la Libert\u00e9"},"content":{"rendered":"<p>L&rsquo;association 24 ao\u00fbt 1944 vous convie \u00e0 l&rsquo;exposition :<\/p>\n<p> Visages de femmes rebelles et solidaires<\/p>\n<p>L\u2019engagement des femmes espagnoles pour la Libert\u00e9 \u2026<\/p>\n<p>26 portraits peints par l\u2019artiste Juan Chica-Ventura, pour illustrer le combat des femmes espagnoles pour la Libert\u00e9.<\/p>\n<p>Le mois de la solidarit\u00e9 ouvre ses portes place des f\u00eates dans le 19e arrondissement. Malgr\u00e9 la pand\u00e9mie, vous pourrez d\u00e9ambuler dans les couloirs du Centre Paris&rsquo;Anim de la Place des F\u00eates. Vous y rencontrerez ces femmes au destin exceptionnel, ces m\u00e8res courage, ces filles volontaires, ces \u00eatres d\u00e9cid\u00e9es \u00e0 conqu\u00e9rir, \u00e0 sauvegarder, la grandeur de leur dignit\u00e9. Elles ont impos\u00e9 leurs droits \u00e0 d\u00e9cider de leur vie, en d\u00e9fendant leur libert\u00e9 et celle de tous contre les fascistes, les oppresseurs, les dictateurs, les capitalistes, les exploiteurs\u2026\u2026<\/p>\n<p>Elles sont n\u00e9es dans les milieux les plus pauvres ou dans des cercles favoris\u00e9s mais elles ont tout donner et abandonner pour leur id\u00e9al, qu\u2019elles ont jug\u00e9 plus important que leur propre existence.<\/p>\n<p>Elles sont nos m\u00e8res, nos s\u0153urs, celles qui nous ont ouvert le chemin de la Libert\u00e9 et de la r\u00e9sistance, elles sont celles qui nous ont \u00e9duqu\u00e9s, en nous apprenant \u00e0 r\u00e9fl\u00e9chir et \u00e0 penser par nous-m\u00eames.<\/p>\n<p>Venez nombreux prendre pied<\/p>\n<p>sur le rivage de leur vie.<\/p>\n<p>Exposition du samedi 2 mars au samedi 31 mars<\/p>\n<p>Centre Paris\u2019Anim ; Place des F\u00eates<\/p>\n<p>2\/4 rue des Lilas 75019 Paris<\/p>\n<p>(m\u00e9tro ligne 11 : Place des F\u00eates)<\/p>\n<p>Entr\u00e9e gratuite : <\/p>\n<p>Mardi et vendredi 10h-17h30 (pause 13h-14h),<\/p>\n<p>Mercredi et samedi 10h-17h30 (sans pause)<br \/>\n<a href=\"https:\/\/retirada37.com\/wp-content\/uploads\/2021\/02\/6033b25605a0d.jpg\"><img loading=\"lazy\" decoding=\"async\" src=\"https:\/\/retirada37.com\/wp-content\/uploads\/2021\/02\/6033b25605a0d.jpg\" alt=\"\" width=\"1753\" height=\"2480\" class=\"alignnone size-full wp-image-3293\" srcset=\"https:\/\/retirada37.com\/wp-content\/uploads\/2021\/02\/6033b25605a0d.jpg 1753w, https:\/\/retirada37.com\/wp-content\/uploads\/2021\/02\/6033b25605a0d-212x300.jpg 212w, https:\/\/retirada37.com\/wp-content\/uploads\/2021\/02\/6033b25605a0d-768x1087.jpg 768w, https:\/\/retirada37.com\/wp-content\/uploads\/2021\/02\/6033b25605a0d-724x1024.jpg 724w\" sizes=\"auto, (max-width: 1753px) 100vw, 1753px\" \/><\/a><\/p>\n","protected":false},"excerpt":{"rendered":"<p>L&rsquo;association 24 ao\u00fbt 1944 vous convie \u00e0 l&rsquo;exposition : Visages de femmes rebelles et solidaires L\u2019engagement des femmes espagnoles pour la Libert\u00e9 \u2026 26 portraits peints par l\u2019artiste Juan Chica-Ventura, pour illustrer le combat des femmes espagnoles pour la Libert\u00e9. Le mois de la solidarit\u00e9 ouvre ses portes place des f\u00eates dans le 19e arrondissement. &hellip; <a href=\"https:\/\/retirada37.com\/?p=3292\" class=\"more-link\">Continuer la lecture de <span class=\"screen-reader-text\">Visages de femmes rebelles et solidaires.  L\u2019engagement des femmes espagnoles pour la Libert\u00e9<\/span>  <span class=\"meta-nav\">&rarr;<\/span><\/a><\/p>\n","protected":false},"author":3,"featured_media":0,"comment_status":"open","ping_status":"open","sticky":false,"template":"","format":"standard","meta":{"_bbp_topic_count":0,"_bbp_reply_count":0,"_bbp_total_topic_count":0,"_bbp_total_reply_count":0,"_bbp_voice_count":0,"_bbp_anonymous_reply_count":0,"_bbp_topic_count_hidden":0,"_bbp_reply_count_hidden":0,"_bbp_forum_subforum_count":0,"footnotes":""},"categories":[2,20,14,15],"tags":[],"class_list":["post-3292","post","type-post","status-publish","format-standard","hentry","category-actualites","category-culture","category-histoire","category-temoignages-et-recits"],"_links":{"self":[{"href":"https:\/\/retirada37.com\/index.php?rest_route=\/wp\/v2\/posts\/3292","targetHints":{"allow":["GET"]}}],"collection":[{"href":"https:\/\/retirada37.com\/index.php?rest_route=\/wp\/v2\/posts"}],"about":[{"href":"https:\/\/retirada37.com\/index.php?rest_route=\/wp\/v2\/types\/post"}],"author":[{"embeddable":true,"href":"https:\/\/retirada37.com\/index.php?rest_route=\/wp\/v2\/users\/3"}],"replies":[{"embeddable":true,"href":"https:\/\/retirada37.com\/index.php?rest_route=%2Fwp%2Fv2%2Fcomments&post=3292"}],"version-history":[{"count":1,"href":"https:\/\/retirada37.com\/index.php?rest_route=\/wp\/v2\/posts\/3292\/revisions"}],"predecessor-version":[{"id":3294,"href":"https:\/\/retirada37.com\/index.php?rest_route=\/wp\/v2\/posts\/3292\/revisions\/3294"}],"wp:attachment":[{"href":"https:\/\/retirada37.com\/index.php?rest_route=%2Fwp%2Fv2%2Fmedia&parent=3292"}],"wp:term":[{"taxonomy":"category","embeddable":true,"href":"https:\/\/retirada37.com\/index.php?rest_route=%2Fwp%2Fv2%2Fcategories&post=3292"},{"taxonomy":"post_tag","embeddable":true,"href":"https:\/\/retirada37.com\/index.php?rest_route=%2Fwp%2Fv2%2Ftags&post=3292"}],"curies":[{"name":"wp","href":"https:\/\/api.w.org\/{rel}","templated":true}]}}