{"id":3289,"date":"2021-02-24T17:13:17","date_gmt":"2021-02-24T16:13:17","guid":{"rendered":"http:\/\/retirada37.com\/?p=3289"},"modified":"2021-02-24T17:13:17","modified_gmt":"2021-02-24T16:13:17","slug":"bande-dessinee-une-vie-de-combat-contre-le-franquisme","status":"publish","type":"post","link":"https:\/\/retirada37.com\/?p=3289","title":{"rendered":"Bande dessin\u00e9e. Une vie de combat contre le franquisme"},"content":{"rendered":"<p>Une biographie dessin\u00e9e est d\u00e9di\u00e9e \u00e0 la m\u00e9moire du communiste Miguel Nu\u00f1ez. <\/p>\n<p>R\u00e9sistant pendant la guerre d\u2019Espagne, il conna\u00eet de longues ann\u00e9es de d\u00e9tention, la torture et la clandestinit\u00e9. Le sc\u00e9nariste Pepe Galvez, lui aussi rescap\u00e9 des ge\u00f4les franquistes et le dessinateur Alfonso Lopez ont con\u00e7u leur \u0153uvre comme un pr\u00e9sent \u00e0 leur ami Miguel.<\/p>\n<p><strong>MILLE VIES DE PLUS, MIGUEL NU\u00d1EZ,<\/p>\n<p>Pepe Galvez, Alfonso Lopez<\/p>\n<p>\u00c9ditions Otium<\/strong><\/p>\n<p>\u00ab\u2009Le changement qu\u2019appelle le moment pr\u00e9sent, pour qu\u2019il soit un succ\u00e8s, exige, en quelque sorte, des retrouvailles avec nous-m\u00eame mais sous des formes in\u00e9dites.\u2009\u00bb Ces mots ont \u00e9t\u00e9 \u00e9crits par Miguel Nu\u00f1ez, communiste toute sa vie, dans La R\u00e9volution et le D\u00e9sir. Cette bande dessin\u00e9e r\u00e9alis\u00e9e avec tout le savoir-faire de la coop\u00e9rative ouvri\u00e8re Envie de lire, du nom de la librairie ivryienne o\u00f9 il a \u00e9t\u00e9 con\u00e7u, vient s\u2019ajouter aux autres chefs-d\u2019\u0153uvre du 9e art que la guerre d\u2019Espagne a inspir\u00e9s. Aux c\u00f4t\u00e9s de Christin et Bilal, de Bertrand Galic, Kris et Cuvillier, et de l\u2019immense Carlos Gimenez et de son Paracuellos, il faut d\u00e9sormais ajouter cette biographie dessin\u00e9e de Miguel Nu\u00f1ez. Seule la couverture affiche les trois couleurs du drapeau r\u00e9publicain, rouge, jaune et violet, couleurs mythiques d\u2019une seconde r\u00e9publique dont l\u2019effondrement annon\u00e7a la catastrophe de la Seconde Guerre mondiale. Le reste de l\u2019ouvrage, superbement dessin\u00e9 par Alfonso Lopez, offre des noir et blanc d\u2019une grande \u00e9l\u00e9gance, sobre, parfaitement \u00e0 l\u2019unisson du titre. Lopez est un grand artiste et n\u2019impose jamais son style, mais le fond toujours au r\u00e9cit de Nu\u00f1ez, sc\u00e9naris\u00e9 par Galvez et qui valut au livre de recevoir le prix national de la culture en Catalogne, avant de se voir enrichi de 38 planches pour l\u2019\u00e9dition fran\u00e7aise. Po\u00e9tique, strident, <a href=\"https:\/\/retirada37.com\/wp-content\/uploads\/2021\/02\/82834.HR-1.jpg\"><img loading=\"lazy\" decoding=\"async\" src=\"https:\/\/retirada37.com\/wp-content\/uploads\/2021\/02\/82834.HR-1.jpg\" alt=\"\" width=\"1200\" height=\"1608\" class=\"alignnone size-full wp-image-3290\" srcset=\"https:\/\/retirada37.com\/wp-content\/uploads\/2021\/02\/82834.HR-1.jpg 1200w, https:\/\/retirada37.com\/wp-content\/uploads\/2021\/02\/82834.HR-1-224x300.jpg 224w, https:\/\/retirada37.com\/wp-content\/uploads\/2021\/02\/82834.HR-1-768x1029.jpg 768w, https:\/\/retirada37.com\/wp-content\/uploads\/2021\/02\/82834.HR-1-764x1024.jpg 764w\" sizes=\"auto, (max-width: 1200px) 100vw, 1200px\" \/><\/a>expressif, suggestif, r\u00e9aliste, cauchemardesque, le dessin \u00e9voque les lignes du destin de cet homme, entre la clandestinit\u00e9 et l\u2019enfermement les plus sombres, ou bien la libert\u00e9 et les jours de victoires les plus lumineux. N\u00e9 en 1920, Miguel \u00e9tait d\u00e9j\u00e0 un combattant de Madrid encercl\u00e9, et participa \u00e0 la bataille au corps \u00e0 corps livr\u00e9 dans la Cit\u00e9 universitaire au mois de novembre 1936, symbole de la r\u00e9sistance h\u00e9ro\u00efque du peuple de gauche d\u2019Espagne face aux arm\u00e9es de Franco. <\/p>\n<p>Pour Miguel Nu\u00f1ez, la guerre ne s\u2019est pas termin\u00e9e en 1939, mais en 1975 avec la mort du dictateur. Pendant toutes ces ann\u00e9es, entre cachettes en France, planques \u00e0 Barcelone, entrecoup\u00e9es de dix-sept ann\u00e9es de prison, jamais Miguel ne rendit les armes ni ne faiblit dans sa r\u00e9sistance au franquisme. Les planches sont superbes, celles de la torture sont d\u2019une justesse \u00e0 peine soutenable, mais essentielles pour comprendre comment s\u2019est forg\u00e9e la volont\u00e9 de cet homme, et comment s\u2019est construite sa force \u00e0 endurer la douleur et narguer ses bourreaux. C\u2019est dans l\u2019enfer carc\u00e9ral franquiste que se scellent les amiti\u00e9s pour toujours.<\/p>\n<p>Il y a aussi des instants de bonheur, empreints d\u2019une grande s\u00e9r\u00e9nit\u00e9 dans le trait. Et puis la lib\u00e9ration avec la mort du sinistre vieillard et la renaissance en 1977 du Parti communiste d\u2019Espagne. Miguel Nu\u00f1ez est m\u00eame \u00e9lu d\u00e9put\u00e9, mais la politique n\u2019est pas son m\u00e9tier et il s\u2019en d\u00e9tache en 1982 pour aider le Nicaragua. Jamais inactif, il fonde en 2002 l\u2019association M\u00e9moire sociale et d\u00e9mocratique pour faire revivre l\u2019histoire des combattants de l\u2019ombre. Quant aux derni\u00e8res planches qui racontent le grand d\u00e9part \u00e0 88 ans, apr\u00e8s mille vies, le lecteur se retrouve dans une f\u00e9erie entre un conte lumineux de Saint-Exup\u00e9ry et toute la po\u00e9sie du vent, celle de l\u2019exil espagnol, de Rafael Alberti \u00e0 Arturo Serrano. Toute violence a \u00e9t\u00e9 bannie. Miguel Nu\u00f1ez peut partir tranquille. Il a accompli son destin. Derri\u00e8re cette existence d\u2019un petit Madril\u00e8ne devenu catalan de c\u0153ur, par-del\u00e0 ce parcours individuel, il est rendu hommage aux 192\u2009000 prisonniers qui moururent dans les ge\u00f4les de Franco, aux 150\u2009000 disparus dans les fosses encore \u00e0 d\u00e9couvrir, et aux dizaines de milliers de r\u00e9fugi\u00e9s dont le r\u00eave r\u00e9publicain fut bris\u00e9. Le dossier offre un compl\u00e9ment remarquable pour s\u2019y reconna\u00eetre dans l\u2019ensemble des petits partis anarcho-syndicalistes, socialistes et communistes des ann\u00e9es 1930 du XXe si\u00e8cle, pour \u00e9clairer les biographies, pour expliquer les \u00e9v\u00e9nements tournants de cette vie, avec une bibliographie comment\u00e9e qui permettra d\u2019aller toujours plus loin dans la connaissance de cette guerre d\u2019Espagne dont le fant\u00f4me n\u2019a pas fini de hanter l\u2019histoire des r\u00e9volutions et des r\u00e9publiques avort\u00e9es\u2026 \u00c0 Miguel Nu\u00f1ez la conclusion, lucide et combative de cet ouvrage remarquable\u2009: \u00ab\u2009Car l\u2019humanit\u00e9, \u00e0 d\u00e9faut de transformer radicalement le syst\u00e8me qui la gouverne, court in\u00e9luctablement vers son autodestruction.\u2009\u00bb<\/p>\n<p><strong>Mardi 23 F\u00e9vrier 2021<\/p>\n<p>Pierre Serna<\/strong><\/p>\n","protected":false},"excerpt":{"rendered":"<p>Une biographie dessin\u00e9e est d\u00e9di\u00e9e \u00e0 la m\u00e9moire du communiste Miguel Nu\u00f1ez. R\u00e9sistant pendant la guerre d\u2019Espagne, il conna\u00eet de longues ann\u00e9es de d\u00e9tention, la torture et la clandestinit\u00e9. Le sc\u00e9nariste Pepe Galvez, lui aussi rescap\u00e9 des ge\u00f4les franquistes et le dessinateur Alfonso Lopez ont con\u00e7u leur \u0153uvre comme un pr\u00e9sent \u00e0 leur ami Miguel. &hellip; <a href=\"https:\/\/retirada37.com\/?p=3289\" class=\"more-link\">Continuer la lecture de <span class=\"screen-reader-text\">Bande dessin\u00e9e. Une vie de combat contre le franquisme<\/span>  <span class=\"meta-nav\">&rarr;<\/span><\/a><\/p>\n","protected":false},"author":3,"featured_media":0,"comment_status":"open","ping_status":"open","sticky":false,"template":"","format":"standard","meta":{"_bbp_topic_count":0,"_bbp_reply_count":0,"_bbp_total_topic_count":0,"_bbp_total_reply_count":0,"_bbp_voice_count":0,"_bbp_anonymous_reply_count":0,"_bbp_topic_count_hidden":0,"_bbp_reply_count_hidden":0,"_bbp_forum_subforum_count":0,"footnotes":""},"categories":[14,15],"tags":[],"class_list":["post-3289","post","type-post","status-publish","format-standard","hentry","category-histoire","category-temoignages-et-recits"],"_links":{"self":[{"href":"https:\/\/retirada37.com\/index.php?rest_route=\/wp\/v2\/posts\/3289","targetHints":{"allow":["GET"]}}],"collection":[{"href":"https:\/\/retirada37.com\/index.php?rest_route=\/wp\/v2\/posts"}],"about":[{"href":"https:\/\/retirada37.com\/index.php?rest_route=\/wp\/v2\/types\/post"}],"author":[{"embeddable":true,"href":"https:\/\/retirada37.com\/index.php?rest_route=\/wp\/v2\/users\/3"}],"replies":[{"embeddable":true,"href":"https:\/\/retirada37.com\/index.php?rest_route=%2Fwp%2Fv2%2Fcomments&post=3289"}],"version-history":[{"count":1,"href":"https:\/\/retirada37.com\/index.php?rest_route=\/wp\/v2\/posts\/3289\/revisions"}],"predecessor-version":[{"id":3291,"href":"https:\/\/retirada37.com\/index.php?rest_route=\/wp\/v2\/posts\/3289\/revisions\/3291"}],"wp:attachment":[{"href":"https:\/\/retirada37.com\/index.php?rest_route=%2Fwp%2Fv2%2Fmedia&parent=3289"}],"wp:term":[{"taxonomy":"category","embeddable":true,"href":"https:\/\/retirada37.com\/index.php?rest_route=%2Fwp%2Fv2%2Fcategories&post=3289"},{"taxonomy":"post_tag","embeddable":true,"href":"https:\/\/retirada37.com\/index.php?rest_route=%2Fwp%2Fv2%2Ftags&post=3289"}],"curies":[{"name":"wp","href":"https:\/\/api.w.org\/{rel}","templated":true}]}}