{"id":3283,"date":"2021-02-14T17:08:55","date_gmt":"2021-02-14T16:08:55","guid":{"rendered":"http:\/\/retirada37.com\/?p=3283"},"modified":"2021-02-14T17:40:01","modified_gmt":"2021-02-14T16:40:01","slug":"fr-nous-reviendrons","status":"publish","type":"post","link":"https:\/\/retirada37.com\/?p=3283","title":{"rendered":"\u00ab\u00a0Nous reviendrons\u00a0\u00bb"},"content":{"rendered":"<blockquote><p><iframe loading=\"lazy\" width=\"560\" height=\"315\" src=\"https:\/\/www.youtube.com\/embed\/qo6VYKviZmg\" frameborder=\"0\" allow=\"accelerometer; autoplay; clipboard-write; encrypted-media; gyroscope; picture-in-picture\" allowfullscreen><\/iframe><\/p><\/blockquote>\n<blockquote><p><iframe loading=\"lazy\" width=\"560\" height=\"315\" src=\"https:\/\/www.youtube.com\/embed\/OAkXADYRVTo\" frameborder=\"0\" allow=\"accelerometer; autoplay; clipboard-write; encrypted-media; gyroscope; picture-in-picture\" allowfullscreen><\/iframe><\/p><\/blockquote>\n<p>NOUS REVIENDRONS<\/p>\n<p>de Felip Sol\u00e9<\/p>\n<p>Titre original : Tornarem<\/p>\n<p>Catalogne, 2011,<\/p>\n<p>Chapitre 1 : 1h22&prime;<br \/>\nChapitre 2 : 1h 32&prime;<\/p>\n<p>Version catalane sous-titr\u00e9e en fran\u00e7ais<\/p>\n<p>\u00ab\u00a0Tornarem\u00a0\u00bb recr\u00e9e l&rsquo;histoire des r\u00e9publicains catalans et espagnols qui se sont exil\u00e9s en Europe et qui, apr\u00e8s la guerre civile espagnole, se sont vus plong\u00e9s dans une guerre contre le fascisme. Ils ont v\u00e9cu dix ann\u00e9es de guerre cons\u00e9cutives et, malgr\u00e9 des vies alt\u00e9r\u00e9es, ont continu\u00e9 \u00e0 avancer, avec l&rsquo;espoir que leur combat servirait un jour \u00e0 renverser Franco et \u00e0 pouvoir retourner dans leur pays. <\/p>\n<p>\u00ab\u00a0En 1939 \u00e0 Barcelone la jeune fille de Lola et Felip est enlev\u00e9e par les phalangistes. En France ils sont enferm\u00e9s au camp d\u2019Argel\u00e8s. Felip veut r\u00e9cup\u00e9rer sa fille mais les avatars de la guerre le font entrer dans la L\u00e9gion pour lutter contre les alli\u00e9s. Il d\u00e9serte pour lutter dans la 2\u00e8me DB du G\u00e9n\u00e9ral Leclerc o\u00f9 il fait partie de la \u00ab Nueve \u00bb la c\u00e9l\u00e8bre 9\u00e8me compagnie. En France, Lola s\u2019engage dans la R\u00e9sistance et r\u00e9cup\u00e8re sa fille avec l\u2019aide de Manel, libertaire et passeur d\u2019hommes de qui elle tombe amoureuse\u2026\u00a0\u00bb<\/p>\n<p> Prix Iris pour la meilleure fiction, Acad\u00e9mie des Sciences et Arts de T\u00e9l\u00e9vision d\u2019Espagne. Prix Gaud\u00ed au meilleur film TV, Acad\u00e9mie du Cin\u00e9ma Catalan. Prix Magnolia d\u2019Or  au meilleur directeur, Festival de T\u00e9l\u00e9vision de Shanghai. Prix Panda d\u2019Or au meilleur scenario, Festival de T\u00e9l\u00e9vision de Sichuan, Chine. Son directeur de photographie, Josep M. Civit\u00e0 re\u00e7u le prix PRISMA 2012 de l\u2019Association de Directeurs de Photographie d\u2019Espagne. Nomin\u00e9 aux Prix Europe 2012 au Festival de T\u00e9l\u00e9vision de Monte-Carlo et \u00e0 la meilleure actrice au Festival de Berlin.<\/p>\n","protected":false},"excerpt":{"rendered":"<p>NOUS REVIENDRONS de Felip Sol\u00e9 Titre original : Tornarem Catalogne, 2011, Chapitre 1 : 1h22&prime; Chapitre 2 : 1h 32&prime; Version catalane sous-titr\u00e9e en fran\u00e7ais \u00ab\u00a0Tornarem\u00a0\u00bb recr\u00e9e l&rsquo;histoire des r\u00e9publicains catalans et espagnols qui se sont exil\u00e9s en Europe et qui, apr\u00e8s la guerre civile espagnole, se sont vus plong\u00e9s dans une guerre contre le &hellip; <a href=\"https:\/\/retirada37.com\/?p=3283\" class=\"more-link\">Continuer la lecture de <span class=\"screen-reader-text\">\u00ab\u00a0Nous reviendrons\u00a0\u00bb<\/span>  <span class=\"meta-nav\">&rarr;<\/span><\/a><\/p>\n","protected":false},"author":3,"featured_media":0,"comment_status":"open","ping_status":"open","sticky":false,"template":"","format":"standard","meta":{"_bbp_topic_count":0,"_bbp_reply_count":0,"_bbp_total_topic_count":0,"_bbp_total_reply_count":0,"_bbp_voice_count":0,"_bbp_anonymous_reply_count":0,"_bbp_topic_count_hidden":0,"_bbp_reply_count_hidden":0,"_bbp_forum_subforum_count":0,"footnotes":""},"categories":[14,4],"tags":[],"class_list":["post-3283","post","type-post","status-publish","format-standard","hentry","category-histoire","category-videos"],"_links":{"self":[{"href":"https:\/\/retirada37.com\/index.php?rest_route=\/wp\/v2\/posts\/3283","targetHints":{"allow":["GET"]}}],"collection":[{"href":"https:\/\/retirada37.com\/index.php?rest_route=\/wp\/v2\/posts"}],"about":[{"href":"https:\/\/retirada37.com\/index.php?rest_route=\/wp\/v2\/types\/post"}],"author":[{"embeddable":true,"href":"https:\/\/retirada37.com\/index.php?rest_route=\/wp\/v2\/users\/3"}],"replies":[{"embeddable":true,"href":"https:\/\/retirada37.com\/index.php?rest_route=%2Fwp%2Fv2%2Fcomments&post=3283"}],"version-history":[{"count":3,"href":"https:\/\/retirada37.com\/index.php?rest_route=\/wp\/v2\/posts\/3283\/revisions"}],"predecessor-version":[{"id":3286,"href":"https:\/\/retirada37.com\/index.php?rest_route=\/wp\/v2\/posts\/3283\/revisions\/3286"}],"wp:attachment":[{"href":"https:\/\/retirada37.com\/index.php?rest_route=%2Fwp%2Fv2%2Fmedia&parent=3283"}],"wp:term":[{"taxonomy":"category","embeddable":true,"href":"https:\/\/retirada37.com\/index.php?rest_route=%2Fwp%2Fv2%2Fcategories&post=3283"},{"taxonomy":"post_tag","embeddable":true,"href":"https:\/\/retirada37.com\/index.php?rest_route=%2Fwp%2Fv2%2Ftags&post=3283"}],"curies":[{"name":"wp","href":"https:\/\/api.w.org\/{rel}","templated":true}]}}