{"id":327,"date":"2015-09-09T09:28:21","date_gmt":"2015-09-09T08:28:21","guid":{"rendered":"http:\/\/retirada37.com\/?p=327"},"modified":"2015-09-09T09:28:21","modified_gmt":"2015-09-09T08:28:21","slug":"rencontres-au-detour-des-vacances","status":"publish","type":"post","link":"https:\/\/retirada37.com\/?p=327","title":{"rendered":"Rencontres au d\u00e9tour des vacances&#8230;"},"content":{"rendered":"<p><em>Au cours de nos p\u00e9r\u00e9grinations ornithologiques, dans les P.O.<\/em><br \/>\n<em>(Pyr\u00e9n\u00e9es Orientales),nous avons d\u00e9couvert ,au bout d&rsquo;un chemin<\/em><br \/>\n<em>inextricable,d&rsquo;un petit village de montagne catalane :PY (r\u00e9serve naturelle),<\/em><br \/>\n<em>une plaque comm\u00e9morative de la retirada (voir pi\u00e8ce jointe ).<\/em><br \/>\n<em>Ce qui semble banal ,au premier abord,dans ce d\u00e9partement qui re\u00e7ut plusieurs <\/em><br \/>\n<em>centaines de milliers de r\u00e9fugi\u00e9s, l&rsquo;ait beaucoup moins, quand comme nous, avons pu le <\/em><br \/>\n<em>constater physiquement, la route emprunt\u00e9e n&rsquo;\u00e9tait pas la plus naturelle et la plus facile.<\/em><br \/>\n<em>-La vall\u00e9e de la Rotja est tr\u00e8s escarp\u00e9e,avec peu de sentiers ou sentes naturelles dessin\u00e9es<\/em><br \/>\n<em>( peu d&rsquo;\u00e9levage et estives).<\/em><br \/>\n<em>-La fronti\u00e8re suit des sommets de plus de 2000m qui forment une barri\u00e8re tr\u00e8s difficile \u00e0 franchir<\/em><br \/>\n<em>-Il est certain qu&rsquo;au mois de f\u00e9vrier 1939,cette \u00ab\u00a0route\u00a0\u00bb \u00e9tait fortement enneig\u00e9e.<\/em><br \/>\n<em>Alors pourquoi avoir choisi cet itin\u00e9raire ?<\/em><br \/>\n<em>\u00c9tait ce un choix ,ou se sont ils perdu ?<\/em><br \/>\n<em>Avaient-ils des contacts avec les catalans du village de Py ou de Mantet ?<\/em><br \/>\n<em>Pensaient-ils,que l&rsquo;accueil fran\u00e7ais serait meilleur ici que sur les grands passages?<\/em><br \/>\n<em>Je crois savoir que la route de Mollo \u00e9tait la derni\u00e8re \u00e0 \u00eatre contr\u00f4l\u00e9e par les fascistes,<\/em><br \/>\n<em>ces r\u00e9fugi\u00e9s faisaient -ils parti des derni\u00e8res vagues ?<\/em><br \/>\n<em>Qui \u00e9taient-ils ?<\/em><\/p>\n<p><em>J&rsquo;imagine mal des femmes , enfants, vieillards r\u00e9sister \u00e0 une telle marche!<\/em><br \/>\n<em>Que sont ils devenu ? <\/em><\/p>\n<p><em>Quelle est leur histoire ?<\/em><br \/>\n<em>Visiblement \u00e0 PY leur m\u00e9moire a perdur\u00e9,mais en interrogeant un garde de la maison de la nature,<\/em><br \/>\n<em>il m&rsquo;indiqua sans trop de pr\u00e9cision, que certains s&rsquo;\u00e9taient \u00e9tablis dans l&rsquo;arri\u00e8re pays<\/em><br \/>\n<em>(j&rsquo;ai grand peine \u00e0 imaginer plus arri\u00e8re pays que cette vall\u00e9e ) ou ont \u00e9t\u00e9s dirig\u00e9s vers <\/em><br \/>\n<em>Rivesaltes&#8230;..Bref rien de bien probant .<\/em><br \/>\n<em>\u00c9tant seulement de passage, je n&rsquo;ai pu continuer mes investigations plus loin, aupr\u00e8s du maire, <\/em><br \/>\n<em>des r\u00e9sidents etc&#8230;..ces questions resteront pour l&rsquo;instant sans r\u00e9ponse.<\/em><br \/>\n<em>Je souhaitais seulement vous faire partager ma stup\u00e9faction devant les conditions extr\u00eames de<\/em><br \/>\n<em>cet \u00ab\u00a0exode\u00a0\u00bb.<\/em><br \/>\n<em>Salut et fraternit\u00e9<\/em><br \/>\n<em>Bruno N.<\/em><\/p>\n","protected":false},"excerpt":{"rendered":"<p>Au cours de nos p\u00e9r\u00e9grinations ornithologiques, dans les P.O. (Pyr\u00e9n\u00e9es Orientales),nous avons d\u00e9couvert ,au bout d&rsquo;un chemin inextricable,d&rsquo;un petit village de montagne catalane :PY (r\u00e9serve naturelle), une plaque comm\u00e9morative de la retirada (voir pi\u00e8ce jointe ). Ce qui semble banal ,au premier abord,dans ce d\u00e9partement qui re\u00e7ut plusieurs centaines de milliers de r\u00e9fugi\u00e9s, l&rsquo;ait beaucoup &hellip; <a href=\"https:\/\/retirada37.com\/?p=327\" class=\"more-link\">Continuer la lecture de <span class=\"screen-reader-text\">Rencontres au d\u00e9tour des vacances&#8230;<\/span>  <span class=\"meta-nav\">&rarr;<\/span><\/a><\/p>\n","protected":false},"author":3,"featured_media":0,"comment_status":"open","ping_status":"open","sticky":false,"template":"","format":"standard","meta":{"_bbp_topic_count":0,"_bbp_reply_count":0,"_bbp_total_topic_count":0,"_bbp_total_reply_count":0,"_bbp_voice_count":0,"_bbp_anonymous_reply_count":0,"_bbp_topic_count_hidden":0,"_bbp_reply_count_hidden":0,"_bbp_forum_subforum_count":0,"footnotes":""},"categories":[15],"tags":[],"class_list":["post-327","post","type-post","status-publish","format-standard","hentry","category-temoignages-et-recits"],"_links":{"self":[{"href":"https:\/\/retirada37.com\/index.php?rest_route=\/wp\/v2\/posts\/327","targetHints":{"allow":["GET"]}}],"collection":[{"href":"https:\/\/retirada37.com\/index.php?rest_route=\/wp\/v2\/posts"}],"about":[{"href":"https:\/\/retirada37.com\/index.php?rest_route=\/wp\/v2\/types\/post"}],"author":[{"embeddable":true,"href":"https:\/\/retirada37.com\/index.php?rest_route=\/wp\/v2\/users\/3"}],"replies":[{"embeddable":true,"href":"https:\/\/retirada37.com\/index.php?rest_route=%2Fwp%2Fv2%2Fcomments&post=327"}],"version-history":[{"count":1,"href":"https:\/\/retirada37.com\/index.php?rest_route=\/wp\/v2\/posts\/327\/revisions"}],"predecessor-version":[{"id":328,"href":"https:\/\/retirada37.com\/index.php?rest_route=\/wp\/v2\/posts\/327\/revisions\/328"}],"wp:attachment":[{"href":"https:\/\/retirada37.com\/index.php?rest_route=%2Fwp%2Fv2%2Fmedia&parent=327"}],"wp:term":[{"taxonomy":"category","embeddable":true,"href":"https:\/\/retirada37.com\/index.php?rest_route=%2Fwp%2Fv2%2Fcategories&post=327"},{"taxonomy":"post_tag","embeddable":true,"href":"https:\/\/retirada37.com\/index.php?rest_route=%2Fwp%2Fv2%2Ftags&post=327"}],"curies":[{"name":"wp","href":"https:\/\/api.w.org\/{rel}","templated":true}]}}