{"id":325,"date":"2015-09-09T09:23:25","date_gmt":"2015-09-09T08:23:25","guid":{"rendered":"http:\/\/retirada37.com\/?p=325"},"modified":"2015-09-09T09:23:25","modified_gmt":"2015-09-09T08:23:25","slug":"une-exposition-de-la-part-de-georges","status":"publish","type":"post","link":"https:\/\/retirada37.com\/?p=325","title":{"rendered":"Une Exposition de la part de Georges"},"content":{"rendered":"<p>EXTRAIT DE \u00ab L\u2019INDEPENDANT \u00bb DU 31\/07\/2015<br \/>\nPyr\u00e9n\u00e9es Orientales : PRATS DE MOLLO &#8211; LA PRESTE<br \/>\nUne riche exposition de plusieurs milliers de documents retrace l&rsquo;histoire de l&rsquo;Espagne de 1931 \u00e0 1975.<\/p>\n<p>L&rsquo;\u00e9cole primaire de Prats h\u00e9berge jusqu&rsquo;au 23 ao\u00fbt une exposition sur la guerre civile espagnole et la Retirada.<br \/>\nLe temps s&rsquo;\u00e9gr\u00e8ne et les plaies de la guerre civile d&rsquo;Espagne (1936-1939) peinent encore \u00e0 cicatriser. Le traumatisme de l&rsquo;effroi r\u00e9pandu dans une p\u00e9ninsule ib\u00e9rique divis\u00e9e en deux et du d\u00e9chirement lancinant de milliers de familles espagnoles s&rsquo;\u00e9veille en sursaut \u00e0 chaque d\u00e9couverte d&rsquo;une nouvelle archive iconographique. Outre la douleur visc\u00e9rale toujours vive chez certains, la m\u00e9moire de cette \u00e9poque sombre de l&rsquo;Europe s&rsquo;entretient pour l&rsquo;\u00e9t\u00e9 \u00e0 Prats-de-Mollo \u00e0 travers l&rsquo;exposition \u00ab\u00a0Llibertat !\u00a0\u00bb. Des images de la Retirada, l&rsquo;exode des r\u00e9fugi\u00e9s espagnols de la guerre civile, sont aussi imprim\u00e9es sur papier glac\u00e9.<br \/>\nFaits politiques, sociaux, \u00e9conomiques, militaires et religieux en tout genre ont \u00e9maill\u00e9 l&rsquo;Espagne de la d\u00e9claration de la R\u00e9publique en 1931 \u00e0 la disparition du dictateur Franco le 20 novembre 1975. Un pan de l&rsquo;Histoire que Patrick Llu\u00eds a fait sien, lui le descendant de r\u00e9fugi\u00e9s. Ainsi, depuis des ann\u00e9es, il collecte avec minutie tout manuscrit, acte, archive ou photographie d\u00e9nich\u00e9s chez les particuliers, sur internet, chez les marchands, \u00e0 Barcelone ou m\u00eame Paris.<br \/>\n\u00ab\u00a0Ce travail de m\u00e9moire, je l&rsquo;ai r\u00e9alis\u00e9 \u00e0 des fins personnelles, d&rsquo;abord, pour analyser le traumatisme. Puis, j&rsquo;ai pris conscience que dans certains livres d&rsquo;histoire, la R\u00e9publique espagnole, la guerre civile, la Retirada, le Franquisme \u00e9taient quasiment pass\u00e9s sous silence. Je me devais d&rsquo;exposer mes recherches au grand public\u00a0\u00bb, consent Patrick Llu\u00eds f\u00e9ru d&rsquo;histoire tout comme son \u00e9pouse Elena Gual quil&rsquo;accompagne dans ses d\u00e9marches. Pas moins de 2000 documents, fruits de leurs trouvailles, sont affich\u00e9s et r\u00e9v\u00e9l\u00e9s pour l&rsquo;occasion.<br \/>\nLe couple \u00e0 la t\u00eate de l&rsquo;exposition a une ambition : \u00ab\u00a0D\u00e9voiler la globalit\u00e9 de l&rsquo;histoire.\u00a0\u00bb Dans ce sens, il fait la lumi\u00e8re sur des iconographies r\u00e9alis\u00e9es pendant la guerre par les anarchistes, les communistes, les syndicalistes, les associations, les franquistes, les groupes royalistes et ceux d&rsquo;extr\u00eame droite. \u00ab\u00a0Sans distinction.\u00a0\u00bb M\u00eame la propagande internationale trouve sa place. Des t\u00e9moignages et des photographies sont consacr\u00e9s \u00e0 la Retirada, des journaux de 1975 reviennent sur la mort de Franco.<br \/>\nParmi les trouvailles de Patrick Llu\u00eds figurent un laisser-passer sign\u00e9 de la main de L\u00e9on Blum, des tracts communistes \u00e9dit\u00e9s clandestinement \u00e0 Madrid dans les ann\u00e9es 1940, des \u00e9crits de r\u00e9fugi\u00e9s du camp d&rsquo;Argel\u00e8s, des rapports de 1946 des services secrets fran\u00e7ais \u00e0 Madrid envoy\u00e9s \u00e0 Paris et relatant la mise en place du r\u00e9gime franquiste.<\/p>\n","protected":false},"excerpt":{"rendered":"<p>EXTRAIT DE \u00ab L\u2019INDEPENDANT \u00bb DU 31\/07\/2015 Pyr\u00e9n\u00e9es Orientales : PRATS DE MOLLO &#8211; LA PRESTE Une riche exposition de plusieurs milliers de documents retrace l&rsquo;histoire de l&rsquo;Espagne de 1931 \u00e0 1975. L&rsquo;\u00e9cole primaire de Prats h\u00e9berge jusqu&rsquo;au 23 ao\u00fbt une exposition sur la guerre civile espagnole et la Retirada. Le temps s&rsquo;\u00e9gr\u00e8ne et les &hellip; <a href=\"https:\/\/retirada37.com\/?p=325\" class=\"more-link\">Continuer la lecture de <span class=\"screen-reader-text\">Une Exposition de la part de Georges<\/span>  <span class=\"meta-nav\">&rarr;<\/span><\/a><\/p>\n","protected":false},"author":3,"featured_media":0,"comment_status":"open","ping_status":"open","sticky":false,"template":"","format":"standard","meta":{"_bbp_topic_count":0,"_bbp_reply_count":0,"_bbp_total_topic_count":0,"_bbp_total_reply_count":0,"_bbp_voice_count":0,"_bbp_anonymous_reply_count":0,"_bbp_topic_count_hidden":0,"_bbp_reply_count_hidden":0,"_bbp_forum_subforum_count":0,"footnotes":""},"categories":[14,15],"tags":[],"class_list":["post-325","post","type-post","status-publish","format-standard","hentry","category-histoire","category-temoignages-et-recits"],"_links":{"self":[{"href":"https:\/\/retirada37.com\/index.php?rest_route=\/wp\/v2\/posts\/325","targetHints":{"allow":["GET"]}}],"collection":[{"href":"https:\/\/retirada37.com\/index.php?rest_route=\/wp\/v2\/posts"}],"about":[{"href":"https:\/\/retirada37.com\/index.php?rest_route=\/wp\/v2\/types\/post"}],"author":[{"embeddable":true,"href":"https:\/\/retirada37.com\/index.php?rest_route=\/wp\/v2\/users\/3"}],"replies":[{"embeddable":true,"href":"https:\/\/retirada37.com\/index.php?rest_route=%2Fwp%2Fv2%2Fcomments&post=325"}],"version-history":[{"count":1,"href":"https:\/\/retirada37.com\/index.php?rest_route=\/wp\/v2\/posts\/325\/revisions"}],"predecessor-version":[{"id":326,"href":"https:\/\/retirada37.com\/index.php?rest_route=\/wp\/v2\/posts\/325\/revisions\/326"}],"wp:attachment":[{"href":"https:\/\/retirada37.com\/index.php?rest_route=%2Fwp%2Fv2%2Fmedia&parent=325"}],"wp:term":[{"taxonomy":"category","embeddable":true,"href":"https:\/\/retirada37.com\/index.php?rest_route=%2Fwp%2Fv2%2Fcategories&post=325"},{"taxonomy":"post_tag","embeddable":true,"href":"https:\/\/retirada37.com\/index.php?rest_route=%2Fwp%2Fv2%2Ftags&post=325"}],"curies":[{"name":"wp","href":"https:\/\/api.w.org\/{rel}","templated":true}]}}