{"id":3223,"date":"2020-12-10T16:38:30","date_gmt":"2020-12-10T15:38:30","guid":{"rendered":"http:\/\/retirada37.com\/?p=3223"},"modified":"2020-12-10T16:38:30","modified_gmt":"2020-12-10T15:38:30","slug":"la-mort-en-marche-robert-capa","status":"publish","type":"post","link":"https:\/\/retirada37.com\/?p=3223","title":{"rendered":"La mort en marche   Robert Capa"},"content":{"rendered":"<p><strong>   R\u00e9\u00e9dition du livre.<\/strong><a href=\"https:\/\/retirada37.com\/wp-content\/uploads\/2020\/12\/La-mort-en-marche.jpg\"><img loading=\"lazy\" decoding=\"async\" src=\"https:\/\/retirada37.com\/wp-content\/uploads\/2020\/12\/La-mort-en-marche.jpg\" alt=\"\" width=\"340\" height=\"340\" class=\"alignnone size-full wp-image-3224\" srcset=\"https:\/\/retirada37.com\/wp-content\/uploads\/2020\/12\/La-mort-en-marche.jpg 340w, https:\/\/retirada37.com\/wp-content\/uploads\/2020\/12\/La-mort-en-marche-150x150.jpg 150w, https:\/\/retirada37.com\/wp-content\/uploads\/2020\/12\/La-mort-en-marche-300x300.jpg 300w\" sizes=\"auto, (max-width: 340px) 100vw, 340px\" \/><\/a><\/p>\n<p>Des images de guerre des reporters Gerda Taro,Chim et Robert Capa,maquett\u00e9es par l&rsquo;immense Andr\u00e9 Kert\u00e9sz, l&rsquo;un des p\u00e8res de la photographie moderne. Publi\u00e9 en 1938,cet hommage bouleversant de Capa au courage des r\u00e9publicains espagnols s&rsquo;est depuis,impos\u00e9 comme l&rsquo;un des monuments de l&rsquo;histoire de la photographie. Il est aujourd&rsquo;hui r\u00e9\u00e9dit\u00e9 dans une version identique mais de bien meilleure qualit\u00e9.<\/p>\n<p><strong>Aux \u00e9ditions DELPIRE &#038; CO  112 p.  35\u20ac<\/strong><\/p>\n","protected":false},"excerpt":{"rendered":"<p>R\u00e9\u00e9dition du livre. Des images de guerre des reporters Gerda Taro,Chim et Robert Capa,maquett\u00e9es par l&rsquo;immense Andr\u00e9 Kert\u00e9sz, l&rsquo;un des p\u00e8res de la photographie moderne. Publi\u00e9 en 1938,cet hommage bouleversant de Capa au courage des r\u00e9publicains espagnols s&rsquo;est depuis,impos\u00e9 comme l&rsquo;un des monuments de l&rsquo;histoire de la photographie. Il est aujourd&rsquo;hui r\u00e9\u00e9dit\u00e9 dans une version &hellip; <a href=\"https:\/\/retirada37.com\/?p=3223\" class=\"more-link\">Continuer la lecture de <span class=\"screen-reader-text\">La mort en marche   Robert Capa<\/span>  <span class=\"meta-nav\">&rarr;<\/span><\/a><\/p>\n","protected":false},"author":3,"featured_media":0,"comment_status":"open","ping_status":"open","sticky":false,"template":"","format":"standard","meta":{"_bbp_topic_count":0,"_bbp_reply_count":0,"_bbp_total_topic_count":0,"_bbp_total_reply_count":0,"_bbp_voice_count":0,"_bbp_anonymous_reply_count":0,"_bbp_topic_count_hidden":0,"_bbp_reply_count_hidden":0,"_bbp_forum_subforum_count":0,"footnotes":""},"categories":[20,14,15],"tags":[],"class_list":["post-3223","post","type-post","status-publish","format-standard","hentry","category-culture","category-histoire","category-temoignages-et-recits"],"_links":{"self":[{"href":"https:\/\/retirada37.com\/index.php?rest_route=\/wp\/v2\/posts\/3223","targetHints":{"allow":["GET"]}}],"collection":[{"href":"https:\/\/retirada37.com\/index.php?rest_route=\/wp\/v2\/posts"}],"about":[{"href":"https:\/\/retirada37.com\/index.php?rest_route=\/wp\/v2\/types\/post"}],"author":[{"embeddable":true,"href":"https:\/\/retirada37.com\/index.php?rest_route=\/wp\/v2\/users\/3"}],"replies":[{"embeddable":true,"href":"https:\/\/retirada37.com\/index.php?rest_route=%2Fwp%2Fv2%2Fcomments&post=3223"}],"version-history":[{"count":1,"href":"https:\/\/retirada37.com\/index.php?rest_route=\/wp\/v2\/posts\/3223\/revisions"}],"predecessor-version":[{"id":3225,"href":"https:\/\/retirada37.com\/index.php?rest_route=\/wp\/v2\/posts\/3223\/revisions\/3225"}],"wp:attachment":[{"href":"https:\/\/retirada37.com\/index.php?rest_route=%2Fwp%2Fv2%2Fmedia&parent=3223"}],"wp:term":[{"taxonomy":"category","embeddable":true,"href":"https:\/\/retirada37.com\/index.php?rest_route=%2Fwp%2Fv2%2Fcategories&post=3223"},{"taxonomy":"post_tag","embeddable":true,"href":"https:\/\/retirada37.com\/index.php?rest_route=%2Fwp%2Fv2%2Ftags&post=3223"}],"curies":[{"name":"wp","href":"https:\/\/api.w.org\/{rel}","templated":true}]}}