{"id":321,"date":"2015-09-09T09:16:02","date_gmt":"2015-09-09T08:16:02","guid":{"rendered":"http:\/\/retirada37.com\/?p=321"},"modified":"2015-09-10T09:42:54","modified_gmt":"2015-09-10T08:42:54","slug":"franco-la-muerte-20-nouvelles-contre-loubli","status":"publish","type":"post","link":"https:\/\/retirada37.com\/?p=321","title":{"rendered":"Franco la muerte : 20 nouvelles contre l&rsquo;oubli"},"content":{"rendered":"<p>Quarante ans apr\u00e8s la mort de Franco, si le temps a pass\u00e9, la d\u00e9testation est intacte. Elle a inspir\u00e9 \u00ab\u00a0Franco la muerte\u00a0\u00bb, un ouvrage qui regroupe 20 nouvelles in\u00e9dites \u00e9crites par des snipers de la plume qui visent juste, et sur tous les tons : dr\u00f4le, cocasse, grave, ironique, col\u00e9reux&#8230; Chaque mercredi l&rsquo;humanite.fr vous en propose un extrait diff\u00e9rent.<\/p>\n<p>&#8211;\u00a0 Novembre 1975, le Caudillo meurt de sa belle mort. Dans son lit, en toute impunit\u00e9 !<\/p>\n<p>&#8211;\u00a0 Janvier 2015, l\u2019id\u00e9e jaillit de c\u00e9l\u00e9brer l\u2019anniversaire de Franco de porc, pour les 40 ans de sa mort. Franco, les garrots, les fachos, les bigots, les toubibs, les courtisans, les cocos, les anars, les Basques : vingt auteur(e)s entament ici la grande parade des r\u00e8glements de compte. A la lecture du recueil \u00ab\u00a0Franco la muerte\u00a0\u00bb on se dit que l\u2019affaire n\u2019est pas sold\u00e9e. D\u2019autant que l\u2019Ogre a fait des petits, beaucoup de petits\u2026<\/p>\n<p><a href=\"http:\/\/www.editions-arcane17.net\">http:\/\/www.editions-arcane17.net<\/a><\/p>\n<p>Sortie en librairie : Jeudi 27 ao\u00fbt<br \/>\nPrix : 21.00\u20ac<br \/>\n<em>SOURCE : \u00ab\u00a0Franco la muerte\u00a0\u00bb : 20 nouvelles contre l&rsquo;oubli | L&rsquo;Humanit\u00e9<\/em><\/p>\n","protected":false},"excerpt":{"rendered":"<p>Quarante ans apr\u00e8s la mort de Franco, si le temps a pass\u00e9, la d\u00e9testation est intacte. Elle a inspir\u00e9 \u00ab\u00a0Franco la muerte\u00a0\u00bb, un ouvrage qui regroupe 20 nouvelles in\u00e9dites \u00e9crites par des snipers de la plume qui visent juste, et sur tous les tons : dr\u00f4le, cocasse, grave, ironique, col\u00e9reux&#8230; Chaque mercredi l&rsquo;humanite.fr vous en &hellip; <a href=\"https:\/\/retirada37.com\/?p=321\" class=\"more-link\">Continuer la lecture de <span class=\"screen-reader-text\">Franco la muerte : 20 nouvelles contre l&rsquo;oubli<\/span>  <span class=\"meta-nav\">&rarr;<\/span><\/a><\/p>\n","protected":false},"author":3,"featured_media":0,"comment_status":"open","ping_status":"open","sticky":false,"template":"","format":"standard","meta":{"_bbp_topic_count":0,"_bbp_reply_count":0,"_bbp_total_topic_count":0,"_bbp_total_reply_count":0,"_bbp_voice_count":0,"_bbp_anonymous_reply_count":0,"_bbp_topic_count_hidden":0,"_bbp_reply_count_hidden":0,"_bbp_forum_subforum_count":0,"footnotes":""},"categories":[14],"tags":[],"class_list":["post-321","post","type-post","status-publish","format-standard","hentry","category-histoire"],"_links":{"self":[{"href":"https:\/\/retirada37.com\/index.php?rest_route=\/wp\/v2\/posts\/321","targetHints":{"allow":["GET"]}}],"collection":[{"href":"https:\/\/retirada37.com\/index.php?rest_route=\/wp\/v2\/posts"}],"about":[{"href":"https:\/\/retirada37.com\/index.php?rest_route=\/wp\/v2\/types\/post"}],"author":[{"embeddable":true,"href":"https:\/\/retirada37.com\/index.php?rest_route=\/wp\/v2\/users\/3"}],"replies":[{"embeddable":true,"href":"https:\/\/retirada37.com\/index.php?rest_route=%2Fwp%2Fv2%2Fcomments&post=321"}],"version-history":[{"count":2,"href":"https:\/\/retirada37.com\/index.php?rest_route=\/wp\/v2\/posts\/321\/revisions"}],"predecessor-version":[{"id":329,"href":"https:\/\/retirada37.com\/index.php?rest_route=\/wp\/v2\/posts\/321\/revisions\/329"}],"wp:attachment":[{"href":"https:\/\/retirada37.com\/index.php?rest_route=%2Fwp%2Fv2%2Fmedia&parent=321"}],"wp:term":[{"taxonomy":"category","embeddable":true,"href":"https:\/\/retirada37.com\/index.php?rest_route=%2Fwp%2Fv2%2Fcategories&post=321"},{"taxonomy":"post_tag","embeddable":true,"href":"https:\/\/retirada37.com\/index.php?rest_route=%2Fwp%2Fv2%2Ftags&post=321"}],"curies":[{"name":"wp","href":"https:\/\/api.w.org\/{rel}","templated":true}]}}