{"id":319,"date":"2015-09-09T09:12:44","date_gmt":"2015-09-09T08:12:44","guid":{"rendered":"http:\/\/retirada37.com\/?p=319"},"modified":"2015-09-09T09:12:44","modified_gmt":"2015-09-09T08:12:44","slug":"un-petit-mot-de-jose-manuel-depuis-viznar-lors-de-lhommage-a-federico-garcia-lorca","status":"publish","type":"post","link":"https:\/\/retirada37.com\/?p=319","title":{"rendered":"Un petit mot de Jose Manuel depuis Viznar, lors de l&rsquo;hommage \u00e0 Federico Garcia Lorca"},"content":{"rendered":"<p><em>\u00a0\u00bb Bonjour les ami(e)s de la Retirada 37,<\/em><\/p>\n<p><em>juste un petit salut amical pour vous dire que j&rsquo;ai beaucoup pens\u00e9 \u00e0 vous tous hier soir dans le Parc Federico Garcia Lorca \u00e0 Viznar au cours de l&rsquo;hommage qui lui \u00e9tait rendu<\/em><\/p>\n<p><em>(\u00e0 lui et \u00e0 tous les \u00ab\u00a0desaparecidos\u00a0\u00bb) pour le 79 anniversaire de son assassinat.<\/em><\/p>\n<p><em>Des prises de paroles tr\u00e8s fortes et un r\u00e9cital vibrant et sobre de Sol\u00e9a Morente (une des filles du grand Enrique) tout pr\u00e8s des centaines de corps toujours enfouis dans ses montes<\/em><\/p>\n<p><em>pr\u00e8s de Granada. Il a beaucoup \u00e9t\u00e9 question, bien s\u00fbr, de tout ce qui nous unit.<\/em><\/p>\n<p><em>Un abrazo a todos y a todas.<\/em><\/p>\n<p><strong><em>Jos\u00e9 Manuel Cano Lopez \u00a0\u00bb<br \/>\n<\/em><\/strong><\/p>\n<p>Un article dans la presse locale de Grenade<\/p>\n<p>Lorca cede el protagonismo a las v\u00edctimas del franquismo<br \/>\nSole\u00e1 Morente \/ Gonz\u00e1lez Molero\uf095<br \/>\nCerca de un millar de personas han participado de este homenaje organizado por el gobierno de la Diputaci\u00f3n de Granada<br \/>\n\uf095 Mar\u00eda Ruiz (EFE) | ALFACAR<br \/>\n18 agosto 2015 00:36<br \/>\nSole\u00e1 Morente, hija del cantaor Enrique Morente, ha prestado su voz a los versos del poeta Garc\u00eda Lorca para conmemorar el 79 aniversario de su asesinato en un acto que ha cedido el protagonismo a los otros Lorca de la guerra civil, el resto de represaliados que \u00ab\u00a0morir\u00e1n dos veces si les olvidamos\u00a0\u00bb.<br \/>\nEl parque Federico Garc\u00eda Lorca de Alfacar (Granada), ubicado en el entorno en el que muri\u00f3 el poeta, ha servido de escenario para recordar el 79 aniversario de su asesinato en un emotivo acto que ha rememorado el Camino del Obispo, el que recorrieron miles de v\u00edctimas entre este paraje y el municipio vecino de V\u00edznar.<br \/>\nEl acto ha comenzado con una ofrenda floral junto al monolito que recuerda al autor de Yerma, en el que los ramos de rosas de diferentes cargos p\u00fablicos se han sumado a los claveles an\u00f3nimos que han dejado como cada a\u00f1o vecinos del municipio y familiares de los represaliados.<br \/>\nAntes del inicio del acto, los asistentes han guardado un minuto de silencio como muestra de repulsa por la muerte de una vecina de Armilla (Granada), que ha sido asesinada esta ma\u00f1ana por su marido de dos hachazos. La diputada provincial de Memoria Democr\u00e1tica y alcaldesa de Alfacar, F\u00e1tima G\u00f3mez, ha resaltado el papel de las asociaciones memorialistas durante los a\u00f1os \u00ab\u00a0en los que no est\u00e1bamos las administraciones\u00a0\u00bb y el empe\u00f1o en alentar y acompa\u00f1ar a las familias de las v\u00edctimas en su b\u00fasqueda de la verdad.<br \/>\nLa magia de las noches granadinas que relat\u00f3 el poeta ha impregnado el parque de Alfacar, rodeado de cipreses, poemas y pinares, en una nueva edici\u00f3n del &lsquo;Federico Vive&rsquo; que este a\u00f1o ha tenido la voz de Sole\u00e1 Morente, hija del cantaor Enrique Morente, como hilo conductor del recuerdo a Garc\u00eda Lorca.<br \/>\nCerca de un millar de personas han participado de este homenaje organizado por el gobierno socialista de la Diputaci\u00f3n de Granada que ha recuperado el esp\u00edritu de sus inicios en 1986. Familiares de v\u00edctimas y asociaciones memorialistas han recordado a Garc\u00eda Lorca y a los que no fueron tan conocidos como el dramaturgo, a los que se llor\u00f3 en silencio en los parajes cercanos al parque en un \u00ab\u00a0luto suspendido\u00a0\u00bb, seg\u00fan el manifiesto redactado por las asociaciones memorialistas.<br \/>\nEn nombre de las familias de las v\u00edctimas ha hablado Pepa Miranda, nieta y biznieta de represaliados, que ha recordado al \u00ab\u00a0Lorca hombre, el que sufri\u00f3 con un dolor que le igualaba al resto de las v\u00edctimas\u00a0\u00bb en un acto que ha pedido recordarlos a todos \u00ab\u00a0porque morir\u00e1n dos veces si los olvidamos\u00a0\u00bb.<br \/>\nSole\u00e1 Morente, hija del cantaor Enrique Morente, ha cantado acompa\u00f1ada al piano por J.J. Machuca obras de Garc\u00eda Lorca como las versiones de \u00ab\u00a0Do\u00f1a Rosita la soltera\u00a0\u00bb, \u00ab\u00a0Leyenda del Tiempo\u00a0\u00bb y \u00ab\u00a0Nana\u00a0\u00bb de Yerma, a las que ha sumado obras de su padre incluidas en el disco \u00ab\u00a0Omega\u00a0\u00bb.<br \/>\nVarias personas han asistido a la conmemoraci\u00f3n del aniversario con banderas republicanas, aunque no se han repetido las cr\u00edticas de de ediciones anteriores del &lsquo;Federico Vive&rsquo;.<br \/>\nEste 79 aniversario del asesinato de Federico Garc\u00eda Lorca se conmemora aun con la inc\u00f3gnita sobre el lugar en el que reposan sus restos, que la Junta de Andaluc\u00eda busc\u00f3 sin \u00e9xito en 2009 cerca del parque en el que han vuelto a resonar sus versos.<br \/>\nMientras, la asociaci\u00f3n cultural \u00ab\u00a0Regreso con honor\u00a0\u00bb, que ha asumido la continuidad del proyecto de b\u00fasqueda de fosas comunes de la Guerra Civil en los terrenos de Alfaca, espera el permiso de la Junta para continuar los trabajos de campo con financiaci\u00f3n propia.<\/p>\n","protected":false},"excerpt":{"rendered":"<p>\u00a0\u00bb Bonjour les ami(e)s de la Retirada 37, juste un petit salut amical pour vous dire que j&rsquo;ai beaucoup pens\u00e9 \u00e0 vous tous hier soir dans le Parc Federico Garcia Lorca \u00e0 Viznar au cours de l&rsquo;hommage qui lui \u00e9tait rendu (\u00e0 lui et \u00e0 tous les \u00ab\u00a0desaparecidos\u00a0\u00bb) pour le 79 anniversaire de son assassinat. &hellip; <a href=\"https:\/\/retirada37.com\/?p=319\" class=\"more-link\">Continuer la lecture de <span class=\"screen-reader-text\">Un petit mot de Jose Manuel depuis Viznar, lors de l&rsquo;hommage \u00e0 Federico Garcia Lorca<\/span>  <span class=\"meta-nav\">&rarr;<\/span><\/a><\/p>\n","protected":false},"author":3,"featured_media":0,"comment_status":"open","ping_status":"open","sticky":false,"template":"","format":"standard","meta":{"_bbp_topic_count":0,"_bbp_reply_count":0,"_bbp_total_topic_count":0,"_bbp_total_reply_count":0,"_bbp_voice_count":0,"_bbp_anonymous_reply_count":0,"_bbp_topic_count_hidden":0,"_bbp_reply_count_hidden":0,"_bbp_forum_subforum_count":0,"footnotes":""},"categories":[15],"tags":[],"class_list":["post-319","post","type-post","status-publish","format-standard","hentry","category-temoignages-et-recits"],"_links":{"self":[{"href":"https:\/\/retirada37.com\/index.php?rest_route=\/wp\/v2\/posts\/319","targetHints":{"allow":["GET"]}}],"collection":[{"href":"https:\/\/retirada37.com\/index.php?rest_route=\/wp\/v2\/posts"}],"about":[{"href":"https:\/\/retirada37.com\/index.php?rest_route=\/wp\/v2\/types\/post"}],"author":[{"embeddable":true,"href":"https:\/\/retirada37.com\/index.php?rest_route=\/wp\/v2\/users\/3"}],"replies":[{"embeddable":true,"href":"https:\/\/retirada37.com\/index.php?rest_route=%2Fwp%2Fv2%2Fcomments&post=319"}],"version-history":[{"count":1,"href":"https:\/\/retirada37.com\/index.php?rest_route=\/wp\/v2\/posts\/319\/revisions"}],"predecessor-version":[{"id":320,"href":"https:\/\/retirada37.com\/index.php?rest_route=\/wp\/v2\/posts\/319\/revisions\/320"}],"wp:attachment":[{"href":"https:\/\/retirada37.com\/index.php?rest_route=%2Fwp%2Fv2%2Fmedia&parent=319"}],"wp:term":[{"taxonomy":"category","embeddable":true,"href":"https:\/\/retirada37.com\/index.php?rest_route=%2Fwp%2Fv2%2Fcategories&post=319"},{"taxonomy":"post_tag","embeddable":true,"href":"https:\/\/retirada37.com\/index.php?rest_route=%2Fwp%2Fv2%2Ftags&post=319"}],"curies":[{"name":"wp","href":"https:\/\/api.w.org\/{rel}","templated":true}]}}