{"id":3168,"date":"2020-10-13T10:52:45","date_gmt":"2020-10-13T09:52:45","guid":{"rendered":"http:\/\/retirada37.com\/?p=3168"},"modified":"2020-10-13T10:56:49","modified_gmt":"2020-10-13T09:56:49","slug":"avec-les-sans-papiers-enfants-de-republicains-espagnols-et-de-brigadistes","status":"publish","type":"post","link":"https:\/\/retirada37.com\/?p=3168","title":{"rendered":"AVEC LES \u00ab\u00a0SANS PAPIERS\u00a0\u00bb, ENFANTS DE REPUBLICAINS ESPAGNOLS ET DE BRIGADISTES."},"content":{"rendered":"<p><a href=\"https:\/\/www.change.org\/p\/tous-publics-avec-les-sans-papiers-enfants-de-republicains-espagnols-et-de-brigadistes-8a9b945f-4590-4cd8-b333-67f1281e2e50?source_location=petitions_browse\">https:\/\/www.change.org\/p\/tous-publics-avec-les-sans-papiers-enfants-de-republicains-espagnols-et-de-brigadistes-8a9b945f-4590-4cd8-b333-67f1281e2e50?source_location=petitions_browse<\/a><\/p>\n<p>Comme des millions de Fran\u00e7aises et Fran\u00e7ais, nous sommes enfants, petits-enfants d\u2019\u00abind\u00e9sirables\u00bb, les R\u00e9publicains espagnols, ceux aussi des volontaires des Brigades Internationales. Nous affirmons notre soutien total \u00e0 la marche et \u00e0 toutes les revendications des \u00absans-papiers\u00bb qui manifesteront \u00e0 Paris le 17 octobre.<\/p>\n<p>Ce n\u2019est pas la m\u00eame histoire, ce ne sont pas les m\u00eames personnes, cependant le malheur est le m\u00eame. 80 ans apr\u00e8s, nous refusons la r\u00e9p\u00e9tition de l\u2019ignominie.<\/p>\n<p>En 1939, les n\u00f4tres, 500 mille Espagnols qui fuyaient l\u2019horreur franquiste, les bombes et la mis\u00e8re, furent parqu\u00e9s dans les camps de concentration sur la plage o\u00f9 les femmes creusaient des trous dans le sable, les premi\u00e8res nuits, pour prot\u00e9ger les enfants, o\u00f9 des milliers moururent de leurs blessures, de maladie, de d\u00e9sespoir, o\u00f9 des gendarmes \u00e0 cheval chassaient ceux qui s\u2019approchaient des barbel\u00e9s pour leur venir en aide.<\/p>\n<p>Nos parents, si maltrait\u00e9s, si humili\u00e9s par la France officielle, furent ensuite parmi les premiers \u00e0 se lever contre l\u2019occupant nazi. D\u00e9s 1941, les gu\u00e9rilleros espagnols entr\u00e8rent dans la lutte arm\u00e9e. C\u2019est La Nueve, la compagnie de la 2\u00e8me DB, compos\u00e9e de R\u00e9publicains espagnols, qui entra la premi\u00e8re dans Paris. En m\u00eame temps qu\u2019au g\u00e9n\u00e9ral Leclerc, c\u2019est \u00e0 un brigadiste fran\u00e7ais, le colonel Rol Tanguy, que le g\u00e9n\u00e9ral nazi commandant la place de Paris, restitua les clefs de la capitale. Depuis, nous m\u00eames, par notre travail, notre amour pour la France, avons largement remerci\u00e9 la solidarit\u00e9 que le peuple et ses organisations t\u00e9moign\u00e8rent aux n\u00f4tres.<\/p>\n<p>Aujourd\u2019hui, 350 000 mille migrants, chass\u00e9s par les bombes et la mis\u00e8re, sont sur notre sol. A Calais, des femmes, des nourrissons, dorment \u00e0 m\u00eame le sol, cach\u00e9s dans des buissons, quelles que soient les conditions climatiques. Il est interdit aux associations de leur distribuer des vivres en ville. A Paris, 500 mineurs ont dormi dans la rue, \u00e0 la veille de la rentr\u00e9e scolaire. Le dernier rapport de la Cimade souligne que de plus en plus d\u2019enfants sont plac\u00e9s derri\u00e8re les barreaux des centres de r\u00e9tention.<\/p>\n<p>Les Moussa, Mamadou, Siaka, Fatima, tous les \u00absans papiers\u00bb, les clandestins, sont nos amis. Pendant le confinement, nous les avons vus prendre le m\u00e9tro, le train, le bus, pour aller entretenir les rues et les bureaux d\u00e9serts, faire la plonge et le m\u00e9nage dans les maisons de retraite, poursuivre les travaux sur les chantiers, ramasser nos poubelles. Et puis, rentrer dans des squats surpeupl\u00e9s et insalubres. Ils vivent ici, ils travaillent ici, ils sont et seront d\u2019ici.<\/p>\n<p>Enfants des ma\u00e7ons, journaliers, femmes de m\u00e9nage, m\u00e9decins, enseignants et intellectuels espagnols, enfants des volontaires des Brigades Internationales, notre m\u00e9moire fran\u00e7aise est emplie des souffrances et humiliations des n\u00f4tres, de leur espoir invaincu. Elle ne se confine pas au mus\u00e9e, elle ne se contente pas de t\u00e9moigner, de comm\u00e9morer. Elle est vivante et solidaire, elle interpr\u00e8te le pr\u00e9sent et anticipe l\u2019avenir. Nous refusons que d\u2019autres g\u00e9n\u00e9rations grandissent parmi nous, la m\u00e9moire pleine de cicatrices.<\/p>\n<p>Avec les 230 associations et les syndicats qui les soutiennent, nous exigeons:<\/p>\n<p>&#8211; la r\u00e9gularisation de tous les \u00absans papiers\u00bb.<\/p>\n<p>&#8211; la fermeture des centres de r\u00e9tention.<\/p>\n<p>&#8211; Un logement pour tous.<\/p>\n<p>Nous affirmons que, pour mettre fin aux trafics d\u2019\u00eatre humains, il faut aller chercher ceux qui se noient en mer, ceux qui, d\u00e9but septembre, ont vu br\u00fbler le camp grec de Moria (12 700 personnes dont 4 000 enfants). Alors que l\u2019hiver approche, les pays de l\u2019Union Europ\u00e9enne n\u00e9gocient mis\u00e9rablement lequel en accueillera 10 ou 50.<\/p>\n<p>L\u2019Europe, la France, qui, au fil des si\u00e8cles, ont envoy\u00e9 des millions de migrants se r\u00e9fugier au \u00abNouveau monde\u00bb, coloniser l\u2019Afrique, dont les ports se sont enrichis avec le commerce d\u2019esclaves, traitent les migrants d\u2019aujourd\u2019hui comme des chiens. Nous ne laisserons pas faire.<\/p>\n<p>Derri\u00e8re chacun des maltrait\u00e9s, humili\u00e9s d\u2019aujourd\u2019hui, nous voyons se dresser l\u2019ombre de nos parents. La n\u00e9gation des droits des \u00absans-papiers\u00bb, de leur humanit\u00e9, est telle qu\u2019elle autorise un commentateur comme Zemmour \u00e0 affirmer sur CNews que \u00abtous\u00bb les enfants migrants sont \u00abvioleurs, sont assassins, sont voleurs\u00bb.<\/p>\n<p>Nous avons \u00e9t\u00e9 ces enfants, sommes leurs enfants et petits-enfants. Nous sommes emplis d\u2019effroi et de chagrin. Nous sommes en rage, la m\u00e9moire nous br\u00fble. Cela suffit!<br \/>\nNous esp\u00e9rons que ceux qui partagent nos souvenirs, celles et ceux qui connaissent, s\u2019indignent et s\u2019\u00e9meuvent encore devant ce chapitre de l\u2019histoire signeront et relaieront cet appel. D\u2019ores et d\u00e9j\u00e0, des amis de l\u2019Espagne R\u00e9publicaine ont tenu \u00e0 s\u2019y associer.<\/p>\n<p>Sylvie Allouin. Administratrice de \u00abR\u00e9fugi\u00e9s Espagnols En France\u00bb.<\/p>\n<p>Marie Th\u00e9r\u00e8se Anton. Traductrice-interpr\u00e8te.<\/p>\n<p>Diego Arrabal. \u00c9crivain.<\/p>\n<p>Aline Barbier. Enseignante d\u2019arts plastiques.<\/p>\n<p>Francisco Barreira. Administrateur de \u00abR\u00e9fugi\u00e9s Espagnols en France\u00bb.<\/p>\n<p>Georges Bartoli. Photographe.<\/p>\n<p>Cali. Auteur, compositeur, interpr\u00e8te.<\/p>\n<p>Pierre Carles. R\u00e9alisateur.<\/p>\n<p>Raymond Cubells. Pr\u00e9sident de l\u2019Amicale Du Camp De Concentration Du Vernet.<\/p>\n<p>Gonzalo Dorado. Cadre Territorial.<\/p>\n<p>Genevi\u00e8ve Dreyfus Armand Auvray. Historienne.<\/p>\n<p>Claudine Ducol. Journaliste.<\/p>\n<p>C\u00e9leste Escudero. (veuve de L\u00e9ny Escudero)<\/p>\n<p>Henri Farreny. Pr\u00e9sident De l\u2019Amicale Des Anciens Gu\u00e9rilleros Espagnols En France-FFI.<\/p>\n<p>Jos\u00e9 Fort. Journaliste.<\/p>\n<p>Genevi\u00e8ve Feixas. Psychologue.<\/p>\n<p>Jos\u00e9 Gonz\u00e0lez. Infirmier psychiatrique.<\/p>\n<p>Anna-Maria Guerrero. \u00c9clairagiste spectacle.<\/p>\n<p>Maria Lorente. Administratrice de \u00abR\u00e9fugi\u00e9s Espagnols En France\u00bb.<\/p>\n<p>Eloy Martinez Monegal. Pr\u00e9sident de l\u2019ASEREF (Association Pour Le Souvenir De L\u2019exil R\u00e9publicain En France).<\/p>\n<p>Jean Ortiz. Universitaire.<\/p>\n<p>Joachim Pano. Administrateur de \u00abR\u00e9fugi\u00e9s Espagnols En France\u00bb.<\/p>\n<p>Mait\u00e9 Pinero. Journaliste. \u00c9crivaine.<\/p>\n<p>Sabine Reynosa. Informaticienne.<\/p>\n<p>Madeleine Riffaud. R\u00e9sistante, po\u00e9tesse, correspondante de guerre.<\/p>\n<p>Claire Rol Tanguy. Militante associative.<\/p>\n<p>Olivia Ruiz. Auteure-compositrice-chanteuse. R\u00e9alisatrice. \u00c9crivaine.<\/p>\n<p>Raymond San Geroteo. Directeur commercial.<\/p>\n<p>Marie-Fran\u00e7oise Sanchez. Cadre action sociale de l\u2019\u00e9nergie.<\/p>\n<p>Laurent Sanchis. \u00c9ducateur sp\u00e9cialis\u00e9.<\/p>\n<p>\u00c9mile Turlan. Cadre territorial.<\/p>\n<p>Maxime Vivas. \u00c9crivain. Administrateur du site legrandsoir.<\/p>\n","protected":false},"excerpt":{"rendered":"<p>https:\/\/www.change.org\/p\/tous-publics-avec-les-sans-papiers-enfants-de-republicains-espagnols-et-de-brigadistes-8a9b945f-4590-4cd8-b333-67f1281e2e50?source_location=petitions_browse Comme des millions de Fran\u00e7aises et Fran\u00e7ais, nous sommes enfants, petits-enfants d\u2019\u00abind\u00e9sirables\u00bb, les R\u00e9publicains espagnols, ceux aussi des volontaires des Brigades Internationales. Nous affirmons notre soutien total \u00e0 la marche et \u00e0 toutes les revendications des \u00absans-papiers\u00bb qui manifesteront \u00e0 Paris le 17 octobre. Ce n\u2019est pas la m\u00eame histoire, ce ne sont pas &hellip; <a href=\"https:\/\/retirada37.com\/?p=3168\" class=\"more-link\">Continuer la lecture de <span class=\"screen-reader-text\">AVEC LES \u00ab\u00a0SANS PAPIERS\u00a0\u00bb, ENFANTS DE REPUBLICAINS ESPAGNOLS ET DE BRIGADISTES.<\/span>  <span class=\"meta-nav\">&rarr;<\/span><\/a><\/p>\n","protected":false},"author":3,"featured_media":0,"comment_status":"open","ping_status":"open","sticky":false,"template":"","format":"standard","meta":{"_bbp_topic_count":0,"_bbp_reply_count":0,"_bbp_total_topic_count":0,"_bbp_total_reply_count":0,"_bbp_voice_count":0,"_bbp_anonymous_reply_count":0,"_bbp_topic_count_hidden":0,"_bbp_reply_count_hidden":0,"_bbp_forum_subforum_count":0,"footnotes":""},"categories":[2],"tags":[],"class_list":["post-3168","post","type-post","status-publish","format-standard","hentry","category-actualites"],"_links":{"self":[{"href":"https:\/\/retirada37.com\/index.php?rest_route=\/wp\/v2\/posts\/3168","targetHints":{"allow":["GET"]}}],"collection":[{"href":"https:\/\/retirada37.com\/index.php?rest_route=\/wp\/v2\/posts"}],"about":[{"href":"https:\/\/retirada37.com\/index.php?rest_route=\/wp\/v2\/types\/post"}],"author":[{"embeddable":true,"href":"https:\/\/retirada37.com\/index.php?rest_route=\/wp\/v2\/users\/3"}],"replies":[{"embeddable":true,"href":"https:\/\/retirada37.com\/index.php?rest_route=%2Fwp%2Fv2%2Fcomments&post=3168"}],"version-history":[{"count":5,"href":"https:\/\/retirada37.com\/index.php?rest_route=\/wp\/v2\/posts\/3168\/revisions"}],"predecessor-version":[{"id":3173,"href":"https:\/\/retirada37.com\/index.php?rest_route=\/wp\/v2\/posts\/3168\/revisions\/3173"}],"wp:attachment":[{"href":"https:\/\/retirada37.com\/index.php?rest_route=%2Fwp%2Fv2%2Fmedia&parent=3168"}],"wp:term":[{"taxonomy":"category","embeddable":true,"href":"https:\/\/retirada37.com\/index.php?rest_route=%2Fwp%2Fv2%2Fcategories&post=3168"},{"taxonomy":"post_tag","embeddable":true,"href":"https:\/\/retirada37.com\/index.php?rest_route=%2Fwp%2Fv2%2Ftags&post=3168"}],"curies":[{"name":"wp","href":"https:\/\/api.w.org\/{rel}","templated":true}]}}