{"id":3151,"date":"2020-08-04T21:24:41","date_gmt":"2020-08-04T20:24:41","guid":{"rendered":"http:\/\/retirada37.com\/?p=3151"},"modified":"2020-08-04T21:24:41","modified_gmt":"2020-08-04T20:24:41","slug":"republique-ou-monarchie-le-peuple-doit-voter","status":"publish","type":"post","link":"https:\/\/retirada37.com\/?p=3151","title":{"rendered":"R\u00e9publique ou Monarchie : le peuple doit voter !"},"content":{"rendered":"<p>Affaire Juan Carlos :<br \/>\nl\u2019ex-roi doit r\u00e9pondre de ses actes devant les Espagnols<br \/>\nR\u00e9publique ou Monarchie : le peuple doit voter<br \/>\nAvec l\u2019affaire Juan Carlos et ce qu\u2019il faut appeler par son nom, \u00e0 savoir une fuite, le cri<br \/>\ndes associations m\u00e9morielles regroupant les descendants et amis des R\u00e9publicains<br \/>\nespagnols, est plus que jamais d\u2019actualit\u00e9.<br \/>\nCe cri, qui est aussi leur raison d\u2019\u00eatre, c\u2019est \u00ab V\u00e9rit\u00e9, justice et r\u00e9paration \u00bb. Voil\u00e0<br \/>\nbien ce qui doit \u00eatre appliqu\u00e9 aujourd\u2019hui \u00e0 l\u2019endroit de l\u2019ancien roi d\u2019Espagne. Comme<br \/>\nnous r\u00e9clamons que cela s\u2019applique aussi au coup d\u2019\u00c9tat du 18 juillet 1936 contre la 2\u00e8me<br \/>\nR\u00e9publique issue d\u2019un processus d\u00e9mocratique incontestable, \u00e0 la Guerre d\u2019Espagne et \u00e0<br \/>\nla longue et sanglante dictature de Franco.<br \/>\nCette double exigence est d\u2019autant plus l\u00e9gitime, pour l\u2019Espagne et au regard de<br \/>\nl\u2019Histoire, que Juan Carlos a \u00e9t\u00e9 mis sur le tr\u00f4ne par une d\u00e9cision unilat\u00e9rale de Franco, \u00e0<br \/>\nla suite d\u2019une interruption ill\u00e9gale-un coup d\u2019Etat-du cours normal d\u2019une d\u00e9mocratie. D\u00e8s<br \/>\nlors, de quelle l\u00e9gitimit\u00e9 Juan Carlos et la monarchie espagnole peuvent-ils se pr\u00e9valoir ?<br \/>\nD\u2019une d\u00e9cision d\u00e9coulant d\u2019un acte antid\u00e9mocratique, mais aussi et surtout ill\u00e9gal, prise<br \/>\npar l\u2019auteur de cet acte ill\u00e9gal ?<br \/>\nAujourd\u2019hui, alors que des juges suisses et espagnols enqu\u00eatent notamment sur une<br \/>\ncentaine de millions de dollars secr\u00e8tement vers\u00e9s \u00e0 Juan Carlos par l&rsquo;Arabie saoudite,<br \/>\nl\u2019ex-roi, soup\u00e7onn\u00e9 de corruption, quitte l&rsquo;Espagne. Une d\u00e9cision indigne d\u2019un ancien chef<br \/>\nd\u2019\u00c9tat, dont on ne sait d\u2019ailleurs quelle part y a pris son successeur et fils, l\u2019actuel roi<br \/>\nFelipe VI. S\u2019il respecte son pays, et ce qu\u2019il doit encore consid\u00e9rer comme \u00ab son \u00bb peuple,<br \/>\nJuan Carlos doit r\u00e9pondre de ses actes en Espagne et devant tous les Espagnols.<br \/>\nAu-del\u00e0 de ces aspects \u00e9vidents, le judiciaire et celui de l\u2019honneur d\u2019un homme et d\u2019un<br \/>\npays, cette nouvelle affaire Juan Carlos, et sa fuite, venant apr\u00e8s de multiples scandales<br \/>\nli\u00e9s \u00e0 l\u2019ancien roi et \u00e0 la monarchie, reposent la question de la l\u00e9gitimit\u00e9 de cette derni\u00e8re.<br \/>\nIl est grand temps que les Espagnols, qui ont vot\u00e9 pour une R\u00e9publique avant que le<br \/>\nprocessus ne soit ill\u00e9galement stopp\u00e9 par le coup d\u2019\u00c9tat de juillet 1936, retournent aux<br \/>\nurnes pour redire, d\u00e9mocratiquement, s\u2019ils veulent vivre dans une monarchie ou une<br \/>\nR\u00e9publique. Eux qui ont d\u00fb livrer une terrible guerre face aux trois grands<br \/>\nfascismes\/nazismes europ\u00e9ens (Hitler, Mussolini et Salazar, alli\u00e9s de Franco), puis subi<br \/>\nune dictature terrifiante pendant pr\u00e8s de 40 ans, n\u2019ont depuis jamais pu, \u00e0 ce jour, se<br \/>\nprononcer sur cette question.<br \/>\nCaminar, coordination nationale des descendants et amis de l\u2019Espagne<br \/>\nr\u00e9publicaine.<\/p>\n","protected":false},"excerpt":{"rendered":"<p>Affaire Juan Carlos : l\u2019ex-roi doit r\u00e9pondre de ses actes devant les Espagnols R\u00e9publique ou Monarchie : le peuple doit voter Avec l\u2019affaire Juan Carlos et ce qu\u2019il faut appeler par son nom, \u00e0 savoir une fuite, le cri des associations m\u00e9morielles regroupant les descendants et amis des R\u00e9publicains espagnols, est plus que jamais d\u2019actualit\u00e9. &hellip; <a href=\"https:\/\/retirada37.com\/?p=3151\" class=\"more-link\">Continuer la lecture de <span class=\"screen-reader-text\">R\u00e9publique ou Monarchie : le peuple doit voter !<\/span>  <span class=\"meta-nav\">&rarr;<\/span><\/a><\/p>\n","protected":false},"author":2,"featured_media":0,"comment_status":"open","ping_status":"open","sticky":false,"template":"","format":"standard","meta":{"_bbp_topic_count":0,"_bbp_reply_count":0,"_bbp_total_topic_count":0,"_bbp_total_reply_count":0,"_bbp_voice_count":0,"_bbp_anonymous_reply_count":0,"_bbp_topic_count_hidden":0,"_bbp_reply_count_hidden":0,"_bbp_forum_subforum_count":0,"footnotes":""},"categories":[2],"tags":[],"class_list":["post-3151","post","type-post","status-publish","format-standard","hentry","category-actualites"],"_links":{"self":[{"href":"https:\/\/retirada37.com\/index.php?rest_route=\/wp\/v2\/posts\/3151","targetHints":{"allow":["GET"]}}],"collection":[{"href":"https:\/\/retirada37.com\/index.php?rest_route=\/wp\/v2\/posts"}],"about":[{"href":"https:\/\/retirada37.com\/index.php?rest_route=\/wp\/v2\/types\/post"}],"author":[{"embeddable":true,"href":"https:\/\/retirada37.com\/index.php?rest_route=\/wp\/v2\/users\/2"}],"replies":[{"embeddable":true,"href":"https:\/\/retirada37.com\/index.php?rest_route=%2Fwp%2Fv2%2Fcomments&post=3151"}],"version-history":[{"count":2,"href":"https:\/\/retirada37.com\/index.php?rest_route=\/wp\/v2\/posts\/3151\/revisions"}],"predecessor-version":[{"id":3153,"href":"https:\/\/retirada37.com\/index.php?rest_route=\/wp\/v2\/posts\/3151\/revisions\/3153"}],"wp:attachment":[{"href":"https:\/\/retirada37.com\/index.php?rest_route=%2Fwp%2Fv2%2Fmedia&parent=3151"}],"wp:term":[{"taxonomy":"category","embeddable":true,"href":"https:\/\/retirada37.com\/index.php?rest_route=%2Fwp%2Fv2%2Fcategories&post=3151"},{"taxonomy":"post_tag","embeddable":true,"href":"https:\/\/retirada37.com\/index.php?rest_route=%2Fwp%2Fv2%2Ftags&post=3151"}],"curies":[{"name":"wp","href":"https:\/\/api.w.org\/{rel}","templated":true}]}}