{"id":3115,"date":"2020-03-02T13:50:34","date_gmt":"2020-03-02T12:50:34","guid":{"rendered":"http:\/\/retirada37.com\/?p=3115"},"modified":"2020-03-02T13:52:43","modified_gmt":"2020-03-02T12:52:43","slug":"romancero-des-ombres-la-pleiade-a-la-riche","status":"publish","type":"post","link":"https:\/\/retirada37.com\/?p=3115","title":{"rendered":"Romancero des Ombres &#8211; La Pl\u00e9iade \u00e0 La Riche"},"content":{"rendered":"<div class=\"page\">\n<p class=\"\">LE GROUPE K. (Cie JM Cano Lopez) pr\u00e9sente :<\/p>\n<p class=\"\"><strong>ROMANCERO DES OMBRES<\/strong><\/p>\n<p class=\"\">\u00a0\u00bb <em>Romancero des ombres est une pi\u00e8ce documentaire d&rsquo;une rare intensit\u00e9.<\/em><\/p>\n<p class=\"\"><em>Plong\u00e9s dans une p\u00e9nombre tant\u00f4t apaisante, tant\u00f4t inqui\u00e9tante, les trois com\u00e9diens deviennent la voix de femmes qui ont v\u00e9cu la guerre civile espagnole.<\/em><\/p>\n<p class=\"\"><em>Des femmes aujourd&rsquo;hui \u00e2g\u00e9es qui ont \u00e9t\u00e9 plong\u00e9es dans les horreurs de la guerre, ont connu la disparition d&rsquo;\u00eatres chers, l&rsquo;exil vers la France. Ces t\u00e9moignages bouleversants sont tir\u00e9s du commentaire \u00ab Companeras \u00bb de Jean Ortiz et Dominique Gautier.<\/em><\/p>\n<p class=\"\"><em>Seule voix masculine de \u00ab Romancero des ombres \u00bb, celle de Manuel Cano Lopez, le p\u00e8re du metteur en sc\u00e8ne et com\u00e9dien, gronde de profondeur et de retenue.<\/em><\/p>\n<p class=\"\"><em>Lui aussi, enfant, a d\u00fb vivre le tourbillon de la guerre civile.<\/em><\/p>\n<div class=\"\"><\/div>\n<p><em>Les paroles, les larmes souvent retenues, la musique, les images projet\u00e9es de ces femmes font de cette pi\u00e8ce une oeuvre forte et indispensable.<\/em><\/p>\n<div class=\"\"><\/div>\n<p class=\"\"><em>\u00ab Ne pas oublier, jamais. Et continuer \u00e0 dire, toujours.<\/em> \u00bb \u00ab\u00a0<\/p>\n<p class=\"\"><strong>La Nouvelle R\u00e9publique<\/strong><\/p>\n<p class=\"\">Trois com\u00e9diens &#8211; ombres (deux femmes et un homme), les t\u00e9moignages projet\u00e9s de femmes r\u00e9sistantes espagnoles, le r\u00e9cit partag\u00e9 d&rsquo;un petit gar\u00e7on, des musiques et rumeurs du Sud s&rsquo;entrelacent \u00e9troitement et nous renvoient avec force les douleurs des temps pass\u00e9s mais toujours d&rsquo;actualit\u00e9.<\/p>\n<p class=\"\">Une oeuvre forte et rare pour vaincre nos incertitudes et nos peurs d&rsquo;aujourd&rsquo;hui.<\/p>\n<p class=\"\">D&rsquo;apr\u00e8s le film \u00ab Compa\u00f1eras \u00bb de Jean Ortiz et Dominique Gautier et le r\u00e9cit \u00ab En remontant le temps lointain \u00bb de Manuel Cano Lopez.<\/p>\n<p class=\"\">FICHE TECHNIQUE<\/p>\n<p class=\"\">D&rsquo;apr\u00e8s le film Compa\u00f1eras de Jean Ortiz et Dominique Gautier et le r\u00e9cit de Manuel Cano Lopez.<\/p>\n<p class=\"\">Conception et mise en sc\u00e8ne : Jos\u00e9 Manuel Cano Lopez<\/p>\n<p class=\"\">Univers sonore et cr\u00e9ation musicale, cr\u00e9ation lumi\u00e8res : Cl\u00e9ment Cano Lopez<\/p>\n<p class=\"\">Images : Dominique Gautier et Jean Ortiz<\/p>\n<p class=\"\">Sc\u00e9nographie : Camille Leb\u00e8gue<\/p>\n<p class=\"\">R\u00e9gie lumi\u00e8re: Quentin Hautecouverture<\/p>\n<p class=\"\">Jeu : Fran\u00e7oise Cano Lopez, Matilde Thomas, Jos\u00e9 Manuel Cano Lopez<\/p>\n<p class=\"\">Production : Groupe K (Cie J. M. Cano Lopez) avec l&rsquo;aide de la Pl\u00e9iade &#8211; La Riche, La Retirada37 et des coproducteurs particuliers du Ch\u00e2teau du Plessis<\/p>\n<p class=\"\">Spectacle b\u00e9n\u00e9ficiant de l&rsquo;aide au projet du Conseil r\u00e9gional Centre-Val de Loire.<\/p>\n<p><strong><span class=\"\">vendredi 6 mars 2020, \u00e0 20h \u00e0 la Pl\u00e9iade\u00a0\u00e0 La Riche (37).<\/span><\/strong><\/p>\n<p class=\"\">TARIFS<\/p>\n<p class=\"\">Tarif partag\u00e9 : 14\u20ac<\/p>\n<p class=\"\">Tarif solidaire : 20\u20ac<\/p>\n<p class=\"\">Minimas : libre \u00e0 partir de 5\u20ac<\/p>\n<p class=\"\">Bar et restauration \u00e0 partir de 19h<\/p>\n<p class=\"\">La Pl\u00e9iade (154 rue de la mairie, 37520 La Riche)<\/p>\n<p class=\"\">Bus ligne 3 arr\u00eat La Pl\u00e9iade direction La Pl\u00e9iade<\/p>\n<p class=\"\">Bus ligne 15 arr\u00eat Grand Carroi, direction La Riche Soleil<\/p>\n<p class=\"\">Seulement 15min de la place Plumereau en v\u00e9lo<\/p>\n<p class=\"\">Site web : <a class=\"\" href=\"https:\/\/www.facebook.com\/events\/235706134114206\/\" target=\"_blank\" rel=\"noopener\">https:\/\/www.facebook.com\/events\/235706134114206\/<\/a><\/p>\n<p class=\"\">Infos r\u00e9servation :<\/p>\n<p class=\"\">&#x260e;&#xfe0f; Infos compl\u00e9mentaires et r\u00e9servations : &#x1f4ec;<br class=\"\" \/>02 47 38 29 29 \/ <a class=\"\" href=\"mailto:info@ciecanolopez.fr\">info@ciecanolopez.fr<\/a><\/p>\n<\/div>\n","protected":false},"excerpt":{"rendered":"<p>LE GROUPE K. (Cie JM Cano Lopez) pr\u00e9sente : ROMANCERO DES OMBRES \u00a0\u00bb Romancero des ombres est une pi\u00e8ce documentaire d&rsquo;une rare intensit\u00e9. Plong\u00e9s dans une p\u00e9nombre tant\u00f4t apaisante, tant\u00f4t inqui\u00e9tante, les trois com\u00e9diens deviennent la voix de femmes qui ont v\u00e9cu la guerre civile espagnole. Des femmes aujourd&rsquo;hui \u00e2g\u00e9es qui ont \u00e9t\u00e9 plong\u00e9es dans &hellip; <a href=\"https:\/\/retirada37.com\/?p=3115\" class=\"more-link\">Continuer la lecture de <span class=\"screen-reader-text\">Romancero des Ombres &#8211; La Pl\u00e9iade \u00e0 La Riche<\/span>  <span class=\"meta-nav\">&rarr;<\/span><\/a><\/p>\n","protected":false},"author":3,"featured_media":0,"comment_status":"open","ping_status":"open","sticky":false,"template":"","format":"standard","meta":{"_bbp_topic_count":0,"_bbp_reply_count":0,"_bbp_total_topic_count":0,"_bbp_total_reply_count":0,"_bbp_voice_count":0,"_bbp_anonymous_reply_count":0,"_bbp_topic_count_hidden":0,"_bbp_reply_count_hidden":0,"_bbp_forum_subforum_count":0,"footnotes":""},"categories":[20,14],"tags":[],"class_list":["post-3115","post","type-post","status-publish","format-standard","hentry","category-culture","category-histoire"],"_links":{"self":[{"href":"https:\/\/retirada37.com\/index.php?rest_route=\/wp\/v2\/posts\/3115","targetHints":{"allow":["GET"]}}],"collection":[{"href":"https:\/\/retirada37.com\/index.php?rest_route=\/wp\/v2\/posts"}],"about":[{"href":"https:\/\/retirada37.com\/index.php?rest_route=\/wp\/v2\/types\/post"}],"author":[{"embeddable":true,"href":"https:\/\/retirada37.com\/index.php?rest_route=\/wp\/v2\/users\/3"}],"replies":[{"embeddable":true,"href":"https:\/\/retirada37.com\/index.php?rest_route=%2Fwp%2Fv2%2Fcomments&post=3115"}],"version-history":[{"count":2,"href":"https:\/\/retirada37.com\/index.php?rest_route=\/wp\/v2\/posts\/3115\/revisions"}],"predecessor-version":[{"id":3118,"href":"https:\/\/retirada37.com\/index.php?rest_route=\/wp\/v2\/posts\/3115\/revisions\/3118"}],"wp:attachment":[{"href":"https:\/\/retirada37.com\/index.php?rest_route=%2Fwp%2Fv2%2Fmedia&parent=3115"}],"wp:term":[{"taxonomy":"category","embeddable":true,"href":"https:\/\/retirada37.com\/index.php?rest_route=%2Fwp%2Fv2%2Fcategories&post=3115"},{"taxonomy":"post_tag","embeddable":true,"href":"https:\/\/retirada37.com\/index.php?rest_route=%2Fwp%2Fv2%2Ftags&post=3115"}],"curies":[{"name":"wp","href":"https:\/\/api.w.org\/{rel}","templated":true}]}}