{"id":3108,"date":"2019-12-06T16:01:20","date_gmt":"2019-12-06T15:01:20","guid":{"rendered":"http:\/\/retirada37.com\/?p=3108"},"modified":"2019-12-06T16:04:55","modified_gmt":"2019-12-06T15:04:55","slug":"mourir-a-madridune-seconde-fois","status":"publish","type":"post","link":"https:\/\/retirada37.com\/?p=3108","title":{"rendered":"MOURIR \u00c0 MADRID\u2026UNE SECONDE FOIS !"},"content":{"rendered":"<table width=\"100%\">\n<tbody>\n<tr>\n<td>\n<table width=\"100%\" data-js-width=\"660\">\n<tbody>\n<tr>\n<td>\n<table width=\"100%\">\n<tbody>\n<tr>\n<td><strong>P\u00c9TITION\u00a0:\u00a0<\/strong><\/p>\n<p><strong>\u00a1MORIR A MADRID\u2026UNA SECUNDA VEZ!<\/strong><\/p>\n<p><strong>L\u2019Association 24 Aout 1944 \u00e0 Jose Luis Martinez Almeida, maire de Madrid.<\/strong><\/p>\n<p>Notre association s\u2019\u00e9meut et proteste contre le fait que l\u2019\u00e9quipe municipale dirig\u00e9e actuellement par Jose Luis Martinez Almeida ait pu voter et proc\u00e9der au d\u00e9mant\u00e8lement du monument \u00e9lev\u00e9 dans le cimeti\u00e8re de l\u2019est, en hommage aux 2937 victimes de la r\u00e9pression franquiste, fusill\u00e9s \u00e0 Madrid, dans les ann\u00e9es 1939 \u00e0 1944.<\/p>\n<p>Notre association, constitu\u00e9e \u00e0 Paris en 2013, a pour but de faire conna\u00eetre la m\u00e9moire des Espagnol(e)s antifranquistes qui se r\u00e9fugi\u00e8rent en France en 1939\u00a0; et en particulier la m\u00e9moire de ceux, et ils furent nombreux, qui s\u2019engag\u00e8rent dans la r\u00e9sistance contre le fascisme soit en s\u2019incorporant dans les rangs de la r\u00e9sistance en France soit dans les Forces Fran\u00e7aises Libres qui combattaient aux c\u00f4t\u00e9s des arm\u00e9es alli\u00e9es contre Hitler et Mussolini.<\/p>\n<p>Ainsi la \u00ab\u00a0Nueve\u00a0\u00bb, de la 2\u00b0 DB command\u00e9e par le g\u00e9n\u00e9ral Leclerc, entra la premi\u00e8re dans Paris le 24 Aout 1944. Dans ses rangs, que des r\u00e9publicains espagnols.<\/p>\n<p>La Mairie de Paris d\u00e8s 2004, engagea la reconnaissance de ces combattants.<\/p>\n<p>En 2014 pour les 70 ans de la lib\u00e9ration de Paris, une c\u00e9r\u00e9monie \u00e0 notre initiative rassembla plus de 2000 personnes. Elles purent admirer le \u00ab\u00a0halftrack\u00a0\u00bb <em>Guadalajara <\/em>de la Nueve, gard\u00e9 par l\u2019arm\u00e9e fran\u00e7aise dans une de ses garnisons, et qui pour la premi\u00e8re fois \u00e9tait expos\u00e9 tout pr\u00e8s de l\u2019H\u00f4tel de Ville de Paris.<\/p>\n<p>En 2015, \u00e0 notre grand \u00e9tonnement le roi Felipe VI et la reine ainsi que Mme Hidalgo, Maire de Paris inauguraient le jardin de la Nueve, attenant \u00e0 l\u2019h\u00f4tel de ville de Paris.<\/p>\n<p>En 2017, le 20 avril, la Mairie de Madrid dirig\u00e9e par Madame Manuela Carmena, d\u00e9cida aussi d\u2019honorer ces r\u00e9publicains engag\u00e9s dans la lutte pour la lib\u00e9ration de l\u2019Europe du joug fasciste, nazi et franquiste, en inaugurant \u00e0 son tour un jardin de la \u00ab\u00a0Nueve\u00a0\u00bb.<\/p>\n<p>Pour toutes ces raisons, li\u00e9es \u00e0 la m\u00e9moire de celles et ceux qui ne cess\u00e8rent jamais de se battre pour la libert\u00e9, en Europe comme en Espagne et plus particuli\u00e8rement \u00e0 Madrid, au prix le plus souvent de leur vie, nous sommes particuli\u00e8rement ulc\u00e9r\u00e9s par cet acte de destruction de la m\u00e9moire historique de votre ville et par cons\u00e9quent de votre pays auquel votre municipalit\u00e9 vient bassement de se livrer. \u00c0 savoir, la destruction du m\u00e9morial d\u00e9di\u00e9 aux fusill\u00e9s du cimeti\u00e8re de l\u2019Almudena, \u00e0 l\u2019Est de Madrid.<\/p>\n<p>Regarder en face l\u2019histoire et ses v\u00e9rit\u00e9s c\u2019est faire en sorte d\u2019\u00e9viter que de telles monstruosit\u00e9s ne se reproduisent.<\/p>\n<p>En tant qu\u2019association m\u00e9morielle et au nom de tous les descendants de ces hommes et ces femmes qui ont donn\u00e9 leur vie ou qui ont d\u00fb fuir leur pays pour la libert\u00e9 contre le fascisme, nous protestons et exigeons que vous r\u00e9tablissiez ces plaques qui comportent les listes des noms des fusill\u00e9s, et que vous garantissiez le maintien de ce m\u00e9morial intact dans l\u2019avenir.<\/p>\n<p>Nous rejoignons dans ce combat, les associations m\u00e9morielles de Madrid et de la p\u00e9ninsule qui se battent pour la m\u00e9moire des r\u00e9publicains espagnols morts pour la libert\u00e9.<\/p>\n<p>Nous ferons tout ce qui est en notre pouvoir, pour informer le plus grand nombre de personnes et de responsables europ\u00e9ens de cette situation et pour qu\u2019un large mouvement de soutien au maintien du m\u00e9morial se fasse jour.<\/p>\n<p>D\u2019ores et d\u00e9j\u00e0 nous engageons chaque personne, choqu\u00e9e par un tel saccage, \u00e0 signer ce texte.<\/p>\n<p>En l\u2019attente de votre r\u00e9ponse et prise en compte de notre requ\u00eate, Recevez Monsieur Le maire, nos salutation associatives.<\/p>\n<p>Association 24-ao\u00fbt-1944<\/p>\n<p><strong>Nous convions toutes celles et ceux, choqu\u00e9s par cet acte, \u00e0 signer cette p\u00e9tition pour obtenir r\u00e9paration et reconstitution du monument aux 2937 fusill\u00e9s du franquisme \u00e0 Madrid. <\/strong><\/p>\n<p><strong>\u00a0\u00c0 diffuser largement.<a href=\"https:\/\/retirada37.com\/wp-content\/uploads\/2019\/12\/franco.png\"><img loading=\"lazy\" decoding=\"async\" class=\"alignnone size-full wp-image-3109\" src=\"https:\/\/retirada37.com\/wp-content\/uploads\/2019\/12\/franco.png\" alt=\"\" width=\"585\" height=\"695\" srcset=\"https:\/\/retirada37.com\/wp-content\/uploads\/2019\/12\/franco.png 585w, https:\/\/retirada37.com\/wp-content\/uploads\/2019\/12\/franco-253x300.png 253w\" sizes=\"auto, (max-width: 585px) 100vw, 585px\" \/><\/a><\/strong><\/p>\n<p><strong>La Asociaci\u00f3n 24 de agosto de 1944 a Jos\u00e9 Luis Mart\u00ednez Almeida, Alcalde de Madrid.<\/strong><\/p>\n<p>Nuestra asociaci\u00f3n se conmueve y protesta por el hecho de que el equipo municipal que actualmente dirige Jos\u00e9 Luis Mart\u00ednez Almeida haya podido votar y desmantelar el monumento erigido en el cementerio oriental, en homenaje a las 2.937 v\u00edctimas de la represi\u00f3n franquista que fueron fusiladas en Madrid entre los a\u00f1os 1939 y 1944.<\/p>\n<p>Nuestra asociaci\u00f3n, fundada en Par\u00eds en 2013, tiene como objetivo dar a conocer la memoria de los antifranquistas espa\u00f1oles que se refugiaron en Francia en 1939 y, en particular, la memoria de aquellos, y de muchos, que participaron en la resistencia contra el fascismo, ya sea uni\u00e9ndose a las filas de la resistencia en Francia o en las Fuerzas Francesas Libres que lucharon junto a los ej\u00e9rcitos aliados contra Hitler y Mussolini.<\/p>\n<p>As\u00ed, la \u00ab\u00a0Nueve\u00a0\u00bb, del 2\u00ba DB comandada por el general Leclerc, entr\u00f3 en Par\u00eds por primera vez el 24 de agosto de 1944. En sus filas, s\u00f3lo republicanos espa\u00f1oles.<\/p>\n<p>El Ayuntamiento de Par\u00eds, en 2004, comenz\u00f3 a reconocer a estos combatientes.<\/p>\n<p>En 2014, con motivo del 70\u00ba aniversario de la liberaci\u00f3n de Par\u00eds, una ceremonia por iniciativa nuestra reuni\u00f3 a m\u00e1s de 2.000 personas. Pudieron admirar el \u00ab\u00a0halftrack\u00a0\u00bb nombrado Guadalajara de la Nueve, custodiado por el ej\u00e9rcito franc\u00e9s en una de sus guarniciones, y que por primera vez se exhibi\u00f3 muy cerca del H\u00f4tel de Ville de Par\u00eds.<\/p>\n<p>En 2015, para nuestra gran sorpresa, el Rey Felipe VI y la Reina, as\u00ed como la Sra. Hidalgo, Alcaldesa de Par\u00eds, inauguraron el Jard\u00edn de las Nueve, adyacente al Ayuntamiento de Par\u00eds.<\/p>\n<p>En 2017, el 20 de abril, el Ayuntamiento de Madrid, encabezado por la Sra. Manuela Carmena, decidi\u00f3 tambi\u00e9n honrar a los republicanos comprometidos en la lucha por la liberaci\u00f3n de Europa del yugo fascista, nazi y franquista, inaugurando a su vez un jard\u00edn de la\u00a0\u00bbNueve\u00a0\u00bb.<\/p>\n<p>Por todas estas razones, ligadas a la memoria de quienes nunca dejaron de luchar por la libertad, en Europa y en Espa\u00f1a y m\u00e1s concretamente en Madrid, a costa de la mayor parte de sus vidas, estamos particularmente ulcerados por este acto de destrucci\u00f3n de la memoria hist\u00f3rica de su ciudad y, en consecuencia, de su pa\u00eds en el que su municipio acaba de comprometerse de manera tan vil. A saber, la destrucci\u00f3n del monumento dedicado a los fusilados en el cementerio de la Almudena, al este de Madrid.<\/p>\n<p>Mirar a la historia y sus verdades a la cara es para asegurar que tales monstruosidades no vuelvan a ocurrir.<\/p>\n<p>Como asociaci\u00f3n conmemorativa y en nombre de todos los descendientes de aquellos hombres y mujeres que dieron su vida o tuvieron que huir de su pa\u00eds por la libertad contra el fascismo, protestamos y exigimos que restauren estas placas que contienen las listas de los nombres de los que recibieron los disparos, y que se aseguren de que este monumento permanezca intacto en el futuro.<\/p>\n<p>En esta lucha, nos unimos a las asociaciones de memoria de Madrid y de la pen\u00ednsula que luchan por la memoria de los republicanos espa\u00f1oles que murieron por la libertad.<\/p>\n<p>Haremos todo lo que est\u00e9 en nuestras manos para informar al mayor n\u00famero posible de personas y funcionarios europeos sobre esta situaci\u00f3n y para garantizar que surja un amplio movimiento a favor del mantenimiento del monumento.<\/p>\n<p>Ya comprometemos a cada persona, conmocionada por el saqueo, a firmar este texto.<\/p>\n<p>A la espera de su respuesta y teniendo en cuenta nuestra petici\u00f3n, le rogamos que reciba al Sr. Alcalde, nuestro saludo de las asociaciones.<\/p>\n<p>Association 24-ao\u00fbt-1944<\/p>\n<p><strong>Invitamos a todos los que est\u00e1n conmocionados por este acto a firmar esta petici\u00f3n para obtener la reparaci\u00f3n y reconstrucci\u00f3n del monumento a los 2937 muertos a tiros durante el r\u00e9gimen franquista en Madrid.<\/strong><\/p>\n<p><strong>\u00a0<\/strong><strong>Para difundir lo mas posible.<\/strong><\/td>\n<\/tr>\n<\/tbody>\n<\/table>\n<\/td>\n<\/tr>\n<\/tbody>\n<\/table>\n<\/td>\n<\/tr>\n<tr>\n<td>\n<table width=\"100%\" data-js-width=\"660\">\n<tbody>\n<tr>\n<td>\n<table width=\"100%\">\n<tbody>\n<tr>\n<td>\n<table width=\"100%\">\n<tbody>\n<tr>\n<td><a href=\"http:\/\/24aout1944.statslive.info\/c\/1788930628\/eyJpdiI6IllJZFpRa1hvUGVZaG9tck91NUhKanJVNUJKQlFuY2psYzFIOHFJVkN4SU09IiwidmFsdWUiOiJZck55UWdORnBxMFcrbitFcWk4a0dPYUxWc0xhMURrcTI0MGVoY3phMXNZPSIsIm1hYyI6IjQ3MzUxYmJmNDJkYTdlNzljNjJiNmYzMzIyM2RkOWEyOTZmMmIzZTk3OWEwMWMwZDQ5MDE5ODdmNDQyOTk2MTIifQ==\">SIGNER LA P\u00c9TITION<\/a><\/td>\n<\/tr>\n<\/tbody>\n<\/table>\n<\/td>\n<\/tr>\n<\/tbody>\n<\/table>\n<\/td>\n<\/tr>\n<\/tbody>\n<\/table>\n<\/td>\n<\/tr>\n<\/tbody>\n<\/table>\n","protected":false},"excerpt":{"rendered":"<p>P\u00c9TITION\u00a0:\u00a0 \u00a1MORIR A MADRID\u2026UNA SECUNDA VEZ! L\u2019Association 24 Aout 1944 \u00e0 Jose Luis Martinez Almeida, maire de Madrid. Notre association s\u2019\u00e9meut et proteste contre le fait que l\u2019\u00e9quipe municipale dirig\u00e9e actuellement par Jose Luis Martinez Almeida ait pu voter et proc\u00e9der au d\u00e9mant\u00e8lement du monument \u00e9lev\u00e9 dans le cimeti\u00e8re de l\u2019est, en hommage aux 2937 &hellip; <a href=\"https:\/\/retirada37.com\/?p=3108\" class=\"more-link\">Continuer la lecture de <span class=\"screen-reader-text\">MOURIR \u00c0 MADRID\u2026UNE SECONDE FOIS !<\/span>  <span class=\"meta-nav\">&rarr;<\/span><\/a><\/p>\n","protected":false},"author":3,"featured_media":0,"comment_status":"open","ping_status":"open","sticky":false,"template":"","format":"standard","meta":{"_bbp_topic_count":0,"_bbp_reply_count":0,"_bbp_total_topic_count":0,"_bbp_total_reply_count":0,"_bbp_voice_count":0,"_bbp_anonymous_reply_count":0,"_bbp_topic_count_hidden":0,"_bbp_reply_count_hidden":0,"_bbp_forum_subforum_count":0,"footnotes":""},"categories":[2],"tags":[],"class_list":["post-3108","post","type-post","status-publish","format-standard","hentry","category-actualites"],"_links":{"self":[{"href":"https:\/\/retirada37.com\/index.php?rest_route=\/wp\/v2\/posts\/3108","targetHints":{"allow":["GET"]}}],"collection":[{"href":"https:\/\/retirada37.com\/index.php?rest_route=\/wp\/v2\/posts"}],"about":[{"href":"https:\/\/retirada37.com\/index.php?rest_route=\/wp\/v2\/types\/post"}],"author":[{"embeddable":true,"href":"https:\/\/retirada37.com\/index.php?rest_route=\/wp\/v2\/users\/3"}],"replies":[{"embeddable":true,"href":"https:\/\/retirada37.com\/index.php?rest_route=%2Fwp%2Fv2%2Fcomments&post=3108"}],"version-history":[{"count":4,"href":"https:\/\/retirada37.com\/index.php?rest_route=\/wp\/v2\/posts\/3108\/revisions"}],"predecessor-version":[{"id":3114,"href":"https:\/\/retirada37.com\/index.php?rest_route=\/wp\/v2\/posts\/3108\/revisions\/3114"}],"wp:attachment":[{"href":"https:\/\/retirada37.com\/index.php?rest_route=%2Fwp%2Fv2%2Fmedia&parent=3108"}],"wp:term":[{"taxonomy":"category","embeddable":true,"href":"https:\/\/retirada37.com\/index.php?rest_route=%2Fwp%2Fv2%2Fcategories&post=3108"},{"taxonomy":"post_tag","embeddable":true,"href":"https:\/\/retirada37.com\/index.php?rest_route=%2Fwp%2Fv2%2Ftags&post=3108"}],"curies":[{"name":"wp","href":"https:\/\/api.w.org\/{rel}","templated":true}]}}