{"id":3079,"date":"2019-10-18T16:55:52","date_gmt":"2019-10-18T15:55:52","guid":{"rendered":"http:\/\/retirada37.com\/?p=3079"},"modified":"2019-10-18T16:55:52","modified_gmt":"2019-10-18T15:55:52","slug":"communique-de-lassociation-pour-le-souvenir-de-lexil-republicain-espagnol-en-france-aseref","status":"publish","type":"post","link":"https:\/\/retirada37.com\/?p=3079","title":{"rendered":"Communiqu\u00e9 de l\u2019Association pour le Souvenir de l\u2019Exil r\u00e9publicain Espagnol en France ASEREF"},"content":{"rendered":"<blockquote><p><strong>Libert\u00e9 !<\/strong><\/p>\n<p>La sentence digne des heures les plus sombres du franquisme est tomb\u00e9e ce lundi 14 octobre \u00e0 Madrid : entre 9 ans et 13 ans de prison pour s\u00e9dition et d\u00e9sob\u00e9issance pour des \u00e9lus et repr\u00e9sentants associatifs catalans. Deux ans apr\u00e8s la tenue du referendum jug\u00e9 ill\u00e9gal par le pouvoir central du 1er octobre 2017. Juste pour avoir d\u00e9cid\u00e9 de consulter d\u00e9mocratiquement la population.<\/p>\n<p>L\u2019Association pour le Souvenir de l\u2019Exil R\u00e9publicain Espagnol en France (ASEREF) une fois de plus d\u00e9nonce l\u2019escalade des nostalgiques du franquisme qui veulent opposer les peuples d\u2019Espagne entre eux. L\u2019attitude du gouvernement espagnol demandant dans cette situation le soutien des partis fid\u00e8les \u00e0 la constitution d\u00e9montre \u00e0 quel point cette soi-disant transition d\u00e9mocratique apr\u00e8s Franco ne l\u2019a jamais \u00e9t\u00e9.<\/p>\n<p>Il faut sortir de ce carcan qui ne vise qu\u2019\u00e0 \u00e9touffer toute vell\u00e9it\u00e9 de recherche de la v\u00e9rit\u00e9 historique.<\/p>\n<p>Ce qui se passe aujourd\u2019hui est d\u2019une extr\u00eame gravit\u00e9, Franco et ses crimes jouissent toujours d\u2019une impunit\u00e9 ind\u00e9cente.<\/p>\n<p>Aujourd\u2019hui Il est question d\u2019exhumer Franco de son Mausol\u00e9e mais c\u2019est une sinistre farce, le franquisme est encore install\u00e9 en Espagne avec un Roi qui veille sur cet indigne patrimoine et avec des gouvernements qui se succ\u00e8dent et qui pactisent les uns apr\u00e8s les autres avec cette indignit\u00e9.<\/p>\n<p>Il faut exiger la lib\u00e9ration des prisonniers politiques catalans m\u00eame si on peut ne pas \u00eatre d\u2019accord avec leurs id\u00e9es. Nous devons lutter pour qu\u2019ils puissent les exprimer.<\/p>\n<p>ASEREF appelle \u00e0 participer \u00e0 toutes les manifestations en France et en Espagne qui exigent leur lib\u00e9ration.<\/p>\n<p><strong>Eloi Martinez Pr\u00e9sident d&rsquo;ASEREF<\/strong><\/p>\n<p>14 octobre 2019<\/p>\n<p>&nbsp;<\/p>\n<p>&nbsp;<\/p>\n<p>&nbsp;<\/p><\/blockquote>\n","protected":false},"excerpt":{"rendered":"<p>Libert\u00e9 ! La sentence digne des heures les plus sombres du franquisme est tomb\u00e9e ce lundi 14 octobre \u00e0 Madrid : entre 9 ans et 13 ans de prison pour s\u00e9dition et d\u00e9sob\u00e9issance pour des \u00e9lus et repr\u00e9sentants associatifs catalans. Deux ans apr\u00e8s la tenue du referendum jug\u00e9 ill\u00e9gal par le pouvoir central du 1er &hellip; <a href=\"https:\/\/retirada37.com\/?p=3079\" class=\"more-link\">Continuer la lecture de <span class=\"screen-reader-text\">Communiqu\u00e9 de l\u2019Association pour le Souvenir de l\u2019Exil r\u00e9publicain Espagnol en France ASEREF<\/span>  <span class=\"meta-nav\">&rarr;<\/span><\/a><\/p>\n","protected":false},"author":3,"featured_media":0,"comment_status":"open","ping_status":"open","sticky":false,"template":"","format":"standard","meta":{"_bbp_topic_count":0,"_bbp_reply_count":0,"_bbp_total_topic_count":0,"_bbp_total_reply_count":0,"_bbp_voice_count":0,"_bbp_anonymous_reply_count":0,"_bbp_topic_count_hidden":0,"_bbp_reply_count_hidden":0,"_bbp_forum_subforum_count":0,"footnotes":""},"categories":[2],"tags":[],"class_list":["post-3079","post","type-post","status-publish","format-standard","hentry","category-actualites"],"_links":{"self":[{"href":"https:\/\/retirada37.com\/index.php?rest_route=\/wp\/v2\/posts\/3079","targetHints":{"allow":["GET"]}}],"collection":[{"href":"https:\/\/retirada37.com\/index.php?rest_route=\/wp\/v2\/posts"}],"about":[{"href":"https:\/\/retirada37.com\/index.php?rest_route=\/wp\/v2\/types\/post"}],"author":[{"embeddable":true,"href":"https:\/\/retirada37.com\/index.php?rest_route=\/wp\/v2\/users\/3"}],"replies":[{"embeddable":true,"href":"https:\/\/retirada37.com\/index.php?rest_route=%2Fwp%2Fv2%2Fcomments&post=3079"}],"version-history":[{"count":1,"href":"https:\/\/retirada37.com\/index.php?rest_route=\/wp\/v2\/posts\/3079\/revisions"}],"predecessor-version":[{"id":3080,"href":"https:\/\/retirada37.com\/index.php?rest_route=\/wp\/v2\/posts\/3079\/revisions\/3080"}],"wp:attachment":[{"href":"https:\/\/retirada37.com\/index.php?rest_route=%2Fwp%2Fv2%2Fmedia&parent=3079"}],"wp:term":[{"taxonomy":"category","embeddable":true,"href":"https:\/\/retirada37.com\/index.php?rest_route=%2Fwp%2Fv2%2Fcategories&post=3079"},{"taxonomy":"post_tag","embeddable":true,"href":"https:\/\/retirada37.com\/index.php?rest_route=%2Fwp%2Fv2%2Ftags&post=3079"}],"curies":[{"name":"wp","href":"https:\/\/api.w.org\/{rel}","templated":true}]}}