{"id":3076,"date":"2019-10-18T16:50:42","date_gmt":"2019-10-18T15:50:42","guid":{"rendered":"http:\/\/retirada37.com\/?p=3076"},"modified":"2019-10-18T16:50:42","modified_gmt":"2019-10-18T15:50:42","slug":"enterrar-y-callar","status":"publish","type":"post","link":"https:\/\/retirada37.com\/?p=3076","title":{"rendered":"ENTERRAR Y CALLAR"},"content":{"rendered":"<h2 class=\"western\" align=\"CENTER\"><span style=\"color: #c00000;\"><span style=\"font-size: large;\">\u00ab\u00a0RETIRADA 37\u00a0\u00bb VOUS INVITE AU D\u00c9BAT SUR LES B\u00c9B\u00c9S VOL\u00c9S<\/span><\/span><\/h2>\n<p align=\"CENTER\"><span style=\"color: #000000;\"><span style=\"font-family: Times New Roman, serif;\"><span style=\"font-size: medium;\">SAMEDI 19 OCTOBRE <\/span><\/span><\/span><\/p>\n<p align=\"CENTER\"><span style=\"color: #000000;\"><span style=\"font-family: Times New Roman, serif;\"><span style=\"font-size: medium;\">De 14 h \u00e0 18 h Salle de la M\u00e9daille \u00e0 St Pierre des Corps<\/span><\/span><\/span><\/p>\n<p align=\"CENTER\"><span style=\"color: #c00000;\"><span style=\"font-family: Times New Roman, serif;\"><span style=\"font-size: medium;\"><b>Avec la participation de ANNA LOPEZ LUNA<\/b><\/span><\/span><\/span><\/p>\n<p align=\"CENTER\"><span style=\"color: #c00000;\"><span style=\"font-family: Times New Roman, serif;\"><span style=\"font-size: medium;\"><b>(auteur de)<\/b><\/span><\/span><\/span><\/p>\n<p align=\"CENTER\"><span style=\"color: #c00000;\"><span style=\"font-family: Times New Roman, serif;\"><span style=\"font-size: large;\"><b>ENTERRAR Y CALLAR<\/b><\/span><\/span><\/span><\/p>\n<p align=\"CENTER\"><span style=\"color: #c00000;\"><span style=\"font-family: Times New Roman, serif;\"><span style=\"font-size: large;\"><b>(Enterrer et Taire)<\/b><\/span><\/span><\/span><\/p>\n<p align=\"JUSTIFY\"><span style=\"color: #000000;\"><span style=\"font-family: Times New Roman, serif;\"><span style=\"font-size: medium;\">Le titre d\u2019une gravure de Francisco Goya pour un film qui ouvre sur le paysage inqui\u00e9tant d\u2019une Espagne. <\/span><\/span><\/span><\/p>\n<p align=\"JUSTIFY\"><span style=\"color: #000000;\"><span style=\"font-family: Times New Roman, serif;\"><span style=\"font-size: medium;\">Car ce qui se r\u00e9v\u00e8le ne proc\u00e8de pas seulement d\u2019un pass\u00e9 qui peut \u00eatre tenu dans une distance qui rassure, mais continue de servir le pr\u00e9sent : le vol des nouveaux n\u00e9s dans les maternit\u00e9s. <\/span><\/span><\/span><\/p>\n<p align=\"JUSTIFY\"><span style=\"color: #000000;\"><span style=\"font-family: Times New Roman, serif;\"><span style=\"font-size: medium;\">Abus de pouvoir m\u00e9dical, contr\u00f4le religieux, corruption institutionnalis\u00e9e, m\u00e9pris de l\u2019autre : <\/span><\/span><\/span><\/p>\n<p><span style=\"color: #000000;\"><span style=\"font-family: Times New Roman, serif;\"><span style=\"font-size: medium;\">Ces mots et ces sentiments r\u00e9sonnent d\u2019une parole \u00e0 l\u2019autre et d\u00e9voilent des proc\u00e9d\u00e9s qui ont \u00e9t\u00e9 perp\u00e9tr\u00e9s pendant la dictature franquiste et qui ont continu\u00e9 dans la d\u00e9mocratie.<br \/>\nUne s\u00e9rie d\u2019entretiens recueillie dans toute l\u2019Espagne : <\/span><\/span><\/span><\/p>\n<p align=\"JUSTIFY\"><span style=\"color: #000000;\"><span style=\"font-family: Times New Roman, serif;\"><span style=\"font-size: medium;\">Des m\u00e8res, p\u00e8res, enfants, l\u2019un apr\u00e8s l\u2019autre, d\u00e9posent leurs histoires enfouies sous terre. <\/span><\/span><\/span><\/p>\n<p align=\"JUSTIFY\"><span style=\"color: #000000;\"><span style=\"font-family: Times New Roman, serif;\"><span style=\"font-size: medium;\">Alors, la parole, dans l\u2019espace du film, commence \u00e0 penser et se r\u00e9volter contre le vide juridique qui les \u00e9touffe. <\/span><\/span><\/span><\/p>\n<p align=\"JUSTIFY\"><span style=\"color: #000000;\"><span style=\"font-family: Times New Roman, serif;\"><span style=\"font-size: medium;\">Ce vide toujours actif s\u2019emm\u00eale \u00e0 une situation de l\u2019Espagne contemporaine: l\u2019impunit\u00e9 des crimes, la corruption de l\u2019\u00e9tat, la spoliation du syst\u00e8me social et le durcissement d\u2019une morale sexuelle de droite. Contre l\u2019humiliation sourde, les personnes se tiennent l\u00e0, fragiles mais pourtant l\u2019une \u00e0 c\u00f4t\u00e9 de l\u2019autre dans le cadre de l\u2019\u00e9cran. <\/span><\/span><\/span><\/p>\n<p align=\"JUSTIFY\"><span style=\"color: #000000;\"><span style=\"font-family: Times New Roman, serif;\"><span style=\"font-size: medium;\">Et c\u2019est par le lien de l\u2019\u00e9coute que le film propose l\u2019affrontement du cynisme et de son autorit\u00e9.<\/span><\/span><\/span><\/p>\n","protected":false},"excerpt":{"rendered":"<p>\u00ab\u00a0RETIRADA 37\u00a0\u00bb VOUS INVITE AU D\u00c9BAT SUR LES B\u00c9B\u00c9S VOL\u00c9S SAMEDI 19 OCTOBRE De 14 h \u00e0 18 h Salle de la M\u00e9daille \u00e0 St Pierre des Corps Avec la participation de ANNA LOPEZ LUNA (auteur de) ENTERRAR Y CALLAR (Enterrer et Taire) Le titre d\u2019une gravure de Francisco Goya pour un film qui ouvre &hellip; <a href=\"https:\/\/retirada37.com\/?p=3076\" class=\"more-link\">Continuer la lecture de <span class=\"screen-reader-text\">ENTERRAR Y CALLAR<\/span>  <span class=\"meta-nav\">&rarr;<\/span><\/a><\/p>\n","protected":false},"author":3,"featured_media":0,"comment_status":"open","ping_status":"open","sticky":false,"template":"","format":"standard","meta":{"_bbp_topic_count":0,"_bbp_reply_count":0,"_bbp_total_topic_count":0,"_bbp_total_reply_count":0,"_bbp_voice_count":0,"_bbp_anonymous_reply_count":0,"_bbp_topic_count_hidden":0,"_bbp_reply_count_hidden":0,"_bbp_forum_subforum_count":0,"footnotes":""},"categories":[20,14,15],"tags":[],"class_list":["post-3076","post","type-post","status-publish","format-standard","hentry","category-culture","category-histoire","category-temoignages-et-recits"],"_links":{"self":[{"href":"https:\/\/retirada37.com\/index.php?rest_route=\/wp\/v2\/posts\/3076","targetHints":{"allow":["GET"]}}],"collection":[{"href":"https:\/\/retirada37.com\/index.php?rest_route=\/wp\/v2\/posts"}],"about":[{"href":"https:\/\/retirada37.com\/index.php?rest_route=\/wp\/v2\/types\/post"}],"author":[{"embeddable":true,"href":"https:\/\/retirada37.com\/index.php?rest_route=\/wp\/v2\/users\/3"}],"replies":[{"embeddable":true,"href":"https:\/\/retirada37.com\/index.php?rest_route=%2Fwp%2Fv2%2Fcomments&post=3076"}],"version-history":[{"count":1,"href":"https:\/\/retirada37.com\/index.php?rest_route=\/wp\/v2\/posts\/3076\/revisions"}],"predecessor-version":[{"id":3077,"href":"https:\/\/retirada37.com\/index.php?rest_route=\/wp\/v2\/posts\/3076\/revisions\/3077"}],"wp:attachment":[{"href":"https:\/\/retirada37.com\/index.php?rest_route=%2Fwp%2Fv2%2Fmedia&parent=3076"}],"wp:term":[{"taxonomy":"category","embeddable":true,"href":"https:\/\/retirada37.com\/index.php?rest_route=%2Fwp%2Fv2%2Fcategories&post=3076"},{"taxonomy":"post_tag","embeddable":true,"href":"https:\/\/retirada37.com\/index.php?rest_route=%2Fwp%2Fv2%2Ftags&post=3076"}],"curies":[{"name":"wp","href":"https:\/\/api.w.org\/{rel}","templated":true}]}}