{"id":3039,"date":"2019-08-08T15:33:15","date_gmt":"2019-08-08T14:33:15","guid":{"rendered":"http:\/\/retirada37.com\/?p=3039"},"modified":"2019-08-08T15:26:00","modified_gmt":"2019-08-08T14:26:00","slug":"journees-caminar-espagne-un-exil-republicain","status":"publish","type":"post","link":"https:\/\/retirada37.com\/?p=3039","title":{"rendered":"Journ\u00e9es Caminar :  Espagne, un exil  r\u00e9publicain"},"content":{"rendered":"<p>Du 25 au 27octobre 201. Nous contacter pour d\u00e9part group\u00e9\u00a0 et h\u00e9bergement.<\/p>\n<p>Au cas o\u00f9 des personnes seraient int\u00e9ress\u00e9es pour s&rsquo;y rendre, il est n\u00e9cessaire de pr\u00e9ciser que pour l&rsquo;h\u00e9bergement, les h\u00f4tels dont les noms sont cit\u00e9s dans le document ont \u00e9t\u00e9 contact\u00e9s par des membres de Caminar et ont \u00e9t\u00e9 choisis par rapport \u00e0 leur proximit\u00e9 du lieu o\u00f9 se d\u00e9rouleront les journ\u00e9es.<\/p>\n<p><strong>Voir ici le programme : <a href=\"https:\/\/retirada37.com\/wp-content\/uploads\/2019\/07\/Depliant-colloque-Journees-Caminar-25-26-27-oct-2019-Toulouse.pdf\">Depliant colloque Journees Caminar 25 26 27 oct 2019 Toulouse<\/a><\/strong><\/p>\n<p>&nbsp;<\/p>\n<p><a href=\"https:\/\/retirada37.com\/wp-content\/uploads\/2019\/07\/Affiche-colloque-Journees-Caminar-25-26-27-oct-2019-Toulouse.jpg\"><img loading=\"lazy\" decoding=\"async\" class=\"alignnone size-full wp-image-3060\" src=\"https:\/\/retirada37.com\/wp-content\/uploads\/2019\/07\/Affiche-colloque-Journees-Caminar-25-26-27-oct-2019-Toulouse.jpg\" alt=\"\" width=\"2480\" height=\"3507\" srcset=\"https:\/\/retirada37.com\/wp-content\/uploads\/2019\/07\/Affiche-colloque-Journees-Caminar-25-26-27-oct-2019-Toulouse.jpg 2480w, https:\/\/retirada37.com\/wp-content\/uploads\/2019\/07\/Affiche-colloque-Journees-Caminar-25-26-27-oct-2019-Toulouse-212x300.jpg 212w, https:\/\/retirada37.com\/wp-content\/uploads\/2019\/07\/Affiche-colloque-Journees-Caminar-25-26-27-oct-2019-Toulouse-768x1086.jpg 768w, https:\/\/retirada37.com\/wp-content\/uploads\/2019\/07\/Affiche-colloque-Journees-Caminar-25-26-27-oct-2019-Toulouse-724x1024.jpg 724w\" sizes=\"auto, (max-width: 2480px) 100vw, 2480px\" \/><\/a><\/p>\n","protected":false},"excerpt":{"rendered":"<p>Du 25 au 27octobre 201. Nous contacter pour d\u00e9part group\u00e9\u00a0 et h\u00e9bergement. Au cas o\u00f9 des personnes seraient int\u00e9ress\u00e9es pour s&rsquo;y rendre, il est n\u00e9cessaire de pr\u00e9ciser que pour l&rsquo;h\u00e9bergement, les h\u00f4tels dont les noms sont cit\u00e9s dans le document ont \u00e9t\u00e9 contact\u00e9s par des membres de Caminar et ont \u00e9t\u00e9 choisis par rapport \u00e0 &hellip; <a href=\"https:\/\/retirada37.com\/?p=3039\" class=\"more-link\">Continuer la lecture de <span class=\"screen-reader-text\">Journ\u00e9es Caminar :  Espagne, un exil  r\u00e9publicain<\/span>  <span class=\"meta-nav\">&rarr;<\/span><\/a><\/p>\n","protected":false},"author":3,"featured_media":0,"comment_status":"open","ping_status":"open","sticky":false,"template":"","format":"standard","meta":{"_bbp_topic_count":0,"_bbp_reply_count":0,"_bbp_total_topic_count":0,"_bbp_total_reply_count":0,"_bbp_voice_count":0,"_bbp_anonymous_reply_count":0,"_bbp_topic_count_hidden":0,"_bbp_reply_count_hidden":0,"_bbp_forum_subforum_count":0,"footnotes":""},"categories":[2,14],"tags":[],"class_list":["post-3039","post","type-post","status-publish","format-standard","hentry","category-actualites","category-histoire"],"_links":{"self":[{"href":"https:\/\/retirada37.com\/index.php?rest_route=\/wp\/v2\/posts\/3039","targetHints":{"allow":["GET"]}}],"collection":[{"href":"https:\/\/retirada37.com\/index.php?rest_route=\/wp\/v2\/posts"}],"about":[{"href":"https:\/\/retirada37.com\/index.php?rest_route=\/wp\/v2\/types\/post"}],"author":[{"embeddable":true,"href":"https:\/\/retirada37.com\/index.php?rest_route=\/wp\/v2\/users\/3"}],"replies":[{"embeddable":true,"href":"https:\/\/retirada37.com\/index.php?rest_route=%2Fwp%2Fv2%2Fcomments&post=3039"}],"version-history":[{"count":6,"href":"https:\/\/retirada37.com\/index.php?rest_route=\/wp\/v2\/posts\/3039\/revisions"}],"predecessor-version":[{"id":3062,"href":"https:\/\/retirada37.com\/index.php?rest_route=\/wp\/v2\/posts\/3039\/revisions\/3062"}],"wp:attachment":[{"href":"https:\/\/retirada37.com\/index.php?rest_route=%2Fwp%2Fv2%2Fmedia&parent=3039"}],"wp:term":[{"taxonomy":"category","embeddable":true,"href":"https:\/\/retirada37.com\/index.php?rest_route=%2Fwp%2Fv2%2Fcategories&post=3039"},{"taxonomy":"post_tag","embeddable":true,"href":"https:\/\/retirada37.com\/index.php?rest_route=%2Fwp%2Fv2%2Ftags&post=3039"}],"curies":[{"name":"wp","href":"https:\/\/api.w.org\/{rel}","templated":true}]}}