{"id":3033,"date":"2019-07-16T17:24:18","date_gmt":"2019-07-16T16:24:18","guid":{"rendered":"http:\/\/retirada37.com\/?p=3033"},"modified":"2019-07-16T17:26:19","modified_gmt":"2019-07-16T16:26:19","slug":"lexhumation-du-dictateur-franco-est-une-exigence-democratique-et-de-morale-elementaire","status":"publish","type":"post","link":"https:\/\/retirada37.com\/?p=3033","title":{"rendered":"L&rsquo;exhumation du dictateur Franco est une exigence d\u00e9mocratique et de morale \u00e9l\u00e9mentaire"},"content":{"rendered":"<p><img loading=\"lazy\" decoding=\"async\" class=\"alignnone size-full wp-image-3034\" src=\"https:\/\/retirada37.com\/wp-content\/uploads\/2019\/07\/cam.png\" alt=\"\" width=\"779\" height=\"135\" srcset=\"https:\/\/retirada37.com\/wp-content\/uploads\/2019\/07\/cam.png 779w, https:\/\/retirada37.com\/wp-content\/uploads\/2019\/07\/cam-300x52.png 300w, https:\/\/retirada37.com\/wp-content\/uploads\/2019\/07\/cam-768x133.png 768w\" sizes=\"auto, (max-width: 779px) 100vw, 779px\" \/><\/p>\n<p>R\u00e9uni \u00e0 Toulouse le 29 juin 2019, le Conseil d&rsquo;Administration de la coordination nationale fran\u00e7aise Caminar (dont Retirada 37 fait partie),\u00a0 a adopt\u00e9 \u00e0 l&rsquo;unanimit\u00e9, le texte suivant, suite \u00e0 la derni\u00e8re d\u00e9cision du Tribunal Supr\u00eame espagnol concernant l&rsquo;exhumation du dictateur Franco du Valle de los Ca\u00eddos.<\/p>\n<p>L&rsquo;exhumation du dictateur Franco est une exigence d\u00e9mocratique et de morale \u00e9l\u00e9mentaire. Une d\u00e9mocratie apais\u00e9e ne peut offrir au plus grand criminel de son histoire r\u00e9cente un \u00e9crin monumental construit au prix du sang de ses victimes. L&rsquo;Espagne ne peut continuer \u00e0 permettre la glorification du crime.<\/p>\n<p>Il s&rsquo;agit d&rsquo;une anomalie en Europe qui renie les valeurs gouvernant les droits des peuples et pr\u00e9sident \u00e0 la s\u00e9r\u00e9nit\u00e9 de nos soci\u00e9t\u00e9s. La s\u00e9pulture actuelle de Franco est un affront \u00e0 la m\u00e9moire de ses victimes et une blessure pour les descendants de celles-ci, par-del\u00e0 les d\u00e9cennies et les fronti\u00e8res. Le d\u00e9cret-loi du 24 ao\u00fbt 2018 a d\u00e9clar\u00e9 l&rsquo;exhumation d&rsquo;int\u00e9r\u00eat g\u00e9n\u00e9ral et rev\u00eatant un caract\u00e8re d&rsquo;urgence; c&rsquo;est l&rsquo;\u00e9vidence.<\/p>\n<p>Notre coordination r\u00e9affirme son attachement \u00e0 l&rsquo;ex\u00e9cution la plus rapide du transfert de la d\u00e9pouille du despote. Dans sa d\u00e9cision provisoire du 4 juin 2019, le Tribunal supr\u00eame espagnol a qualifi\u00e9 ce dictateur de \u00ab\u00a0chef de l\u2019\u00c9tat depuis le 1er octobre 1936 jusqu&rsquo;\u00e0 son d\u00e9c\u00e8s le 20 novembre 1975\u00a0\u00bb. Franco n&rsquo;a pourtant tir\u00e9 son autorit\u00e9 d&rsquo;aucune \u00e9lection d\u00e9mocratique, mais de la force brutale que lui et ses complices ont d\u00e9cha\u00een\u00e9e contre le gouvernement l\u00e9gitime de la R\u00e9publique. Le 1er octobre 1936, et jusqu&rsquo;\u00e0 sa d\u00e9mission, le pr\u00e9sident Manuel Aza\u00f1a demeurait le chef de l\u2019\u00c9tat, il jouissait de la l\u00e9gitimit\u00e9 des scrutins populaires, dans le respect de la constitution alors en vigueur.<\/p>\n<p>La coordination nationale fran\u00e7aise Caminar r\u00e9affirme sa solidarit\u00e9 avec la campagne \u00ab\u00a0Ni Valle Ni Almudena\u00a0\u00bb. (*) La coordination nationale Caminar regroupe 18 associations fran\u00e7aises de descendants et amis des exil\u00e9s de l\u2019Espagne R\u00e9publicaine.<\/p>\n<p><img loading=\"lazy\" decoding=\"async\" class=\"alignnone size-full wp-image-3035\" src=\"https:\/\/retirada37.com\/wp-content\/uploads\/2019\/07\/CARTEL-18-7-2019-GR.jpeg\" alt=\"\" width=\"1169\" height=\"1654\" srcset=\"https:\/\/retirada37.com\/wp-content\/uploads\/2019\/07\/CARTEL-18-7-2019-GR.jpeg 1169w, https:\/\/retirada37.com\/wp-content\/uploads\/2019\/07\/CARTEL-18-7-2019-GR-212x300.jpeg 212w, https:\/\/retirada37.com\/wp-content\/uploads\/2019\/07\/CARTEL-18-7-2019-GR-768x1087.jpeg 768w, https:\/\/retirada37.com\/wp-content\/uploads\/2019\/07\/CARTEL-18-7-2019-GR-724x1024.jpeg 724w\" sizes=\"auto, (max-width: 1169px) 100vw, 1169px\" \/><\/p>\n<p>Reunido en Toulouse el 29 de junio de 2019, el Consejo de administraci\u00f3n de la coordinadora nacional francesa Caminar (*) ha adoptado por unanimidad el siguiente texto, tras la \u00faltima decisi\u00f3n del Tribunal Supremo espa\u00f1ol relativa a la exhumaci\u00f3n del dictador Franco del Valle de los Ca\u00eddos<\/p>\n<p>La exhumaci\u00f3n del dictador Franco es una exigencia democr\u00e1tica y de moral elemental. Una democracia apaciguada no puede ofrecer al mayor criminal de su historia un lugar monumental tan relevante construido con la sangre de sus v\u00edctimas.<\/p>\n<p>Espa\u00f1a no puede seguir permitiendo la glorificaci\u00f3n del crimen. Se trata de una anomal\u00eda en Europa que niega los valores que rigen los derechos de los pueblos y garantizan la serenidad de nuestras sociedades.<\/p>\n<p>La sepultura actual de Franco es una afrenta a la memoria de sus v\u00edctimas y una llaga abierta para sus descendientes, m\u00e1s all\u00e1 de los decenios y de las fronteras.<\/p>\n<p>El decreto ley del 24 de agosto de 2018 ha declarado la exhumaci\u00f3n de inter\u00e9s general y con car\u00e1cter urgente. Es una evidencia. Nuestra coordinadora reafirma su voluntad de que se proceda cuanto antes al traslado de los restos del d\u00e9spota.<\/p>\n<p>En su decisi\u00f3n cautelar del 4 de junio de 2019, el Tribunal supremo ha calificado al dictador de \u00ab Jefe del Estado desde el 1 de octubre de 1936 hasta su fallecimiento el 20 de noviembre de 1975 \u00bb. Franco no sac\u00f3 su autoridad de unas elecciones democr\u00e1ticas sino de la fuerza bruta que \u00e9l y sus c\u00f3mplices desataron contra el gobierno leg\u00edtimo de la Rep\u00fablica. El 1 de octubre de 1936 y hasta su dimisi\u00f3n, el presidente Manuel Aza\u00f1a segu\u00eda siendo el Jefe del Estado, gozando por ello de la legitimidad de escrutinios populares dentro del respeto a la constituci\u00f3n vigente.<\/p>\n<p>La coordinadora nacional francesa Caminar reafirma su solidaridad con la campa\u00f1a \u00ab Ni Valle Ni Almudena \u00bb.<\/p>\n<p>(*)La coordinadora nacional Caminar re\u00fane a 18 asociaciones francesas de descendientes y amigos de los exiliados de la Espa\u00f1a Republicana.<\/p>\n","protected":false},"excerpt":{"rendered":"<p>R\u00e9uni \u00e0 Toulouse le 29 juin 2019, le Conseil d&rsquo;Administration de la coordination nationale fran\u00e7aise Caminar (dont Retirada 37 fait partie),\u00a0 a adopt\u00e9 \u00e0 l&rsquo;unanimit\u00e9, le texte suivant, suite \u00e0 la derni\u00e8re d\u00e9cision du Tribunal Supr\u00eame espagnol concernant l&rsquo;exhumation du dictateur Franco du Valle de los Ca\u00eddos. L&rsquo;exhumation du dictateur Franco est une exigence d\u00e9mocratique &hellip; <a href=\"https:\/\/retirada37.com\/?p=3033\" class=\"more-link\">Continuer la lecture de <span class=\"screen-reader-text\">L&rsquo;exhumation du dictateur Franco est une exigence d\u00e9mocratique et de morale \u00e9l\u00e9mentaire<\/span>  <span class=\"meta-nav\">&rarr;<\/span><\/a><\/p>\n","protected":false},"author":3,"featured_media":0,"comment_status":"open","ping_status":"open","sticky":false,"template":"","format":"standard","meta":{"_bbp_topic_count":0,"_bbp_reply_count":0,"_bbp_total_topic_count":0,"_bbp_total_reply_count":0,"_bbp_voice_count":0,"_bbp_anonymous_reply_count":0,"_bbp_topic_count_hidden":0,"_bbp_reply_count_hidden":0,"_bbp_forum_subforum_count":0,"footnotes":""},"categories":[2],"tags":[],"class_list":["post-3033","post","type-post","status-publish","format-standard","hentry","category-actualites"],"_links":{"self":[{"href":"https:\/\/retirada37.com\/index.php?rest_route=\/wp\/v2\/posts\/3033","targetHints":{"allow":["GET"]}}],"collection":[{"href":"https:\/\/retirada37.com\/index.php?rest_route=\/wp\/v2\/posts"}],"about":[{"href":"https:\/\/retirada37.com\/index.php?rest_route=\/wp\/v2\/types\/post"}],"author":[{"embeddable":true,"href":"https:\/\/retirada37.com\/index.php?rest_route=\/wp\/v2\/users\/3"}],"replies":[{"embeddable":true,"href":"https:\/\/retirada37.com\/index.php?rest_route=%2Fwp%2Fv2%2Fcomments&post=3033"}],"version-history":[{"count":3,"href":"https:\/\/retirada37.com\/index.php?rest_route=\/wp\/v2\/posts\/3033\/revisions"}],"predecessor-version":[{"id":3038,"href":"https:\/\/retirada37.com\/index.php?rest_route=\/wp\/v2\/posts\/3033\/revisions\/3038"}],"wp:attachment":[{"href":"https:\/\/retirada37.com\/index.php?rest_route=%2Fwp%2Fv2%2Fmedia&parent=3033"}],"wp:term":[{"taxonomy":"category","embeddable":true,"href":"https:\/\/retirada37.com\/index.php?rest_route=%2Fwp%2Fv2%2Fcategories&post=3033"},{"taxonomy":"post_tag","embeddable":true,"href":"https:\/\/retirada37.com\/index.php?rest_route=%2Fwp%2Fv2%2Ftags&post=3033"}],"curies":[{"name":"wp","href":"https:\/\/api.w.org\/{rel}","templated":true}]}}