{"id":3020,"date":"2019-06-16T14:58:29","date_gmt":"2019-06-16T13:58:29","guid":{"rendered":"http:\/\/retirada37.com\/?p=3020"},"modified":"2019-06-16T14:58:29","modified_gmt":"2019-06-16T13:58:29","slug":"declaration-commune-liberte-dexpression","status":"publish","type":"post","link":"https:\/\/retirada37.com\/?p=3020","title":{"rendered":"D\u00e9claration commune Libert\u00e9 d\u2019expression"},"content":{"rendered":"<div class=\"moz-text-html\" lang=\"x-unicode\">\n<div>\n<div>\n<div id=\"yiv9061220605\">\n<div>\n<div class=\"yiv9061220605\">Paris, le 6 mai 2019<\/div>\n<div><\/div>\n<div><strong>Premiers signataires de la d\u00e9claration apr\u00e8s l\u2019agression au couteau \u00e0 la librairie anarchiste Publico \u00e0 Paris : Cl\u00e9mentine Autain, Olivier Besancenot, Judith Butler, Dominique Cabrera, Didier Daeninckx, Didier Eribon, David Graeber, Geoffroy de Lagasnerie, Sandra Laugier, Pierre Lema\u00eetre, Edouard Louis, G\u00e9rard Mordillat, Michel Onfray, Ernest Pignon-Ernest, Philippe Poutou, James C. Scott\u2026<\/strong><\/div>\n<\/div>\n<div><\/div>\n<div>\n<div class=\"yiv9061220605\">Au lendemain du 1er mai, un compagnon anarchiste a \u00e9t\u00e9 violemment attaqu\u00e9 \u00e0 coups de couteau au si\u00e8ge du Monde Libertaire, de Radio Libertaire, et des Editions du Monde Libertaire dans la librairie Publico (Paris XI<sup class=\"yiv9061220605\">\u00e8me<\/sup>).<\/div>\n<div class=\"yiv9061220605\"><br class=\"yiv9061220605\" \/>Une enqu\u00eate pour tentative de meurtre est en cours.<\/div>\n<div class=\"yiv9061220605\">Cette librairie est clairement identifi\u00e9e comme un lieu culturel anarchiste. C\u2019est un endroit o\u00f9 l\u2019on peut trouver des ouvrages, des \u00e9crits, de la presse, des musiques, des films diff\u00e9rents et engag\u00e9s. Ce lieu permet aussi des rencontres, des expressions, des projets libres, alternatifs. En somme un espace militant au service des luttes sociales, un porte-voix autant national qu&rsquo;international de l\u2019expression du mouvement libertaire et au del\u00e0.<\/div>\n<div class=\"yiv9061220605\"><br class=\"yiv9061220605\" \/>Ce lieu ouvert enrichit la pens\u00e9e, l\u2019expression, la diffusion, la communication des valeurs pour l\u2019\u00e9mancipation, pour la dignit\u00e9 humaine, l\u2019information libre, r\u00e9elle et partag\u00e9e.<\/div>\n<div class=\"yiv9061220605\"><br class=\"yiv9061220605\" \/>C&rsquo;est dans un contexte de violences publiques contre la libert\u00e9 d\u2019expression, un contexte de lutte et de mise en lumi\u00e8re plus forte des id\u00e9es libertaires et de r\u00e9sistance \u00e0 toute forme de soumission et d\u2019obscurantisme, que cet acte odieux s&rsquo;est produit.<\/div>\n<div class=\"yiv9061220605\"><br class=\"yiv9061220605\" \/>C&rsquo;est en faisant face ensemble pour affirmer notre pr\u00e9sence et nos valeurs que nous les ferons progresser, dans le respect de notre diversit\u00e9 mais dans l&rsquo;unit\u00e9 face \u00e0 ceux qui veulent nous faire taire.<\/div>\n<div class=\"yiv9061220605\">\u00ab<b class=\"yiv9061220605\">La libert\u00e9<\/b> est toujours <b class=\"yiv9061220605\">la libert\u00e9 de penser autrement<\/b>.\u00bb<br class=\"yiv9061220605\" \/><b class=\"yiv9061220605\">Rosa Luxemburg<\/b><\/div>\n<div><\/div>\n<div class=\"yiv9061220605\">Plus que jamais conscients de cette absolue n\u00e9cessit\u00e9, nous manifestons notre soutien et notre solidarit\u00e9 avec la librairie Publico et le compagnon agress\u00e9.<\/div>\n<div class=\"yiv9061220605\"><br class=\"yiv9061220605\" \/><b class=\"yiv9061220605\">Le chemin vers la Libert\u00e9 ne nous autorise pas \u00e0 renoncer.<\/b><\/div>\n<div class=\"yiv9061220605\"><i class=\"yiv9061220605\">Premiers signataires (Organisations, Collectifs, Groupes, Individus<\/i><\/div>\n<div class=\"yiv9061220605\">La F\u00e9d\u00e9ration Anarchiste<br class=\"yiv9061220605\" \/>Alternative Libertaire<br class=\"yiv9061220605\" \/>ATTAC France<br class=\"yiv9061220605\" \/>la CGA &#8211; Coordination des Groupes Anarchistes<br class=\"yiv9061220605\" \/>Le collectif GERA &#8211; Grupo Erva Rebelde Anarquista de Porto<br class=\"yiv9061220605\" \/>Le Comit\u00e9 de Vigilance Antifasciste 66<br class=\"yiv9061220605\" \/>La Coop\u00e9rative Politique Ecologie sociale<br class=\"yiv9061220605\" \/>C.S.A. A Gralha (Portugal)<br class=\"yiv9061220605\" \/>\u00c9mancipation<br class=\"yiv9061220605\" \/>F\u00e9d\u00e9ration des C.I.R.C &#8211; Collectifs d\u2019Information et de Recherche Cannabique<br class=\"yiv9061220605\" \/>Gr. libertaire Jules Durand,<br class=\"yiv9061220605\" \/>L&rsquo;Association internationale de la Libre Pens\u00e9e<br class=\"yiv9061220605\" \/>La F\u00e9d\u00e9ration Nationale de la Libre Pens\u00e9e<br class=\"yiv9061220605\" \/>La F\u00e9d\u00e9ration des Comit\u00e9s Syndicalistes R\u00e9volutionnaires CSR<br class=\"yiv9061220605\" \/>Malik Salemkour, Pdt de la Ligue des Droits de l\u2019Homme<br class=\"yiv9061220605\" \/>Nouveau parti anticapitaliste &#8211; NPA<br class=\"yiv9061220605\" \/>L\u2019Organisation Anarchiste<br class=\"yiv9061220605\" \/>Union Antifasciste Toulousaine &#8211; UAT<br class=\"yiv9061220605\" \/>L\u2019Union Pacifiste<br class=\"yiv9061220605\" \/>La Horde<br class=\"yiv9061220605\" \/>Les animateurs et animatrices de Radio Libertaire<br class=\"yiv9061220605\" \/>Respublica<br class=\"yiv9061220605\" \/>La R\u00e9volution prol\u00e9tarienne \u2013 revue<br class=\"yiv9061220605\" \/>Voce Libertaria &#8211; p\u00e9riodique anarchiste, Suisse Italienne<\/div>\n<div class=\"yiv9061220605\">Radical Education Department (USA)<br class=\"yiv9061220605\" \/>La Conf\u00e9d\u00e9ration Nationale du Travail CNT<br class=\"yiv9061220605\" \/>L\u2019Union D\u00e9partementale CGT de Paris<br class=\"yiv9061220605\" \/>L\u2019Union Syndicale Solidaires<br class=\"yiv9061220605\" \/>Yves Veyrier &#8211; Sg de la Conf. CGT Force Ouvri\u00e8re<br class=\"yiv9061220605\" \/>Atelier de cr\u00e9ation libertaire, Lyon<br class=\"yiv9061220605\" \/>Les compas de l\u2019Atelier libertaire de La Havane<br class=\"yiv9061220605\" \/>Circolo \u00ab Carlo Vanza \u00bb &#8211; Bibli. Anar. Bellinzona, Suisse<br class=\"yiv9061220605\" \/>Les Culott\u00e9s du Bocal<br class=\"yiv9061220605\" \/>\u00c9ditions syndicalistes<br class=\"yiv9061220605\" \/>Genepi<br class=\"yiv9061220605\" \/>Hobo Diffusion<br class=\"yiv9061220605\" \/>Nada \u00e9ditions<br class=\"yiv9061220605\" \/>Les Editions Libertaires<br class=\"yiv9061220605\" \/>Editions Libertalia<br class=\"yiv9061220605\" \/>Les \u00c9ditions de La Pigne<br class=\"yiv9061220605\" \/>Quilombo &#8211; la librairie<br class=\"yiv9061220605\" \/>Rue des Cascades \u2013 Maisons d\u2019Editions<\/div>\n<div class=\"yiv9061220605\">Retirada37<\/div>\n<div class=\"yiv9061220605\">Les Amis de Demain le Grand Soir, Tours.<br class=\"yiv9061220605\" \/>Cl\u00e9mentine Autain, d\u00e9put\u00e9e La France insoumise<br class=\"yiv9061220605\" \/>Olivier Besancenot, NPA<br class=\"yiv9061220605\" \/>Philippe Aubert de Molay \u2013 sc\u00e9nariste<br class=\"yiv9061220605\" \/>Didier Bonneton &#8211; syndicaliste bourg en bresse 01<br class=\"yiv9061220605\" \/>Judith Butler &#8211; philosophe, University of California, Berkeley, USA<br class=\"yiv9061220605\" \/>Dominique Cabrera &#8211; cin\u00e9aste<br class=\"yiv9061220605\" \/>Christophe Chiclet &#8211; historien, journaliste, membre du Comit\u00e9 de r\u00e9daction de Confluences M\u00e9diterran\u00e9e<\/div>\n<div class=\"yiv9061220605\">Monica Cerutti Giorgi &#8211; Bellinzona, Suisse Italienne<br class=\"yiv9061220605\" \/>Philippe Corcuff &#8211; politiste, IEP de Lyon<br class=\"yiv9061220605\" \/>Eric B. Coulaud &#8211; Eph\u00e9m\u00e9ride Anarchiste et Cartoliste<br class=\"yiv9061220605\" \/>Didier Daeninckx &#8211; \u00e9crivain<br class=\"yiv9061220605\" \/>Jean-Marc Delpech &#8211; historien<br class=\"yiv9061220605\" \/>Josiane et Didier Dettori-Cabot &#8211; Petits-enfants de Giovanni Antioco Dettori, anarchiste Sarde Mort \u00e0 Teruel 1937 (Brigade Durruti)<br class=\"yiv9061220605\" \/>Francis Dupuis-D\u00e9ri &#8211; science politique, Universit\u00e9 du Qu\u00e9bec \u00e0 Montr\u00e9al, Canada<br class=\"yiv9061220605\" \/>Nicolas Eprendre &#8211; r\u00e9alisateur documentariste<br class=\"yiv9061220605\" \/>Didier Eribon &#8211; philosophe<br class=\"yiv9061220605\" \/>David Graeber &#8211; anthropologue, London School of Economics, Grande-Bretagne<br class=\"yiv9061220605\" \/>Jean-Jacques Gandini &#8211; VP et coordonnateur L\u00e9gal Team section Montpellier<br class=\"yiv9061220605\" \/>Philippe Guillonneau \u2013 syndicaliste<br class=\"yiv9061220605\" \/>Samuel Hayat &#8211; politiste, CNRS<br class=\"yiv9061220605\" \/>Pierre Khalfa &#8211; \u00e9conomiste<br class=\"yiv9061220605\" \/>Geoffroy de Lagasnerie &#8211; philosophe et sociologue<br class=\"yiv9061220605\" \/>Sandra Laugier &#8211; philosophe, Universit\u00e9 Paris 1<br class=\"yiv9061220605\" \/>Pierre Lema\u00eetre \u2013 \u00e9crivain<br class=\"yiv9061220605\" \/>Yves Letort \u2014 Auteur<br class=\"yiv9061220605\" \/>Edouard Louis \u2013 \u00e9crivain<\/div>\n<div class=\"yiv9061220605\">Val\u00e9rie lotti &#8211; LP63<br class=\"yiv9061220605\" \/>Michael L\u00f6wy &#8211; sociologue, CNRS<br class=\"yiv9061220605\" \/>Roger Martelli &#8211; directeur de la publication du journal Regards<br class=\"yiv9061220605\" \/>Lilian Mathieu &#8211; sociologue, CNRS<br class=\"yiv9061220605\" \/>Michel Mathurin &#8211; R\u00e9alisateur<br class=\"yiv9061220605\" \/>G\u00e9rard Mordillat &#8211; \u00e9crivain, cin\u00e9aste<br class=\"yiv9061220605\" \/>Michel Onfray &#8211; philosophe<br class=\"yiv9061220605\" \/>Jacques Pater &#8211; acteur<br class=\"yiv9061220605\" \/>Ir\u00e8ne Pereira &#8211; philosophe et sociologue<br class=\"yiv9061220605\" \/>Philippe Poutou &#8211; ouvrier syndicaliste et NPA<br class=\"yiv9061220605\" \/>Ernest Pignon-Ernest &#8211; artiste<br class=\"yiv9061220605\" \/>J\u00e9r\u00f4me Prieur &#8211; Ecrivain, cin\u00e9aste<br class=\"yiv9061220605\" \/>Tancr\u00e8de Ramonet \u2013 r\u00e9alisateur<br class=\"yiv9061220605\" \/>Gabriel Rockhill &#8211; philosophe, Villanova University, USA<br class=\"yiv9061220605\" \/>St\u00e9phane Sangral -philosophe et \u00e9crivain<br class=\"yiv9061220605\" \/>James C. Scott &#8211; anthropologue, Yale University, USA<br class=\"yiv9061220605\" \/>Pierre-Yves Ruff &#8211; \u00c9crivain, \u00e9diteur et conf\u00e9rencier Th\u00e9olib,<br class=\"yiv9061220605\" \/>Jesse S. Cohn &#8211; professeur, d\u00e9partement d\u2019anglais, Purdue University Northwest, USA<br class=\"yiv9061220605\" \/>Azelma Sigaux &#8211; \u00e9crivain<br class=\"yiv9061220605\" \/>Fran\u00e7ois Vantrou &#8211; assistant r\u00e9alisateur<br class=\"yiv9061220605\" \/>Yannis Youlountas &#8211; r\u00e9alisateur<\/div>\n<\/div>\n<div><img loading=\"lazy\" decoding=\"async\" class=\"alignnone size-full wp-image-3021\" src=\"https:\/\/retirada37.com\/wp-content\/uploads\/2019\/06\/image_publico-1.jpg\" alt=\"\" width=\"320\" height=\"240\" srcset=\"https:\/\/retirada37.com\/wp-content\/uploads\/2019\/06\/image_publico-1.jpg 320w, https:\/\/retirada37.com\/wp-content\/uploads\/2019\/06\/image_publico-1-300x225.jpg 300w\" sizes=\"auto, (max-width: 320px) 100vw, 320px\" \/><\/div>\n<div>\n<div><\/div>\n<div class=\"yiv9061220605\">\u00a0<a class=\"yiv9061220605\" tabindex=\"-1\" href=\"https:\/\/www.federation-anarchiste.org\/\" target=\"_blank\" rel=\"noopener noreferrer\">https:\/\/www.federation-anarchiste.org\/<\/a><\/div>\n<div class=\"yiv9061220605clear\"><\/div>\n<\/div>\n<\/div>\n<\/div>\n<\/div>\n<\/div>\n","protected":false},"excerpt":{"rendered":"<p>Paris, le 6 mai 2019 Premiers signataires de la d\u00e9claration apr\u00e8s l\u2019agression au couteau \u00e0 la librairie anarchiste Publico \u00e0 Paris : Cl\u00e9mentine Autain, Olivier Besancenot, Judith Butler, Dominique Cabrera, Didier Daeninckx, Didier Eribon, David Graeber, Geoffroy de Lagasnerie, Sandra Laugier, Pierre Lema\u00eetre, Edouard Louis, G\u00e9rard Mordillat, Michel Onfray, Ernest Pignon-Ernest, Philippe Poutou, James C. &hellip; <a href=\"https:\/\/retirada37.com\/?p=3020\" class=\"more-link\">Continuer la lecture de <span class=\"screen-reader-text\">D\u00e9claration commune Libert\u00e9 d\u2019expression<\/span>  <span class=\"meta-nav\">&rarr;<\/span><\/a><\/p>\n","protected":false},"author":3,"featured_media":0,"comment_status":"open","ping_status":"open","sticky":false,"template":"","format":"standard","meta":{"_bbp_topic_count":0,"_bbp_reply_count":0,"_bbp_total_topic_count":0,"_bbp_total_reply_count":0,"_bbp_voice_count":0,"_bbp_anonymous_reply_count":0,"_bbp_topic_count_hidden":0,"_bbp_reply_count_hidden":0,"_bbp_forum_subforum_count":0,"footnotes":""},"categories":[2],"tags":[],"class_list":["post-3020","post","type-post","status-publish","format-standard","hentry","category-actualites"],"_links":{"self":[{"href":"https:\/\/retirada37.com\/index.php?rest_route=\/wp\/v2\/posts\/3020","targetHints":{"allow":["GET"]}}],"collection":[{"href":"https:\/\/retirada37.com\/index.php?rest_route=\/wp\/v2\/posts"}],"about":[{"href":"https:\/\/retirada37.com\/index.php?rest_route=\/wp\/v2\/types\/post"}],"author":[{"embeddable":true,"href":"https:\/\/retirada37.com\/index.php?rest_route=\/wp\/v2\/users\/3"}],"replies":[{"embeddable":true,"href":"https:\/\/retirada37.com\/index.php?rest_route=%2Fwp%2Fv2%2Fcomments&post=3020"}],"version-history":[{"count":1,"href":"https:\/\/retirada37.com\/index.php?rest_route=\/wp\/v2\/posts\/3020\/revisions"}],"predecessor-version":[{"id":3022,"href":"https:\/\/retirada37.com\/index.php?rest_route=\/wp\/v2\/posts\/3020\/revisions\/3022"}],"wp:attachment":[{"href":"https:\/\/retirada37.com\/index.php?rest_route=%2Fwp%2Fv2%2Fmedia&parent=3020"}],"wp:term":[{"taxonomy":"category","embeddable":true,"href":"https:\/\/retirada37.com\/index.php?rest_route=%2Fwp%2Fv2%2Fcategories&post=3020"},{"taxonomy":"post_tag","embeddable":true,"href":"https:\/\/retirada37.com\/index.php?rest_route=%2Fwp%2Fv2%2Ftags&post=3020"}],"curies":[{"name":"wp","href":"https:\/\/api.w.org\/{rel}","templated":true}]}}