{"id":3014,"date":"2019-06-12T15:23:06","date_gmt":"2019-06-12T14:23:06","guid":{"rendered":"http:\/\/retirada37.com\/?p=3014"},"modified":"2019-06-12T15:23:06","modified_gmt":"2019-06-12T14:23:06","slug":"1944-2019-75e-anniversaire-de-la-liberation-de-paris","status":"publish","type":"post","link":"https:\/\/retirada37.com\/?p=3014","title":{"rendered":"1944-2019,  75e anniversaire de la lib\u00e9ration de Paris."},"content":{"rendered":"<p><strong>75\u00ba anniversario de la liberaci\u00f3n de Par\u00eds\u00a0<\/strong><\/p>\n<p>\u00c0 l\u2019occasion du 75<sup>e<\/sup>anniversaire de la Lib\u00e9ration de Paris,\u00a0l\u2019association 24 ao\u00fbt 1944 a le plaisir de vous inviter \u00e0 partager\u00a0les \u00e9v\u00e9nements en hommage aux combattants de la Nueve,\u00a0arriv\u00e9s en \u00e9claireurs de la 2<sup>e<\/sup>DB le 24 ao\u00fbt 1944.<\/p>\n<p><strong>Notez sur votre agenda le samedi 24 ao\u00fbt<\/strong>, pour \u00eatre parmi nous !<\/p>\n<p>\u00c0\u00a0tr\u00e8s bient\u00f4t\u00a0pour ces moments d\u2019\u00e9motion et de m\u00e9moire.<\/p>\n<p>Cordialement.<\/p>\n<p><strong>75\u00ba anniversario de la liberaci\u00f3n de Par\u00eds\u00a0<\/strong><\/p>\n<p>Con motivo del 75\u00b0 aniversario de la Liberaci\u00f3n de Par\u00eds, la asociaci\u00f3n <strong><em>24 ao\u00fbt 1944 <\/em><\/strong>se complace en invitarles a compartir sus eventos en homenaje a los combatientes de la <strong><em>Nueve,<\/em><\/strong>que llegaron a la vanguardia de la 2\u00aa DB el 24 de agosto de 1944.<\/p>\n<p>\u00a1No olvida el\u00a0<span lang=\"ES\">S\u00e1bado 24 de agosto de 2019, de estar con nosotros!<\/span><\/p>\n<p>Seremos felices de acogerles para estas evocaciones particulares de los defensores extranjeros de Par\u00eds, luchadores de la libertad.<\/p>\n<p>&nbsp;<\/p>\n<p><strong>Retrouvez l\u2019ensemble des manifestations pr\u00e9vues et soutenues par la mairie de Paris<\/strong><br \/>\npour le 75<sup>e<\/sup> anniversaire de la Lib\u00e9ration de la ville \u00a0\u00e0 l\u2019adresse suivante\u00a0: <a href=\"http:\/\/24aout1944.statslive.info\/c\/1531000651\/eyJpdiI6Ilp1a202YXJlNktkM3lEZGRibXQzUk1KRmZzZnFOa3FOc1REalY5WkdyZmc9IiwidmFsdWUiOiJFaHJuRFdmdHdZUkV2NGo4UFBBUDl0b2NrSE8zUzJZWWRLeDArYXduWGYwPSIsIm1hYyI6IjljY2E5N2Y5ODk0YTIwYzkzYTU5NmE4YzAxZGI1M2Q0NmEyMDFjYTUyODEzZjFjNDE5YjYyNzU1NDBhYTI5YjIifQ==\">https:\/\/quefaire.paris.fr\/80143\/75e-anniversaire-de-la-liberation<\/a><\/p>\n<p><img loading=\"lazy\" decoding=\"async\" class=\"alignnone size-full wp-image-3015\" src=\"https:\/\/retirada37.com\/wp-content\/uploads\/2019\/06\/paris-au-mois-daout.png\" alt=\"\" width=\"632\" height=\"772\" srcset=\"https:\/\/retirada37.com\/wp-content\/uploads\/2019\/06\/paris-au-mois-daout.png 632w, https:\/\/retirada37.com\/wp-content\/uploads\/2019\/06\/paris-au-mois-daout-246x300.png 246w\" sizes=\"auto, (max-width: 632px) 100vw, 632px\" \/><\/p>\n","protected":false},"excerpt":{"rendered":"<p>75\u00ba anniversario de la liberaci\u00f3n de Par\u00eds\u00a0 \u00c0 l\u2019occasion du 75eanniversaire de la Lib\u00e9ration de Paris,\u00a0l\u2019association 24 ao\u00fbt 1944 a le plaisir de vous inviter \u00e0 partager\u00a0les \u00e9v\u00e9nements en hommage aux combattants de la Nueve,\u00a0arriv\u00e9s en \u00e9claireurs de la 2eDB le 24 ao\u00fbt 1944. Notez sur votre agenda le samedi 24 ao\u00fbt, pour \u00eatre parmi &hellip; <a href=\"https:\/\/retirada37.com\/?p=3014\" class=\"more-link\">Continuer la lecture de <span class=\"screen-reader-text\">1944-2019,  75e anniversaire de la lib\u00e9ration de Paris.<\/span>  <span class=\"meta-nav\">&rarr;<\/span><\/a><\/p>\n","protected":false},"author":3,"featured_media":0,"comment_status":"open","ping_status":"open","sticky":false,"template":"","format":"standard","meta":{"_bbp_topic_count":0,"_bbp_reply_count":0,"_bbp_total_topic_count":0,"_bbp_total_reply_count":0,"_bbp_voice_count":0,"_bbp_anonymous_reply_count":0,"_bbp_topic_count_hidden":0,"_bbp_reply_count_hidden":0,"_bbp_forum_subforum_count":0,"footnotes":""},"categories":[2,14,15],"tags":[],"class_list":["post-3014","post","type-post","status-publish","format-standard","hentry","category-actualites","category-histoire","category-temoignages-et-recits"],"_links":{"self":[{"href":"https:\/\/retirada37.com\/index.php?rest_route=\/wp\/v2\/posts\/3014","targetHints":{"allow":["GET"]}}],"collection":[{"href":"https:\/\/retirada37.com\/index.php?rest_route=\/wp\/v2\/posts"}],"about":[{"href":"https:\/\/retirada37.com\/index.php?rest_route=\/wp\/v2\/types\/post"}],"author":[{"embeddable":true,"href":"https:\/\/retirada37.com\/index.php?rest_route=\/wp\/v2\/users\/3"}],"replies":[{"embeddable":true,"href":"https:\/\/retirada37.com\/index.php?rest_route=%2Fwp%2Fv2%2Fcomments&post=3014"}],"version-history":[{"count":1,"href":"https:\/\/retirada37.com\/index.php?rest_route=\/wp\/v2\/posts\/3014\/revisions"}],"predecessor-version":[{"id":3016,"href":"https:\/\/retirada37.com\/index.php?rest_route=\/wp\/v2\/posts\/3014\/revisions\/3016"}],"wp:attachment":[{"href":"https:\/\/retirada37.com\/index.php?rest_route=%2Fwp%2Fv2%2Fmedia&parent=3014"}],"wp:term":[{"taxonomy":"category","embeddable":true,"href":"https:\/\/retirada37.com\/index.php?rest_route=%2Fwp%2Fv2%2Fcategories&post=3014"},{"taxonomy":"post_tag","embeddable":true,"href":"https:\/\/retirada37.com\/index.php?rest_route=%2Fwp%2Fv2%2Ftags&post=3014"}],"curies":[{"name":"wp","href":"https:\/\/api.w.org\/{rel}","templated":true}]}}