{"id":3001,"date":"2019-03-26T09:06:54","date_gmt":"2019-03-26T08:06:54","guid":{"rendered":"http:\/\/retirada37.com\/?p=3001"},"modified":"2019-03-27T14:46:45","modified_gmt":"2019-03-27T13:46:45","slug":"le-silence-des-autres-el-silencio-de-otros","status":"publish","type":"post","link":"https:\/\/retirada37.com\/?p=3001","title":{"rendered":"Le Silence des autres &#8211; El silencio de otros"},"content":{"rendered":"<div class=\"infos_film\">\n<p>&nbsp;<\/p>\n<h2>de Almudena Carracedo, Robert Bahar<\/h2>\n<div class=\"medias_film\"><\/div>\n<\/div>\n<div class=\"synopsis_film\">\n<p>\u00ab\u00a0<em>L\u2019Espagne est pleine de charniers\u00a0\u00bb dit l\u2019une des survivantes de la p\u00e9riode franquiste. En 1977 une loi d\u2019amnistie g\u00e9n\u00e9rale lib\u00e8re tous les prisonniers politiques, en m\u00eame temps qu\u2019elle interdit toute poursuite contre les responsables d\u2019enl\u00e8vements, meurtres, viols, tortures etc. C\u2019est donc en Argentine, faute de pouvoir le faire en Espagne, que la Justice a \u00e9t\u00e9 saisie pour qu\u2019enfin soit bris\u00e9 ce \u00ab\u00a0pacte de l\u2019oubl<\/em>i\u00a0\u00bb.<\/p>\n<p>\u00c0 la fois enqu\u00eate, r\u00e9cit et r\u00e9flexion, un film documentaire passionnant et d\u2019une grande intelligence.<\/p>\n<p><img loading=\"lazy\" decoding=\"async\" class=\"alignnone size-full wp-image-3002\" src=\"https:\/\/retirada37.com\/wp-content\/uploads\/2019\/03\/silence_des_autres_2019-d4a3b677.jpg\" alt=\"\" width=\"197\" height=\"263\" \/><\/p>\n<p><strong>Au cin\u00e9ma\u00a0 Studio, 2 rue des ursulines, Tours, du 17 au 23 avril \u00e0 19H15 et le samedi 27 avril et le dimanche 28 avril, \u00e0 15H30.<\/strong><\/p>\n<\/div>\n","protected":false},"excerpt":{"rendered":"<p>&nbsp; de Almudena Carracedo, Robert Bahar \u00ab\u00a0L\u2019Espagne est pleine de charniers\u00a0\u00bb dit l\u2019une des survivantes de la p\u00e9riode franquiste. En 1977 une loi d\u2019amnistie g\u00e9n\u00e9rale lib\u00e8re tous les prisonniers politiques, en m\u00eame temps qu\u2019elle interdit toute poursuite contre les responsables d\u2019enl\u00e8vements, meurtres, viols, tortures etc. C\u2019est donc en Argentine, faute de pouvoir le faire en &hellip; <a href=\"https:\/\/retirada37.com\/?p=3001\" class=\"more-link\">Continuer la lecture de <span class=\"screen-reader-text\">Le Silence des autres &#8211; El silencio de otros<\/span>  <span class=\"meta-nav\">&rarr;<\/span><\/a><\/p>\n","protected":false},"author":3,"featured_media":0,"comment_status":"open","ping_status":"open","sticky":false,"template":"","format":"standard","meta":{"_bbp_topic_count":0,"_bbp_reply_count":0,"_bbp_total_topic_count":0,"_bbp_total_reply_count":0,"_bbp_voice_count":0,"_bbp_anonymous_reply_count":0,"_bbp_topic_count_hidden":0,"_bbp_reply_count_hidden":0,"_bbp_forum_subforum_count":0,"footnotes":""},"categories":[14,15],"tags":[],"class_list":["post-3001","post","type-post","status-publish","format-standard","hentry","category-histoire","category-temoignages-et-recits"],"_links":{"self":[{"href":"https:\/\/retirada37.com\/index.php?rest_route=\/wp\/v2\/posts\/3001","targetHints":{"allow":["GET"]}}],"collection":[{"href":"https:\/\/retirada37.com\/index.php?rest_route=\/wp\/v2\/posts"}],"about":[{"href":"https:\/\/retirada37.com\/index.php?rest_route=\/wp\/v2\/types\/post"}],"author":[{"embeddable":true,"href":"https:\/\/retirada37.com\/index.php?rest_route=\/wp\/v2\/users\/3"}],"replies":[{"embeddable":true,"href":"https:\/\/retirada37.com\/index.php?rest_route=%2Fwp%2Fv2%2Fcomments&post=3001"}],"version-history":[{"count":7,"href":"https:\/\/retirada37.com\/index.php?rest_route=\/wp\/v2\/posts\/3001\/revisions"}],"predecessor-version":[{"id":3011,"href":"https:\/\/retirada37.com\/index.php?rest_route=\/wp\/v2\/posts\/3001\/revisions\/3011"}],"wp:attachment":[{"href":"https:\/\/retirada37.com\/index.php?rest_route=%2Fwp%2Fv2%2Fmedia&parent=3001"}],"wp:term":[{"taxonomy":"category","embeddable":true,"href":"https:\/\/retirada37.com\/index.php?rest_route=%2Fwp%2Fv2%2Fcategories&post=3001"},{"taxonomy":"post_tag","embeddable":true,"href":"https:\/\/retirada37.com\/index.php?rest_route=%2Fwp%2Fv2%2Ftags&post=3001"}],"curies":[{"name":"wp","href":"https:\/\/api.w.org\/{rel}","templated":true}]}}