{"id":2995,"date":"2019-02-27T23:13:36","date_gmt":"2019-02-27T22:13:36","guid":{"rendered":"http:\/\/retirada37.com\/?p=2995"},"modified":"2019-02-27T23:13:36","modified_gmt":"2019-02-27T22:13:36","slug":"lundi-18-mars-de-17h-a-19h-a-luniversite-de-tours-conference-juan-negrin","status":"publish","type":"post","link":"https:\/\/retirada37.com\/?p=2995","title":{"rendered":"lundi 18 mars de 17h \u00e0 19h \u00e0 l&rsquo;Universit\u00e9 de Tours Conf\u00e9rence Juan Negr\u00edn"},"content":{"rendered":"<p align=\"CENTER\"><span style=\"font-size: large;\">\u00a0 \u00a0 \u00a0 \u00a0 \u00a0 \u00a0 \u00a0 \u00a0 \u00a0 \u00a0 \u00a0Nous avons le plaisir de vous inviter \u00e0 la conf\u00e9rence de\u00a0<\/span><span style=\"font-size: large;\">\u00a0Carmen NEGRIN<\/span><\/p>\n<p align=\"CENTER\"><span style=\"font-size: large;\"><b>Titre de la conf\u00e9rence<\/b><\/span><\/p>\n<p align=\"CENTER\"><span style=\"color: #0000ff;\"><span style=\"font-size: x-large;\"><i><b>L\u2019\u0153uvre de JUAN NEGRIN \u00e0 la lueur des archives <\/b><\/i><\/span><\/span><\/p>\n<p align=\"JUSTIFY\"><span style=\"font-family: inherit, Times New Roman, serif;\">Carmen NEGRIN, petite-fille de Juan NEGRIN, se propose de mettre en lumi\u00e8re \u00e0 partir d<\/span><span style=\"font-family: inherit, Times New Roman, serif;\">\u2019<\/span><span style=\"font-family: inherit, Times New Roman, serif;\">archives priv\u00e9es<\/span>l\u2019\u0153uvre politique de celui qui fut<span style=\"font-family: inherit, Times New Roman, serif;\">de 1937 \u00e0 1945, pr\u00e9sident du Conseil des ministres de l<\/span><span style=\"font-family: inherit, Times New Roman, serif;\">\u2019<\/span><span style=\"font-family: inherit, Times New Roman, serif;\">Espagne r\u00e9publicaine, puis chef du gouvernement r\u00e9publicain en exil.<\/span><\/p>\n<p align=\"CENTER\">\n<p align=\"CENTER\"><span style=\"font-size: large;\"><b>Lundi 18 mars 2019 de 17 h \u00e0 19 h <\/b><\/span><span style=\"font-size: large;\">&#8211;<\/span><span style=\"font-size: large;\"><b>Salle TA 35 <\/b><\/span><\/p>\n<p align=\"CENTER\"><span style=\"font-size: large;\"><b>(site universitaire, 3 rue des Tanneurs. Tours)<\/b><\/span><\/p>\n<p align=\"CENTER\"><span style=\"font-size: large;\">D\u00e9partement d\u2019Espagnol et de Portugais <\/span><\/p>\n<p align=\"CENTER\"><span style=\"font-size: large;\">et association <\/span><span style=\"font-size: large;\"><i>Retirada37<\/i><\/span><i><b><\/b><\/i><\/p>\n<p align=\"CENTER\"><span style=\"font-size: large;\"><b>Acc\u00e8s libre \u2012 Ouvert \u00e0 tous<\/b><\/span><\/p>\n<p align=\"CENTER\"><strong><span style=\"color: #000000;\"><span style=\"font-size: large;\">Carmen Negr\u00edn<\/span><\/span><\/strong><\/p>\n<p align=\"JUSTIFY\"><span style=\"color: #000000;\"><span style=\"font-size: medium;\">N\u00e9e aux Etats-Unis (Trenton, NJ) en 47, de p\u00e8re espagnol, pilote r\u00e9publicain, de grand p\u00e8re espagnol, dernier pr\u00e9sident du gouvernement r\u00e9publicain en terre d\u2019Espagne et premier pr\u00e9sident du gouvernement en exil, de grand m\u00e8re paternelle russe exil\u00e9e par la r\u00e9volution, et de famille maternelle am\u00e9ricaine, descendante de p\u00e8lerins arriv\u00e9s dans le Mayflower.<\/span><\/span><\/p>\n<p align=\"JUSTIFY\"><span style=\"color: #000000;\"><span style=\"font-size: medium;\">En r\u00e9sum\u00e9, la somme d\u2019un m\u00e9lange d\u2019exils, parfois contradictoires.<\/span><\/span><\/p>\n<p align=\"JUSTIFY\"><span style=\"color: #000000;\"><span style=\"font-size: medium;\">Comme beaucoup de descendants d\u2019exil\u00e9s, j\u2019ai v\u00e9cu aux Etats Unis, au Mexique, en France, en GB. <\/span><\/span><\/p>\n<p align=\"JUSTIFY\"><span style=\"color: #000000;\"><span style=\"font-size: medium;\">Etudes primaires en France, secondaires au Mexique, Universit\u00e9 de Berkeley dans les ann\u00e9es soixante, Universit\u00e9 Paris-La Sorbonne et Ren\u00e9 Descartes (B.A. Litt\u00e9rature compar\u00e9e, Licence de lettres, d\u00e9but de ma\u00eetrise en sciences de l\u2019\u00e9ducation). <\/span><\/span><\/p>\n<p align=\"JUSTIFY\"><span style=\"color: #000000;\"><span style=\"font-size: medium;\">Travail dans l\u2019enseignement pour adultes, puis pendant 30 ans \u00e0 l\u2019UNESCO (motif de l\u2019interruption des \u00e9tudes universitaires), au Cabinet de trois Directeurs g\u00e9n\u00e9raux de l\u2019organisation, ainsi que dans les secteurs de l\u2019\u00e9ducation, des sciences sociales, de la culture et finalement au Centre du patrimoine mondial en tant que responsable du patrimoine mondial de l\u2019Am\u00e9rique latine et des Cara\u00efbes.<\/span><\/span><\/p>\n<p align=\"JUSTIFY\"><span style=\"color: #000000;\"><span style=\"font-size: medium;\">Ancienne membre du conseil de plusieurs associations concern\u00e9es par les populations autochtones, et actuellement Pr\u00e9sidente d\u2019honneur de la fondation Juan Negr\u00edn, situ\u00e9e \u00e0 Las Palmas de Gran Canaria, patrie de la famille espagnole, et pr\u00e9sidente du CIIMER (centre d&rsquo;interpr\u00e9tation et d&rsquo;investigation de la m\u00e9moire de l&rsquo;Espagne r\u00e9publicaine), situ\u00e9 \u00e0 Borredon et qui regroupe presque 50 associations de m\u00e9moire r\u00e9publicaine espagnole.<\/span><\/span><\/p>\n<p align=\"JUSTIFY\"><span style=\"font-size: large;\">\u00a0 \u00a0 \u00a0 \u00a0 \u00a0 \u00a0 \u00a0 \u00a0 \u00a0 \u00a0 \u00a0 \u00a0 \u00a0 \u00a0 \u00a0 \u00a0 <strong>\u00a0 \u00a0 \u00a0 \u00a0 \u00a0 \u00a0 \u00a0 \u00a0Universit\u00e9 de Tours<\/strong><\/span><\/p>\n<p align=\"CENTER\"><span style=\"font-size: large;\"><b>Lundi 18 mars 2019 de 17 h \u00e0 19 h <\/b><\/span><span style=\"font-size: large;\">&#8211;<\/span><span style=\"font-size: large;\"><b>Salle TA 35 <\/b><\/span><\/p>\n<p align=\"CENTER\"><span style=\"font-size: large;\"><b>(site universitaire, 3 rue des Tanneurs. Tours)<\/b><\/span><\/p>\n<p align=\"CENTER\"><span style=\"color: #000000;\"><span style=\"font-size: large;\">Conf\u00e9rence sur Archives Juan Negrin<\/span><\/span><\/p>\n<p align=\"JUSTIFY\"><i>Juan Negrin a \u00e9t\u00e9 pr\u00e9sident du gouvernement de la R\u00e9publique espagnole de 1937 \u00e0 1939 et jusqu&rsquo;\u00e0 1945 dans l&rsquo;exil. Il a \u00e9t\u00e9 fortement attaqu\u00e9 par ses adversaires, les franquistes, mais aussi par les siens et fut exclu du PSOE en 1948\u00a0; 60 ans apr\u00e8s en juillet 2008 le parti socialiste le r\u00e9habilita. Ces accusations qui font partie de ce qui est appel\u00e9 \u00ab\u00a0la\u00a0l\u00e9gende noire\u00a0\u00bb sont sujettes \u00e0 caution. L&rsquo;historien Gabriel Jackson, par exemple, estime que 90% d&rsquo;entre elles sont infond\u00e9es. Carmen Negrin, \u00e0 travers les archives, dans sa conf\u00e9rence, abordera des sujets comme la question de l&rsquo;envoi de l&rsquo;or de la R\u00e9publique \u00e0 Moscou, la r\u00e9sistance \u00e0 l&rsquo;ennemi jusqu&rsquo;au bout, la position d&rsquo;Indalecio Prieto chef du PSOE par rapport \u00e0 Negrin, autant de sujets qui m\u00e9ritent que l&rsquo;on porte un regard d&rsquo;historien pour r\u00e9habiliter cette grande figure de la R\u00e9publique espagnole. Une meilleure connaissance de l&rsquo;Histoire de l&rsquo;Espagne, sur la base d&rsquo;archives et non de \u00ab\u00a0fake news\u00a0\u00bb comme on pourrait dire aujourd&rsquo;hui, est utile pour aider les nouvelles g\u00e9n\u00e9rations \u00e0 mieux comprendre leur actualit\u00e9, qui voit les id\u00e9ologies fascistes ressurgirent..<\/i><\/p>\n<p align=\"JUSTIFY\">D\u00e9roul\u00e9 de la conf\u00e9rence<\/p>\n<p align=\"JUSTIFY\"><b>Portrait du propri\u00e9taire des archives le Dr. Et Pr\u00e9sident du Conseil des Ministres de la II\u00e8me R\u00e9publique de l&rsquo;Espagne, Juan Negrin.<\/b><\/p>\n<p align=\"JUSTIFY\"><b>Parcours et circonstances de la sauvegarde des archives. <\/b><\/p>\n<p align=\"JUSTIFY\"><b>Importance historique des archives en tant que r\u00e9f\u00e9rences et r\u00e9ponse \u00e0 la \u00ab\u00a0l\u00e9gende noire\u00a0\u00bb sur la IIi\u00e8me R\u00e9publique de l&rsquo;Espagne et sur la guerre d&rsquo;Espagne.<\/b><\/p>\n<p align=\"JUSTIFY\"><b>Cons\u00e9quences de la transparence historique. <\/b><\/p>\n<p align=\"JUSTIFY\"><b>R\u00e9habilitation en Espagne de l&rsquo;image de Juan Negrin et de la R\u00e9publique espagnole<\/b><\/p>\n","protected":false},"excerpt":{"rendered":"<p>\u00a0 \u00a0 \u00a0 \u00a0 \u00a0 \u00a0 \u00a0 \u00a0 \u00a0 \u00a0 \u00a0Nous avons le plaisir de vous inviter \u00e0 la conf\u00e9rence de\u00a0\u00a0Carmen NEGRIN Titre de la conf\u00e9rence L\u2019\u0153uvre de JUAN NEGRIN \u00e0 la lueur des archives Carmen NEGRIN, petite-fille de Juan NEGRIN, se propose de mettre en lumi\u00e8re \u00e0 partir d\u2019archives priv\u00e9esl\u2019\u0153uvre politique de celui qui &hellip; <a href=\"https:\/\/retirada37.com\/?p=2995\" class=\"more-link\">Continuer la lecture de <span class=\"screen-reader-text\">lundi 18 mars de 17h \u00e0 19h \u00e0 l&rsquo;Universit\u00e9 de Tours Conf\u00e9rence Juan Negr\u00edn<\/span>  <span class=\"meta-nav\">&rarr;<\/span><\/a><\/p>\n","protected":false},"author":2,"featured_media":0,"comment_status":"open","ping_status":"open","sticky":false,"template":"","format":"standard","meta":{"_bbp_topic_count":0,"_bbp_reply_count":0,"_bbp_total_topic_count":0,"_bbp_total_reply_count":0,"_bbp_voice_count":0,"_bbp_anonymous_reply_count":0,"_bbp_topic_count_hidden":0,"_bbp_reply_count_hidden":0,"_bbp_forum_subforum_count":0,"footnotes":""},"categories":[2],"tags":[],"class_list":["post-2995","post","type-post","status-publish","format-standard","hentry","category-actualites"],"_links":{"self":[{"href":"https:\/\/retirada37.com\/index.php?rest_route=\/wp\/v2\/posts\/2995","targetHints":{"allow":["GET"]}}],"collection":[{"href":"https:\/\/retirada37.com\/index.php?rest_route=\/wp\/v2\/posts"}],"about":[{"href":"https:\/\/retirada37.com\/index.php?rest_route=\/wp\/v2\/types\/post"}],"author":[{"embeddable":true,"href":"https:\/\/retirada37.com\/index.php?rest_route=\/wp\/v2\/users\/2"}],"replies":[{"embeddable":true,"href":"https:\/\/retirada37.com\/index.php?rest_route=%2Fwp%2Fv2%2Fcomments&post=2995"}],"version-history":[{"count":2,"href":"https:\/\/retirada37.com\/index.php?rest_route=\/wp\/v2\/posts\/2995\/revisions"}],"predecessor-version":[{"id":2997,"href":"https:\/\/retirada37.com\/index.php?rest_route=\/wp\/v2\/posts\/2995\/revisions\/2997"}],"wp:attachment":[{"href":"https:\/\/retirada37.com\/index.php?rest_route=%2Fwp%2Fv2%2Fmedia&parent=2995"}],"wp:term":[{"taxonomy":"category","embeddable":true,"href":"https:\/\/retirada37.com\/index.php?rest_route=%2Fwp%2Fv2%2Fcategories&post=2995"},{"taxonomy":"post_tag","embeddable":true,"href":"https:\/\/retirada37.com\/index.php?rest_route=%2Fwp%2Fv2%2Ftags&post=2995"}],"curies":[{"name":"wp","href":"https:\/\/api.w.org\/{rel}","templated":true}]}}