{"id":2962,"date":"2019-01-25T17:12:19","date_gmt":"2019-01-25T16:12:19","guid":{"rendered":"http:\/\/retirada37.com\/?p=2962"},"modified":"2019-01-25T17:13:52","modified_gmt":"2019-01-25T16:13:52","slug":"exposition-sur-guernica","status":"publish","type":"post","link":"https:\/\/retirada37.com\/?p=2962","title":{"rendered":"Exposition sur GUERNICA"},"content":{"rendered":"<p><strong>L\u2019Association \u00ab Retirada 37 \u00bb vous propose, du 12 au 16 f\u00e9vrier 2019,<br \/>\n\u00e0 la m\u00e9diath\u00e8que de La Riche, une exposition sur GUERNICA.<\/strong><img loading=\"lazy\" decoding=\"async\" src=\"https:\/\/retirada37.com\/wp-content\/uploads\/2019\/01\/Capture-2.png\" alt=\"\" width=\"523\" height=\"195\" class=\"alignnone size-full wp-image-2963\" srcset=\"https:\/\/retirada37.com\/wp-content\/uploads\/2019\/01\/Capture-2.png 523w, https:\/\/retirada37.com\/wp-content\/uploads\/2019\/01\/Capture-2-300x112.png 300w\" sizes=\"auto, (max-width: 523px) 100vw, 523px\" \/><\/p>\n<p>Petite localit\u00e9 de la province de Biscaye, Guernica \u00e9tait c\u00e9l\u00e8bre pour son ch\u00eane, sous lequel les monarques espagnols promettaient, selon la tradition, de respecter les libert\u00e9s basques. Le bombardement massif de cette ville par la l\u00e9gion Condor, le 26 avril 1937, eut un grand retentissement dans le monde entier, dont s\u2019est fait l\u2019\u00e9cho Picasso dans son c\u00e9l\u00e8bre tableau, \u00ab Guernica \u00bb :<\/p>\n<p>De riches panneaux th\u00e9matiques retracent l\u2019histoire de ce bombardement meurtrier, analysent le contexte historique et politique et l\u2019\u0153uvre de Picasso.<br \/>\nVenez les d\u00e9couvrir \u00e0 la m\u00e9diath\u00e8que de La Riche, pr\u00e8s de la mairie, ouverte selon les horaires suivants :<\/p>\n<p>Mardi\t14:00\u201319:00\tMercredi 10:00-18:00\tVendredi 14:00-19:00\tSamedi 10:00-18:00<\/p>\n<p>Le samedi 16 f\u00e9vrier \u00e0 15 heures, l\u2019association \u00ab Retirada 37 \u00bb vous invite \u00e0 une r\u00e9union-d\u00e9bat avec une introduction de Jos\u00e9phine Barg\u00e8s sur le martyre inflig\u00e9 au peuple de Guernica par le franquisme et ses alli\u00e9s nazis.<\/p>\n<p>Un vin d\u2019honneur viendra ensuite cl\u00f4turer l\u2019exposition.<\/p>\n","protected":false},"excerpt":{"rendered":"<p>L\u2019Association \u00ab Retirada 37 \u00bb vous propose, du 12 au 16 f\u00e9vrier 2019, \u00e0 la m\u00e9diath\u00e8que de La Riche, une exposition sur GUERNICA. Petite localit\u00e9 de la province de Biscaye, Guernica \u00e9tait c\u00e9l\u00e8bre pour son ch\u00eane, sous lequel les monarques espagnols promettaient, selon la tradition, de respecter les libert\u00e9s basques. Le bombardement massif de cette &hellip; <a href=\"https:\/\/retirada37.com\/?p=2962\" class=\"more-link\">Continuer la lecture de <span class=\"screen-reader-text\">Exposition sur GUERNICA<\/span>  <span class=\"meta-nav\">&rarr;<\/span><\/a><\/p>\n","protected":false},"author":3,"featured_media":0,"comment_status":"open","ping_status":"open","sticky":false,"template":"","format":"standard","meta":{"_bbp_topic_count":0,"_bbp_reply_count":0,"_bbp_total_topic_count":0,"_bbp_total_reply_count":0,"_bbp_voice_count":0,"_bbp_anonymous_reply_count":0,"_bbp_topic_count_hidden":0,"_bbp_reply_count_hidden":0,"_bbp_forum_subforum_count":0,"footnotes":""},"categories":[14],"tags":[],"class_list":["post-2962","post","type-post","status-publish","format-standard","hentry","category-histoire"],"_links":{"self":[{"href":"https:\/\/retirada37.com\/index.php?rest_route=\/wp\/v2\/posts\/2962","targetHints":{"allow":["GET"]}}],"collection":[{"href":"https:\/\/retirada37.com\/index.php?rest_route=\/wp\/v2\/posts"}],"about":[{"href":"https:\/\/retirada37.com\/index.php?rest_route=\/wp\/v2\/types\/post"}],"author":[{"embeddable":true,"href":"https:\/\/retirada37.com\/index.php?rest_route=\/wp\/v2\/users\/3"}],"replies":[{"embeddable":true,"href":"https:\/\/retirada37.com\/index.php?rest_route=%2Fwp%2Fv2%2Fcomments&post=2962"}],"version-history":[{"count":1,"href":"https:\/\/retirada37.com\/index.php?rest_route=\/wp\/v2\/posts\/2962\/revisions"}],"predecessor-version":[{"id":2964,"href":"https:\/\/retirada37.com\/index.php?rest_route=\/wp\/v2\/posts\/2962\/revisions\/2964"}],"wp:attachment":[{"href":"https:\/\/retirada37.com\/index.php?rest_route=%2Fwp%2Fv2%2Fmedia&parent=2962"}],"wp:term":[{"taxonomy":"category","embeddable":true,"href":"https:\/\/retirada37.com\/index.php?rest_route=%2Fwp%2Fv2%2Fcategories&post=2962"},{"taxonomy":"post_tag","embeddable":true,"href":"https:\/\/retirada37.com\/index.php?rest_route=%2Fwp%2Fv2%2Ftags&post=2962"}],"curies":[{"name":"wp","href":"https:\/\/api.w.org\/{rel}","templated":true}]}}