{"id":2950,"date":"2019-01-25T16:46:38","date_gmt":"2019-01-25T15:46:38","guid":{"rendered":"http:\/\/retirada37.com\/?p=2950"},"modified":"2019-01-25T16:46:38","modified_gmt":"2019-01-25T15:46:38","slug":"romancero-des-ombres-2","status":"publish","type":"post","link":"https:\/\/retirada37.com\/?p=2950","title":{"rendered":"ROMANCERO DES OMBRES"},"content":{"rendered":"<p><img loading=\"lazy\" decoding=\"async\" src=\"https:\/\/retirada37.com\/wp-content\/uploads\/2019\/01\/Capture.png\" alt=\"\" width=\"282\" height=\"596\" class=\"alignnone size-full wp-image-2951\" srcset=\"https:\/\/retirada37.com\/wp-content\/uploads\/2019\/01\/Capture.png 282w, https:\/\/retirada37.com\/wp-content\/uploads\/2019\/01\/Capture-142x300.png 142w\" sizes=\"auto, (max-width: 282px) 100vw, 282px\" \/><br \/>\n\u00ab<em> Et un matin tout \u00e9tait en flamme<br \/>\net un matin les foyers sortaient de terre d\u00e9vorant les vivants,<br \/>\net d\u00e8s lors ce fut le feu,<br \/>\nce fut la poudre d\u00e8s lors, et d\u00e8s lors ce fut le sang<\/em>. \u00bb<br \/>\n<strong>Pablo Neruda<\/strong><\/p>\n<p>En cette ann\u00e9e qui marque le quatre-vingti\u00e8me anniversaire de la<br \/>\nRetirada (l\u2019exil de 500000 r\u00e9publicains espagnols en France), en<br \/>\nces temps o\u00f9 une Europe naus\u00e9abonde rena\u00eet de ses cendres, le<br \/>\n\u00abRomancero des ombres\u00bb est un geste artistique n\u00e9cessaire pour<br \/>\ncontinuer \u00e0 vivre debout.<\/p>\n<p>Deux mat\u00e9riaux sont au c\u0153ur de cette cr\u00e9ation :<\/p>\n<p>un film documentaire (Compa\u00f1eras) et le t\u00e9moignage de Manuel<br \/>\nCano Lopez (En remontant le temps lointain), le p\u00e8re du metteur.<br \/>\nCompa\u00f1eras, le film de Jean Ortiz et de Dominique Gautier,<br \/>\ndonne la parole \u00e0 des femmes \u00ab courage \u00bb qui racontent leur r\u00f4le,<br \/>\neffac\u00e9 de la m\u00e9moire collective espagnole, dans la d\u00e9fense de la<br \/>\nR\u00e9publique espagnole et dans l\u2019anti-franquisme.<\/p>\n<p>Depuis leur condition d\u2019avant l\u2019av\u00e8nement de la R\u00e9publique,<br \/>\nen 1931, jusqu\u2019\u00e0 nos jours, elles \u00e9voquent leurs espoirs et leurs<br \/>\nsouffrances.<\/p>\n<p>En remontant le temps lointain est compos\u00e9 d\u2019une dizaine de<br \/>\npages, que Manuel Cano Lopez \u00e9crivit \u00e0 la demande de son fils.<br \/>\nUn r\u00e9cit \u00e9mouvant des souvenirs d\u2019un enfant de onze ans perdu<br \/>\ndans le tourbillon de la guerre civile en Andalousie.<\/p>\n<p>Les t\u00e9moignages de ces femmes et le r\u00e9cit de ce petit gar\u00e7on<br \/>\ns\u2019entrelacent \u00e9troitement et nous renvoient avec force les douleurs<br \/>\npass\u00e9es mais toujours vivaces.<\/p>\n<p>Partager aussi ce qui a \u00e9t\u00e9 profond\u00e9ment enfoui, et nous permettre<br \/>\nainsi de mieux penser (panser) et vaincre nos incertitudes et nos<br \/>\npeurs d\u2019aujourd\u2019hui.<\/p>\n<p>R\u00c9SERVATIONS ET RENSEIGNEMENTS<br \/>\n02 47 38 29 29 \/\/ info@ciecanolopez.fr<\/p>\n","protected":false},"excerpt":{"rendered":"<p>\u00ab Et un matin tout \u00e9tait en flamme et un matin les foyers sortaient de terre d\u00e9vorant les vivants, et d\u00e8s lors ce fut le feu, ce fut la poudre d\u00e8s lors, et d\u00e8s lors ce fut le sang. \u00bb Pablo Neruda En cette ann\u00e9e qui marque le quatre-vingti\u00e8me anniversaire de la Retirada (l\u2019exil de &hellip; <a href=\"https:\/\/retirada37.com\/?p=2950\" class=\"more-link\">Continuer la lecture de <span class=\"screen-reader-text\">ROMANCERO DES OMBRES<\/span>  <span class=\"meta-nav\">&rarr;<\/span><\/a><\/p>\n","protected":false},"author":3,"featured_media":0,"comment_status":"open","ping_status":"open","sticky":false,"template":"","format":"standard","meta":{"_bbp_topic_count":0,"_bbp_reply_count":0,"_bbp_total_topic_count":0,"_bbp_total_reply_count":0,"_bbp_voice_count":0,"_bbp_anonymous_reply_count":0,"_bbp_topic_count_hidden":0,"_bbp_reply_count_hidden":0,"_bbp_forum_subforum_count":0,"footnotes":""},"categories":[20,14],"tags":[],"class_list":["post-2950","post","type-post","status-publish","format-standard","hentry","category-culture","category-histoire"],"_links":{"self":[{"href":"https:\/\/retirada37.com\/index.php?rest_route=\/wp\/v2\/posts\/2950","targetHints":{"allow":["GET"]}}],"collection":[{"href":"https:\/\/retirada37.com\/index.php?rest_route=\/wp\/v2\/posts"}],"about":[{"href":"https:\/\/retirada37.com\/index.php?rest_route=\/wp\/v2\/types\/post"}],"author":[{"embeddable":true,"href":"https:\/\/retirada37.com\/index.php?rest_route=\/wp\/v2\/users\/3"}],"replies":[{"embeddable":true,"href":"https:\/\/retirada37.com\/index.php?rest_route=%2Fwp%2Fv2%2Fcomments&post=2950"}],"version-history":[{"count":1,"href":"https:\/\/retirada37.com\/index.php?rest_route=\/wp\/v2\/posts\/2950\/revisions"}],"predecessor-version":[{"id":2952,"href":"https:\/\/retirada37.com\/index.php?rest_route=\/wp\/v2\/posts\/2950\/revisions\/2952"}],"wp:attachment":[{"href":"https:\/\/retirada37.com\/index.php?rest_route=%2Fwp%2Fv2%2Fmedia&parent=2950"}],"wp:term":[{"taxonomy":"category","embeddable":true,"href":"https:\/\/retirada37.com\/index.php?rest_route=%2Fwp%2Fv2%2Fcategories&post=2950"},{"taxonomy":"post_tag","embeddable":true,"href":"https:\/\/retirada37.com\/index.php?rest_route=%2Fwp%2Fv2%2Ftags&post=2950"}],"curies":[{"name":"wp","href":"https:\/\/api.w.org\/{rel}","templated":true}]}}