{"id":2948,"date":"2019-01-14T17:49:39","date_gmt":"2019-01-14T16:49:39","guid":{"rendered":"http:\/\/retirada37.com\/?p=2948"},"modified":"2019-01-14T17:49:39","modified_gmt":"2019-01-14T16:49:39","slug":"1969-paco-ibanez-lespagnol-daubervilliers","status":"publish","type":"post","link":"https:\/\/retirada37.com\/?p=2948","title":{"rendered":"1969, Paco Ib\u00e1\u00f1ez : l&rsquo;Espagnol d&rsquo;Aubervilliers"},"content":{"rendered":"<p><iframe loading=\"lazy\" src=\"https:\/\/www.franceculture.fr\/player\/export-reecouter?content=7d775552-e2ea-4b9e-a045-5dc9b64af666\" width=\"481\" frameborder=\"0\" scrolling=\"no\" height=\"137\"><\/iframe><\/p>\n<p>Le 2 d\u00e9cembre 1969 le chanteur en exil donnait \u00e0 l&rsquo;Olympia un concert devenu l\u00e9gendaire, incarnation fervente de la r\u00e9sistance au franquisme. 50 ans plus tard et avant de ressusciter cette prestation le 24 janvier prochain au Casino de Paris, il revient sur cette histoire.<\/p>\n<p>N\u00e9 en 1934 \u00e0 Valence, fils d&rsquo;anarchiste, forc\u00e9 par la guerre civile \u00e0 s&rsquo;exiler au pays basque puis \u00e0 Perpignan, Paco Ib\u00e1\u00f1ez d\u00e9barque \u00e0 Paris en 1952. Sa rencontre, quelques ann\u00e9es plus tard avec Georges Brassens consacre sa r\u00e9v\u00e9lation pour la po\u00e9sie. D\u00e8s lors, il n&rsquo;aura de cesse que de mettre en musique les plus grands po\u00e8tes de langue espagnole (Rafael Alberti, Gabriel Celaya, Antonio Machado, Pablo Neruda, Jos\u00e9 Agust\u00edn Goytisolo etc). <\/p>\n<p>Vivant \u00e0 Aubervilliers, il fr\u00e9quente de nombreux artistes espagnols ou latino-am\u00e9ricains et publie deux albums en 1964 puis 1967.<\/p>\n<p>En 1968, il assiste aux \u00e9v\u00e9nements de mai \u00e0 Paris et, profitant d&rsquo;un assouplissement temporaire du r\u00e9gime espagnol, se produit pour la premi\u00e8re fois en Catalogne et \u00e0 Madrid. Pourtant d\u00e9but 1969, Franco resserre la vis et instaure l&rsquo;\u00e9tat d&rsquo;exception : contraint de retourner \u00e0 Paris, Paco Ib\u00e1\u00f1ez se produit cette ann\u00e9e-l\u00e0 dans la cour de la Sorbonne puis \u00e0 l&rsquo;Olympia, au cours de deux soir\u00e9es rest\u00e9es dans les m\u00e9moires en raison de la communion entre le chanteur et son public. <\/p>\n<p>A l&rsquo;occasion du concert qu&rsquo;il donnera le 24 janvier prochain au Casino de Paris, recr\u00e9ation de la performance de l&rsquo;Olympia (augment\u00e9e d&rsquo;autres chansons) Juke-Box modifie sa formule habituelle et re\u00e7oit le chanteur espagnol pour une interview exceptionnelle.  <\/p>\n","protected":false},"excerpt":{"rendered":"<p>Le 2 d\u00e9cembre 1969 le chanteur en exil donnait \u00e0 l&rsquo;Olympia un concert devenu l\u00e9gendaire, incarnation fervente de la r\u00e9sistance au franquisme. 50 ans plus tard et avant de ressusciter cette prestation le 24 janvier prochain au Casino de Paris, il revient sur cette histoire. N\u00e9 en 1934 \u00e0 Valence, fils d&rsquo;anarchiste, forc\u00e9 par la &hellip; <a href=\"https:\/\/retirada37.com\/?p=2948\" class=\"more-link\">Continuer la lecture de <span class=\"screen-reader-text\">1969, Paco Ib\u00e1\u00f1ez : l&rsquo;Espagnol d&rsquo;Aubervilliers<\/span>  <span class=\"meta-nav\">&rarr;<\/span><\/a><\/p>\n","protected":false},"author":3,"featured_media":0,"comment_status":"open","ping_status":"open","sticky":false,"template":"","format":"standard","meta":{"_bbp_topic_count":0,"_bbp_reply_count":0,"_bbp_total_topic_count":0,"_bbp_total_reply_count":0,"_bbp_voice_count":0,"_bbp_anonymous_reply_count":0,"_bbp_topic_count_hidden":0,"_bbp_reply_count_hidden":0,"_bbp_forum_subforum_count":0,"footnotes":""},"categories":[20,15],"tags":[],"class_list":["post-2948","post","type-post","status-publish","format-standard","hentry","category-culture","category-temoignages-et-recits"],"_links":{"self":[{"href":"https:\/\/retirada37.com\/index.php?rest_route=\/wp\/v2\/posts\/2948","targetHints":{"allow":["GET"]}}],"collection":[{"href":"https:\/\/retirada37.com\/index.php?rest_route=\/wp\/v2\/posts"}],"about":[{"href":"https:\/\/retirada37.com\/index.php?rest_route=\/wp\/v2\/types\/post"}],"author":[{"embeddable":true,"href":"https:\/\/retirada37.com\/index.php?rest_route=\/wp\/v2\/users\/3"}],"replies":[{"embeddable":true,"href":"https:\/\/retirada37.com\/index.php?rest_route=%2Fwp%2Fv2%2Fcomments&post=2948"}],"version-history":[{"count":1,"href":"https:\/\/retirada37.com\/index.php?rest_route=\/wp\/v2\/posts\/2948\/revisions"}],"predecessor-version":[{"id":2949,"href":"https:\/\/retirada37.com\/index.php?rest_route=\/wp\/v2\/posts\/2948\/revisions\/2949"}],"wp:attachment":[{"href":"https:\/\/retirada37.com\/index.php?rest_route=%2Fwp%2Fv2%2Fmedia&parent=2948"}],"wp:term":[{"taxonomy":"category","embeddable":true,"href":"https:\/\/retirada37.com\/index.php?rest_route=%2Fwp%2Fv2%2Fcategories&post=2948"},{"taxonomy":"post_tag","embeddable":true,"href":"https:\/\/retirada37.com\/index.php?rest_route=%2Fwp%2Fv2%2Ftags&post=2948"}],"curies":[{"name":"wp","href":"https:\/\/api.w.org\/{rel}","templated":true}]}}