{"id":2918,"date":"2018-11-01T11:41:53","date_gmt":"2018-11-01T10:41:53","guid":{"rendered":"http:\/\/retirada37.com\/?p=2918"},"modified":"2018-11-01T11:41:53","modified_gmt":"2018-11-01T10:41:53","slug":"pour-un-11-novembre-2018-antimilitariste","status":"publish","type":"post","link":"https:\/\/retirada37.com\/?p=2918","title":{"rendered":"Pour un 11 novembre 2018 antimilitariste !"},"content":{"rendered":"<p>La folie guerri\u00e8re et militariste ne cesse de faire flor\u00e8s \u00e0 travers le monde : aux Etats Unis, l\u2019ahuri Trump joue avec l\u2019avenir de la plan\u00e8te avec ses menaces inconsid\u00e9r\u00e9es d\u2019agressions militaires, en Cor\u00e9e du Nord, le \u00ab\u00a0guide supr\u00eame\u00a0\u00bb saigne son peuple au sang pour maintenir une arm\u00e9e pl\u00e9thorique et d\u00e9velopper un arsenal nucl\u00e9aire qui fait froid dans le dos. De la Russie \u00e0 la Chine, en passant par les pays occidentaux et leurs pr\u00e9tentions h\u00e9g\u00e9moniques en Afrique, une seule chose va bien dans ce monde, c\u2019est l\u2019industrie de l\u2019armement !<\/p>\n<p>Cette \u00ab\u00a0pourvoyeuse\u00a0\u00bb d\u2019emplois qui ne devrait pas exister, continue \u00e0 engendrer \u00e7a et l\u00e0 des massacres, corollaires \u00e0 de gros profits pour les industriels (industrie a\u00e9ronautique avec EADS, Dassault Aviation, SAFRAN\/SNECMA ; terrestre, avec NEXTER ou PANHARD ; naval avec DNCS ; \u00e9lectronique avec THALES, DASSAULT Systems ou SAFRAN\/SAGEM ; missiles avec MBDA ; espace avec EADS\/ASTRIUM&#8230;).<\/p>\n<p>En france, en 2016, la seule Direction G\u00e9n\u00e9rale de l\u2019Armement a pass\u00e9 pr\u00e8s de 10 milliards d\u2019euros de contrats pour l\u2019\u00e9quipement des arm\u00e9es (sur un total de 20 milliards de prises de commandes), et a investi 800 millions d\u2019euros dans la recherche. L\u2019industrie de l\u2019armement devrait passer de 165 000 emplois \u00e0 plus de 200 000 en 2018 selon le minist\u00e8re de la D\u00e9fense. En 2015, 16 milliards d\u2019euros de commandes \u00e0 l\u2019exportation ont \u00e9t\u00e9 r\u00e9alis\u00e9es, soit deux fois plus que l\u2019ann\u00e9e pr\u00e9c\u00e9dente et quatre fois plus qu\u2019en 2012 !<\/p>\n<p>Mais ce n\u2019est pas tout, l\u2019arm\u00e9e ne se contente pas de faire \u00ab\u00a0des op\u00e9rations ext\u00e9rieures\u00a0\u00bb : le renforcement des lois antiterroristes lui permet d\u2019occuper le territoire m\u00e9tropolitain et ultra marin comme l\u2019autorise, notamment, l\u2019instruction interminist\u00e9rielle de mai 2010, le minist\u00e8re de la D\u00e9fense qui pr\u00e9voit de d\u00e9ployer dans le cadre d\u2019un plan sp\u00e9cial 10 000 militaires sur l\u2019hexagone en \u00ab cas de crise majeure \u00bb. Le SGDSN (Secr\u00e9taire G\u00e9n\u00e9ral \u00e0 la D\u00e9fense et la S\u00e9curit\u00e9 Nationale) dans la revue Arm\u00e9es d\u2019octobre 2010, d\u00e9finissant un \u00ab cas de crise majeure \u00bb comme \u00ab Un \u00e9v\u00e9nement \u2013 pand\u00e9mie, attaque terroriste, catastrophe, crise d\u2019ordre public \u2013 dont la gravit\u00e9 et la port\u00e9e conduisent les autorit\u00e9s gouvernementales \u00e0 activer le dispositif interminist\u00e9riel \u00bb.<\/p>\n<p><strong>Nous ne pouvons tol\u00e9rer cette politique militariste !<\/p>\n<p>Disons le haut et fort Dimanche 11 novembre, 10h30, parvis<\/p>\n<p>de l\u2019universit\u00e9 Fran\u00e7ois Rabelais, rue des Tanneurs, \u00e0 Tours.<\/strong><\/p>\n<p>Rappelons que la France est toujours un pays en guerre !<\/p>\n<p>Pour un 11 novembre antimilitariste !<\/p>\n<p>Premiers signataires :SUD\/SOLIDAIRES 37, Les Amis de Demain Le Grand Soir, Alternative Libertaire 37, Retirada 37, NPA 37.<\/p>\n<p>Avec la pr\u00e9sence de la chorale militante \u00ab\u00a0La P\u2019tite Rouge de Touraine\u00a0\u00bb.<\/p>\n","protected":false},"excerpt":{"rendered":"<p>La folie guerri\u00e8re et militariste ne cesse de faire flor\u00e8s \u00e0 travers le monde : aux Etats Unis, l\u2019ahuri Trump joue avec l\u2019avenir de la plan\u00e8te avec ses menaces inconsid\u00e9r\u00e9es d\u2019agressions militaires, en Cor\u00e9e du Nord, le \u00ab\u00a0guide supr\u00eame\u00a0\u00bb saigne son peuple au sang pour maintenir une arm\u00e9e pl\u00e9thorique et d\u00e9velopper un arsenal nucl\u00e9aire qui &hellip; <a href=\"https:\/\/retirada37.com\/?p=2918\" class=\"more-link\">Continuer la lecture de <span class=\"screen-reader-text\">Pour un 11 novembre 2018 antimilitariste !<\/span>  <span class=\"meta-nav\">&rarr;<\/span><\/a><\/p>\n","protected":false},"author":3,"featured_media":0,"comment_status":"open","ping_status":"open","sticky":false,"template":"","format":"standard","meta":{"_bbp_topic_count":0,"_bbp_reply_count":0,"_bbp_total_topic_count":0,"_bbp_total_reply_count":0,"_bbp_voice_count":0,"_bbp_anonymous_reply_count":0,"_bbp_topic_count_hidden":0,"_bbp_reply_count_hidden":0,"_bbp_forum_subforum_count":0,"footnotes":""},"categories":[2],"tags":[],"class_list":["post-2918","post","type-post","status-publish","format-standard","hentry","category-actualites"],"_links":{"self":[{"href":"https:\/\/retirada37.com\/index.php?rest_route=\/wp\/v2\/posts\/2918","targetHints":{"allow":["GET"]}}],"collection":[{"href":"https:\/\/retirada37.com\/index.php?rest_route=\/wp\/v2\/posts"}],"about":[{"href":"https:\/\/retirada37.com\/index.php?rest_route=\/wp\/v2\/types\/post"}],"author":[{"embeddable":true,"href":"https:\/\/retirada37.com\/index.php?rest_route=\/wp\/v2\/users\/3"}],"replies":[{"embeddable":true,"href":"https:\/\/retirada37.com\/index.php?rest_route=%2Fwp%2Fv2%2Fcomments&post=2918"}],"version-history":[{"count":1,"href":"https:\/\/retirada37.com\/index.php?rest_route=\/wp\/v2\/posts\/2918\/revisions"}],"predecessor-version":[{"id":2919,"href":"https:\/\/retirada37.com\/index.php?rest_route=\/wp\/v2\/posts\/2918\/revisions\/2919"}],"wp:attachment":[{"href":"https:\/\/retirada37.com\/index.php?rest_route=%2Fwp%2Fv2%2Fmedia&parent=2918"}],"wp:term":[{"taxonomy":"category","embeddable":true,"href":"https:\/\/retirada37.com\/index.php?rest_route=%2Fwp%2Fv2%2Fcategories&post=2918"},{"taxonomy":"post_tag","embeddable":true,"href":"https:\/\/retirada37.com\/index.php?rest_route=%2Fwp%2Fv2%2Ftags&post=2918"}],"curies":[{"name":"wp","href":"https:\/\/api.w.org\/{rel}","templated":true}]}}