{"id":2899,"date":"2018-09-18T11:11:18","date_gmt":"2018-09-18T10:11:18","guid":{"rendered":"http:\/\/retirada37.com\/?p=2899"},"modified":"2018-09-18T11:12:56","modified_gmt":"2018-09-18T10:12:56","slug":"compte-rendu-24-aout-1944-24-aout-2018-qui-etaient-ces-soldats-de-la-liberte","status":"publish","type":"post","link":"https:\/\/retirada37.com\/?p=2899","title":{"rendered":"COMPTE RENDU 24 ao\u00fbt 1944 &#8211; 24 ao\u00fbt 2018 \u00ab Qui \u00e9taient ces soldats de la libert\u00e9 ? \u00bb"},"content":{"rendered":"<p>Plus de 250 personnes se sont rassembl\u00e9es ce vendredi 24 ao\u00fbt pour rendre hommage aux antifascistes espagnols de la Nueve.<br \/>\nAnne Hidalgo, maire de Paris \u00e9tait accompagn\u00e9e d\u2019Evelyne Zarka pour la mairie du 4e, de Catherine Vieu-Carrier \u00e9lue charg\u00e9e de la m\u00e9moire combattante et de la repr\u00e9sentante nationale du PSOE, du Directeur de la M\u00e9moire historique d\u2019Espagne Monsieur Fernando Martinez, de l\u2019ambassadeur espagnol \u00e0 l\u2019OCDE et de l\u2019ambassadeur espagnol \u00e0 l\u2019UNESCO, pour annoncer le d\u00e9cret de d\u00e9placement des cendres du dictateur et la volont\u00e9 du gouvernement espagnol d\u2019oeuvrer pour une v\u00e9ritable reconnaissance des crimes franquistes.<img loading=\"lazy\" decoding=\"async\" src=\"https:\/\/retirada37.com\/wp-content\/uploads\/2018\/09\/l_assistance_3.jpg\" alt=\"\" width=\"960\" height=\"640\" class=\"alignnone size-full wp-image-2900\" srcset=\"https:\/\/retirada37.com\/wp-content\/uploads\/2018\/09\/l_assistance_3.jpg 960w, https:\/\/retirada37.com\/wp-content\/uploads\/2018\/09\/l_assistance_3-300x200.jpg 300w, https:\/\/retirada37.com\/wp-content\/uploads\/2018\/09\/l_assistance_3-768x512.jpg 768w\" sizes=\"auto, (max-width: 960px) 100vw, 960px\" \/><\/p>\n<p>Le 23 ao\u00fbt 2018, vers 19h, sont arriv\u00e9s tranquillement les descendants des hommes de la Nueve, qui devaient intervenir le lendemain lors de l\u2019hommage rendu \u00e0 leur parent.<\/p>\n<p>Nous \u00e9tions au 33 rue des Vignoles, dernier lieu historique parisien de l\u2019exil libertaire espagnol et surtout lieu vivant et populaire en passe d\u2019abriter, entre autres, le centre m\u00e9moriel du mouvement libertaire fran\u00e7ais et espagnol en exil.<\/p>\n<p>Nous sommes une bonne trentaine, r\u00e9unis dans la grande salle, o\u00f9 tr\u00f4nent les portraits peints par Juan Chica-Ventura.<br \/>\nUne partie des gens se connaissent, contents de se retrouver autour de cette table amicale, d\u2019autres font connaissance et tout le monde est heureux de saluer la famille Campos, Teresa la fille de Miguel Campos, et ses enfants : Isana, Mundi, Luis-Miguel.<\/p>\n<p>Colette Flandrin Dronne, fille du capitaine Dronne est venue \u00e9galement, pour honorer cette famille qui cherche depuis 1945 ce qu\u2019est devenu leur p\u00e8re et grand-p\u00e8re.<\/p>\n<p>Les conversations vont bon train, historiques, politiques, amicales, et bien entendu\u2026 gastronomiques.<\/p>\n<p>On rit, on pleure, on chante, enfin on \u00e9voque surtout l\u2019empreinte de ce peuple, b\u00e2tisseur d\u2019une soci\u00e9t\u00e9 nouvelle, sur leurs h\u00e9ritiers biologiques et id\u00e9ologiques. On se s\u00e9pare tard dans la nuit.<img loading=\"lazy\" decoding=\"async\" src=\"https:\/\/retirada37.com\/wp-content\/uploads\/2018\/09\/mar_y_luz_2.jpg\" alt=\"\" width=\"960\" height=\"640\" class=\"alignnone size-full wp-image-2901\" srcset=\"https:\/\/retirada37.com\/wp-content\/uploads\/2018\/09\/mar_y_luz_2.jpg 960w, https:\/\/retirada37.com\/wp-content\/uploads\/2018\/09\/mar_y_luz_2-300x200.jpg 300w, https:\/\/retirada37.com\/wp-content\/uploads\/2018\/09\/mar_y_luz_2-768x512.jpg 768w\" sizes=\"auto, (max-width: 960px) 100vw, 960px\" \/><\/p>\n<p>24 ao\u00fbt 2018, 16h30, nous sommes concentr\u00e9s devant le jardin des combattants de la Nueve, 3 rue de Lobau.<\/p>\n<p>La mairie comme chaque ann\u00e9e depuis 2014, a fait disposer des fleurs aux couleurs de la R\u00e9publique espagnole, un pupitre et une sono pour les intervenants et des chaises pour ceux qui viennent \u00e9couter. Inutile de dire que malgr\u00e9 leur nombre, elles seront insuffisantes et beaucoup devront rester debout pour assister \u00e0 l\u2019ensemble des prises de parole.<br \/>\nDe notre c\u00f4t\u00e9, nous avons amen\u00e9 nos grilles d\u2019exposition et nous les disposons le long des murs qui entrourent le jardin. Nous y accrochons les portraits des hommes qui seront \u00e9voqu\u00e9s ce jour. Nous tendons, de l\u2019autre c\u00f4t\u00e9 du portail du jardin, notre immense banderole qui doit \u00eatre visible depuis les \u00e9toiles, tant elle est grande.<\/p>\n<p>Comme tous les ans, le maire du 4e arrondissement, qui nous accueille sur son territoire, nous souhaite la bienvenue, \u00e0 travers les mots chaleureux et amicaux de Madame Evelyne Zarka, premi\u00e8re adjointe \u00e0 la mairie et ind\u00e9fectible soutien \u00e0 notre action.<\/p>\n<p>Le large trottoir se couvre spontan\u00e9ment des couleurs rouge et noir, jusque l\u00e0 ind\u00e9sirables si pr\u00e8s de la maison des \u00e9lus et mainenant salu\u00e9es par eux\u2026<\/p>\n<p>L\u2019hommage commence sous les yeux attentifs de plus de 250 personnes. Nous voulons \u00e9voquer cette ann\u00e9e, ces hommes dans leur humanit\u00e9, leur quotidien d\u2019\u00eatre humain, de p\u00e8re, de grand-p\u00e8re et de passeurs de l\u2019exp\u00e9rience sociale qui fut la leur.<\/p>\n<p>Notre association a pr\u00e9sent\u00e9 le cadre des interventions :<br \/>\n\u00ab En 2018, nous voulons donner la parole aux descendants des hommes de la Nueve de la 2e DB. Elles et ils nous invitent \u00e0 partager leurs souvenirs des hommes que furent leur p\u00e8re ou leur grand-p\u00e8re. Les traces qu\u2019ils ont laiss\u00e9es en eux et en nous, puisque nous sommes aujourd\u2019hui ce qu\u2019ils ont sem\u00e9 hier par leur opini\u00e2tret\u00e9 \u00e0 d\u00e9fendre la justice et la libert\u00e9. \u00bb (voir document \u00ab\u00a0introduction\u00a0\u00bb )<\/p>\n<p>Le ton \u00e9tait donn\u00e9.<\/p>\n<p>Nous avons lu une lettre de Rafa\u00ebl Gomez, dernier survivantde cette compagnie, qui voulait saluer ce rassemblement sans pouvoir se d\u00e9placer :<\/p>\n<p>\u00ab Un combat pour la libert\u00e9 au cours duquel tomb\u00e8rent beaucoup de nos compagnons. (\u2026) Je crois que La Nueve fut une compagnie unique (\u2026). Malgr\u00e9 la distance qui nous s\u00e9pare aujourd\u2019hui, je vous assure que je suis pr\u00e8s de vous. \u00bb<\/p>\n<p>Carmen G\u00f3ngora \u00e9voque son grand-p\u00e8re, Jos\u00e9 G\u00f3ngora Zubieta, comme un lointain souvenir et la d\u00e9couverte en 2015 seulement qu\u2019il avait \u00e9t\u00e9 un des hommes de la Nueve. C\u2019est alors que commence sa qu\u00eate :<\/p>\n<p>\u00ab Grande \u00e9motion ! Mon grand-p\u00e8re, un h\u00e9ros ! J\u2019ai voulu en savoir plus, partant ainsi vers une qu\u00eate laborieuse mais passionnante \u00e0 partir d\u2019une photo et d\u2019un article de journal. (\u2026) \u00bb<\/p>\n<p>C\u2019est Agn\u00e8s Pavlowsky, notre secr\u00e9taire, qui pr\u00eatra sa voix \u00e0 C\u00e9sar V\u00e1zquez \u00e0 sa fille Marianne pour \u00e9voquer leur p\u00e8re et grand-p\u00e8re, Joaquin Tejerina V\u00e1zquez : \u00ab Antifranquiste jusqu\u2019au bout des ongles, il a combattu d\u00e8s son adolescence le fascisme et le racisme. Parcours \u00e9tonnant et extraordinaire que celui de cet homme id\u00e9aliste et g\u00e9n\u00e9reux, quelque part un Don Quichotte des temps modernes (\u2026), en qu\u00eate constante de libert\u00e9, de v\u00e9rit\u00e9 et toujours \u00e0 l\u2019\u00e9coute des autres. Pourtant(\u2026), c\u2019\u00e9tait un modeste, refusant tous les honneurs (\u2026) disant que ce qu\u2019il avait fait \u00e9tait tout \u00e0 fait normal. \u00bb<\/p>\n<p>Les fr\u00e8res Sol\u00e9, Miguel et Pedro sont \u00e9voqu\u00e9s par Juan Chica-Ventura &#038; Ramon Pino ; Miguel qui survit \u00e0 son fr\u00e8re au bout de tant de danger, sera poursuivi par la justice militaire, affubl\u00e9e d\u2019\u0153ill\u00e8res, pour d\u00e9sertion de la L\u00e9gion \u00c9trang\u00e8re : \u00ab C\u2019est proprement incroyable, mais un mandat d\u2019arr\u00eat contre moi court depuis le 28 f\u00e9vrier 1945. Il \u00e9mane du tribunal militaire d\u2019Oran. Le 26 septembre 1946, je suis arr\u00eat\u00e9 \u00e0 mon domicile de Saint-Denis. Il faudra l\u2019intervention du directeur de la Maison des anciens de la 2e DB, rappelant mes \u00e9tats de services dans l\u2019arm\u00e9e Leclerc, pour que je sois d\u00e9finitivement relax\u00e9, en octobre 1946. J\u2019\u00e9tais abasourdi par cette m\u00e9saventure, qui n\u2019aura pas touch\u00e9 que moi, car nous \u00e9tions nombreux dans ce cas, les Espagnols : inculp\u00e9s et d\u00e9cor\u00e9s \u00e0 la fois. \u00bb<\/p>\n<p>G\u00e9rard Salinas, r\u00e9serv\u00e9, vient nous parler de son papa, Manuel Salinas qu\u2019il a si peu connu : \u00ab (\u2026) Peut-\u00eatre en a-t-il d\u00e9couvert les r\u00e9alit\u00e9s aux c\u00f4t\u00e9s de ses compagnons r\u00e9publicains, communistes et anarchistes de la Nueve. Pour ma part, je n\u2019en retiens que le courage physique et moral de ces hommes venus de loin pour combattre une id\u00e9ologie totalitaire, dans un pays qu\u2019ils ne connaissaient pas. Manuel, mon p\u00e8re, m\u2019aura permis de d\u00e9couvrir l\u2019\u00e9pop\u00e9e des hommes de la Nueve et de ne pas oublier leurs souffrances. \u00bb<\/p>\n<p>Daniel Pinos, membre de notre association, a d\u00e9busqu\u00e9, pour nous un air de guitare tout particulier avec le r\u00e9cit du t\u00e9moignage de Victor Baro alias Juan Rico  : \u00ab Anarchiste espagnol ! Je suis l\u2019un des seize survivants de ceux qui sont entr\u00e9s les premiers dans Paris. J\u2019\u00e9tais le plus jeune et j\u2019avais une guitare. Le capitaine Dronne m\u2019a dit : \u00ab Rico, ce n\u2019est pas le r\u00e9giment des mandolines. \u00bb J\u2019ai cach\u00e9 ma guitare sur le tank. Il n\u2019\u00e9tait pas commode, nous non plus. C\u2019est le seul qui a voulu de nous, &#8230; et nous de lui. Il parlait espagnol, nous on se d\u00e9brouillait en fran\u00e7ais mais le c\u0153ur y \u00e9tait. \u00bb<\/p>\n<p>Notre ami et cin\u00e9aste Richard Prost avait la charge de parler de Manuel Lozano, dont il est, comme beaucoup d\u2019anarchistes, l\u2019h\u00e9ritier de son exp\u00e9rience men\u00e9e \u00e0 bien en Espagne et d\u00e9fendue jusqu\u2019\u00e0 son dernier souffle. Richard, sous son parapluie rouge et noir, nous explique ce que furent les r\u00e9alisations sociales des anarchistes en Espagne et combien ils avaient mille fois raison, en avance sur leur si\u00e8cle. Il d\u00e9nonce aussi la falsification de l\u2019histoire et les l\u00e9gendes qui viennent se substituer aux faits r\u00e9els, laissant derri\u00e8re elles une amertume mensong\u00e8re : \u00ab C\u2019est bien Manuel Lozano qui avait raison, si on l\u2019avait \u00e9cout\u00e9 lui et ses camarades hommes et femmes, on ne parlerait pas aujourd\u2019hui de changements climatiques. (\u2026) C\u2019est pourquoi Je m\u2019adresse avec Manuel Lozano aux jeunes de l\u2019assistance : Ne vous laissez pas guider par la fa\u00e7ade de la connaissance et les recherches faciles. Cherchez toujours la v\u00e9rit\u00e9 avant de faire vos choix personnels. \u00bb (lire l\u2019article sur le lien suivant http:\/\/www.globalmagazine.info\/2018&#8230;)<\/p>\n<p>Madame Colette Flandrin Dronne nous a offert un exercice sans filet sur son papa, le Capitaine Raymond Dronne, commandant de la Nueve et cette compagnie qui fut la famille de sa famille, un belle \u00e9motion : \u00ab La Nueve a combattu avec gloire et courage pendant toute la campagne, souvent en premi\u00e8re ligne, toujours plus unie (malgr\u00e9 la mosa\u00efque des opinions), toujours plus soucieuse d\u2019obtenir la victoire, et toujours avec l\u2019espoir d\u2019un retour au pays apr\u00e8s la chute de Franco.<br \/>\nMon p\u00e8re est parti, \u00e0 la demande de Leclerc, un an en Indochine. La 9 dans sa presque totalit\u00e9 ne l\u2019a pas suivi. \u00ab Les jaunes ne m\u2019ont rien fait \u00bb disaient-ils. D\u00e9mobilis\u00e9s, ils ont eu l\u2019immense amertume de d\u00e9couvrir que les alli\u00e9s s\u2019accommodaient du r\u00e9gime franquiste. (\u2026)<br \/>\nIls \u00e9taient des civils dans l\u2019\u00e2me. Ils \u00e9taient courageux. Ils ont particip\u00e9 \u00e0 tous les moments marquants de notre vie. Ils \u00e9taient ma famille. Quand mon p\u00e8re leur \u00e9crivait, c\u2019\u00e9tait \u00e0 \u00ab mon cher camarade \u00bb ou \u00ab cher ami \u00bb. Ils ont toujours \u00e9t\u00e9 ses camarades. \u00bb<\/p>\n<p>Marie-Jos\u00e9 Cort\u00e8s, timide et craintive, a pris son courage \u00e0 deux mains pour honorer la m\u00e9moire de Jos\u00e9 Cort\u00e8s, son papa : \u00ab  le 24 au soir, papa entre dans Paris avec ses compagnons. Il participe \u00e0 la bataille de Paris. Le 25 ao\u00fbt, en avan\u00e7ant dans la rue des Archives (4e arrondissement), il est touch\u00e9 par un tireur isol\u00e9 (aujourd\u2019hui, on dirait un snipper) par trois balles explosives. Une infirmi\u00e8re n\u2019est pas insensible \u00e0 son charme ib\u00e9rique et \u00e0 son aura de vainqueur. Elle lui prodiguera tous les soins possibles, \u00e9mue par cet homme jeune aux portes de la mort. Ils se mari\u00e8rent tr\u00e8s vite. Apr\u00e8s guerre, il retrouve son compagnon Mart\u00edn Bernal, \u00e0 Choisy le Roi qui lui apprend le m\u00e9tier de cordonnier\u2026  \u00bb<\/p>\n<p>Mar y Luz nous a \u00e9mus aux larmes en parlant de son p\u00e8re, \u00c1ngel Cari\u00f1o L\u00f3pez : \u00ab Il n\u2019a jamais renonc\u00e9 \u00e0 ses valeurs ; il ne les inculquait pas, mais il les vivait.<br \/>\nIl avait un total d\u00e9sint\u00e9r\u00eat pour les biens mat\u00e9riels. La maison \u00e9tait toujours ouverte. Certains sont pass\u00e9s pour une simple visite, un repas. Lui qui n\u2019\u00e9tait pas croyant : c\u2019\u00e9tait pourtant un peu \u00ab la maison du bon Dieu \u00bb pour les gens et les animaux. D\u2019autres venaient pour de l\u2019aide pour des papiers ou des courriers\u2026 Mon p\u00e8re, s\u2019il a eu la joie de dispara\u00eetre apr\u00e8s Franco, n\u2019est jamais retourn\u00e9 en Espagne. Ce qui lui manquait le plus, c\u2019\u00e9tait sa Galice, la mer et la p\u00eache. \u00bb<\/p>\n<p>Et elle lie la personnalit\u00e9 de son p\u00e8re \u00e0 la r\u00e9sistance des exil\u00e9s d\u2019aujourd\u2019hui : \u00ab Alors que je vous lis ces lignes, sur les bords de la M\u00e9diterran\u00e9e d\u2019autres exil\u00e9s partent : eux aussi ont des familles, eux aussi fuient des dictatures, eux aussi veulent tout simplement survivre. Alors oui : dans les circonstances actuelles, comment voudrait-on que je ne pense pas \u00e0 mon p\u00e8re et \u00e0 tous ses combats ? \u00bb<\/p>\n<p>Pour la premi\u00e8re fois en France et en Espagne, nous allons entendre le t\u00e9moignage d\u00e9chirant de la famille de Miguel Campos, El Canario de la Nueve et disparu durant la campagne d\u2019Alsace. S\u00e9par\u00e9e d\u00e8s son plus jeune \u00e2ge de son p\u00e8re qu\u2019elle ne revit jamais, Teresa fut jet\u00e9e en prison avec sa maman d\u00e8s juillet 1936. Ils ne se revoient pas mais Miguel \u00e9crit, jusqu\u2019en 1942 o\u00f9 sa trace est d\u00e9finitivement perdue, jusqu\u2019\u00e0 ce documentaire qui fait sauter Luis-Miguel le petit-fils : \u00ab documentaire \u00e0 la t\u00e9l\u00e9vision publique espagnole, intitul\u00e9 La Nueve, les oubli\u00e9s de la victoire, d\u2019Alberto Marquardt, dans lequel il raconte l\u2019histoire de 150 r\u00e9publicains espagnols et o\u00f9 les t\u00e9moins \u00e9voquent Miguel Campos. (\u2026) C\u2019\u00e9tait aussi tr\u00e8s \u00e9mouvant de lire le nom de mon p\u00e8re sur le m\u00e9morial Leclerc. Ce voyage fut l\u2019une des choses les plus exaltantes que j\u2019ai jamais v\u00e9cues. J\u2019ai obtenu beaucoup d\u2019informations sur la vie de mon p\u00e8re. Gr\u00e2ce \u00e0 M. Coale, nous avons appris que le capitaine Dronne parle de lui dans ses Carnets de route. \u00bb<br \/>\nAimable Marcellan, secr\u00e9taire adjoint l\u2019association, terminera ce \u00ab Marathon \u00bb \u00e9vocateur avant que la Maire de Paris, Anna Hidalgo, prenne la parole.<\/p>\n<p>Tout en rappelant les raisons de l\u2019existence de l\u2019association, il remercie la mairie de Paris pour l\u2019avanc\u00e9e des travaux pr\u00e9vus pour le Centre m\u00e9moriel du mouvement libertaire espagnol en exil. Quoique la surveillance ne se rel\u00e2che pas autour des locaux \u00e0 transformer, au 33 rue des Vignoles. Un petit tour d\u2019horizon sur la destination prestigieuse de ce lieu d\u2019histoire populaire et parisienne, li\u00e9e \u00e0 l\u2019exil, nous conduit \u00e0 l\u2019\u00e9vocation des personnalit\u00e9s pass\u00e9es au 33 mais aussi des luttes qui y furent mener sans concession : \u00ab Nous savons, et les g\u00e9n\u00e9rations qui nous ont pr\u00e9c\u00e9d\u00e9s nous l\u2019ont montr\u00e9, que rien n\u2019est jamais acquis, que la m\u00e9moire comme la vie sont des combats de tous les jours, tourn\u00e9s vers l\u2019avenir. Ces combats, nous les poursuivrons ! \u00bb (voir document Conclusion )<\/p>\n<p>Nous avons termin\u00e9 cette journ\u00e9e par l\u2019intervention de Madame la Maire de Paris qui apr\u00e8s s\u2019\u00eatre rejouie de parler ainsi, depuis plusieurs ann\u00e9es maintenant, face \u00e0 une for\u00eat de drapeaux rouge et noir, a affirm\u00e9 que la m\u00e9moire du peuple espagnol devait \u00eatre mise au grand jour et qu\u2019elle ne cesserait jamais de porter cette ambition : remettre le fleuve Histoire dans son lit de v\u00e9rit\u00e9s, loin des falsifications, officielles ou autres.<img loading=\"lazy\" decoding=\"async\" src=\"https:\/\/retirada37.com\/wp-content\/uploads\/2018\/09\/sous_la_nueve_une_joyeuse_troupe.jpg\" alt=\"\" width=\"3300\" height=\"1859\" class=\"alignnone size-full wp-image-2902\" srcset=\"https:\/\/retirada37.com\/wp-content\/uploads\/2018\/09\/sous_la_nueve_une_joyeuse_troupe.jpg 3300w, https:\/\/retirada37.com\/wp-content\/uploads\/2018\/09\/sous_la_nueve_une_joyeuse_troupe-300x169.jpg 300w, https:\/\/retirada37.com\/wp-content\/uploads\/2018\/09\/sous_la_nueve_une_joyeuse_troupe-768x433.jpg 768w, https:\/\/retirada37.com\/wp-content\/uploads\/2018\/09\/sous_la_nueve_une_joyeuse_troupe-1024x577.jpg 1024w\" sizes=\"auto, (max-width: 3300px) 100vw, 3300px\" \/><\/p>\n<p>Accompagn\u00e9e tout au long de cet hommage par des officiels de l\u2019\u00c9tat espagnol, (ambassadeur \u00e0 l\u2019OCDE, ambassadeur \u00e0 l\u2019UNESCO, repr\u00e9sentante nationale du PSOE\u2026) elle c\u00e9da la parole au Se\u00f1or Fernando Martinez qui annon\u00e7a le d\u00e9cret sign\u00e9 par le chef du gouvernement espagnol Pedro Sanchez, de rel\u00e8ve des cendres du dictateur Franco del Valle de los Caidos, et son intention de mener durant son mandat une vraie r\u00e9habilitation des combattants antifascistes espagnols en ouvrant les fosses communes, identifiant chaque corps pour le remettre \u00e0 sa famille, et en travaillant en harmonie avec les associations de m\u00e9moire espagnoles et celles de l\u2019exil, conscient qu\u2019une grande part de l\u2019histoire du peuple espagnol se trouve hors de ses fronti\u00e8res.<br \/>\nLa r\u00e9concilaition en Espagne est \u00e0 ce prix : exhumer la v\u00e9rit\u00e9 et en tirer les v\u00e9ritables le\u00e7ons, rien n\u2019avancera sans ce passage oblig\u00e9.<\/p>\n<p>Le 25 ao\u00fbt 2018, nous avons accompagn\u00e9 la famille Campos aux c\u00e9r\u00e9monies officielles de la lib\u00e9rations de Paris. Une grande joie , un beau cadeau les attendait, la rencontre avec Alberto Marquardt, l\u2019homme par lequel la qu\u00eate de cette famille a commenc\u00e9 \u00e0 devenir r\u00e9alit\u00e9.<\/p>\n<p>Mais lors de la c\u00e9l\u00e9bration officielle, tr\u00e8s militaire et protocolaire (rien \u00e0 voir avec celle de la veille) \u00e0 nouveau la chappe de plomb s\u2019est install\u00e9e par ommission : pas un mot des Espagnols, de la Nueve entrant dans Paris ou martyris\u00e9e \u00e0 \u00c9couch\u00e9.<\/p>\n<p>La c\u00e9r\u00e9monie s\u2019est termin\u00e9e par la projection du film Paris br\u00fble-t-il ; film grand public qui tisse les ommissions avec le fil des extravagances historiques, jamais remises en cause.<\/p>\n<p>Il reste encore beaucoup de chemin pour que ce qui se dit un jour se dise toujours et qu\u2019on ne perde pas ce fil t\u00e9nu de la v\u00e9rit\u00e9 en une nuit.<\/p>\n<p><strong>Le bureau de l\u2019association<br \/>\n24-ao\u00fbt-1944<\/strong><\/p>\n<p>Tous les textes des interventions seront publi\u00e9s en bilingue dans une brochure illustr\u00e9e.<\/p>\n<p>En l\u2019attendant je tez un oeil \u00e0 cette vid\u00e9o :<br \/>\n<iframe loading=\"lazy\" title=\"24 08 2018, Comm\u00e9moration de l&#039;entr\u00e9e dans Paris de la 9e compagnie de la 2e DB , La Nueve!\" width=\"474\" height=\"267\" src=\"https:\/\/www.youtube.com\/embed\/z2SA-JT3PTI?feature=oembed\" frameborder=\"0\" allow=\"accelerometer; autoplay; clipboard-write; encrypted-media; gyroscope; picture-in-picture; web-share\" referrerpolicy=\"strict-origin-when-cross-origin\" allowfullscreen><\/iframe><\/p>\n<p>Les photos sont de : Mireille Mercier Balaz, Cristine Hudin, Didier Auroi, Alain Rameau Frias, Richard Prost<\/p>\n","protected":false},"excerpt":{"rendered":"<p>Plus de 250 personnes se sont rassembl\u00e9es ce vendredi 24 ao\u00fbt pour rendre hommage aux antifascistes espagnols de la Nueve. Anne Hidalgo, maire de Paris \u00e9tait accompagn\u00e9e d\u2019Evelyne Zarka pour la mairie du 4e, de Catherine Vieu-Carrier \u00e9lue charg\u00e9e de la m\u00e9moire combattante et de la repr\u00e9sentante nationale du PSOE, du Directeur de la M\u00e9moire &hellip; <a href=\"https:\/\/retirada37.com\/?p=2899\" class=\"more-link\">Continuer la lecture de <span class=\"screen-reader-text\">COMPTE RENDU 24 ao\u00fbt 1944 &#8211; 24 ao\u00fbt 2018 \u00ab Qui \u00e9taient ces soldats de la libert\u00e9 ? \u00bb<\/span>  <span class=\"meta-nav\">&rarr;<\/span><\/a><\/p>\n","protected":false},"author":3,"featured_media":0,"comment_status":"open","ping_status":"open","sticky":false,"template":"","format":"standard","meta":{"_bbp_topic_count":0,"_bbp_reply_count":0,"_bbp_total_topic_count":0,"_bbp_total_reply_count":0,"_bbp_voice_count":0,"_bbp_anonymous_reply_count":0,"_bbp_topic_count_hidden":0,"_bbp_reply_count_hidden":0,"_bbp_forum_subforum_count":0,"footnotes":""},"categories":[14,15],"tags":[],"class_list":["post-2899","post","type-post","status-publish","format-standard","hentry","category-histoire","category-temoignages-et-recits"],"_links":{"self":[{"href":"https:\/\/retirada37.com\/index.php?rest_route=\/wp\/v2\/posts\/2899","targetHints":{"allow":["GET"]}}],"collection":[{"href":"https:\/\/retirada37.com\/index.php?rest_route=\/wp\/v2\/posts"}],"about":[{"href":"https:\/\/retirada37.com\/index.php?rest_route=\/wp\/v2\/types\/post"}],"author":[{"embeddable":true,"href":"https:\/\/retirada37.com\/index.php?rest_route=\/wp\/v2\/users\/3"}],"replies":[{"embeddable":true,"href":"https:\/\/retirada37.com\/index.php?rest_route=%2Fwp%2Fv2%2Fcomments&post=2899"}],"version-history":[{"count":2,"href":"https:\/\/retirada37.com\/index.php?rest_route=\/wp\/v2\/posts\/2899\/revisions"}],"predecessor-version":[{"id":2904,"href":"https:\/\/retirada37.com\/index.php?rest_route=\/wp\/v2\/posts\/2899\/revisions\/2904"}],"wp:attachment":[{"href":"https:\/\/retirada37.com\/index.php?rest_route=%2Fwp%2Fv2%2Fmedia&parent=2899"}],"wp:term":[{"taxonomy":"category","embeddable":true,"href":"https:\/\/retirada37.com\/index.php?rest_route=%2Fwp%2Fv2%2Fcategories&post=2899"},{"taxonomy":"post_tag","embeddable":true,"href":"https:\/\/retirada37.com\/index.php?rest_route=%2Fwp%2Fv2%2Ftags&post=2899"}],"curies":[{"name":"wp","href":"https:\/\/api.w.org\/{rel}","templated":true}]}}