{"id":282,"date":"2015-08-17T10:42:15","date_gmt":"2015-08-17T09:42:15","guid":{"rendered":"http:\/\/retirada37.com\/?p=282"},"modified":"2015-09-23T14:12:10","modified_gmt":"2015-09-23T13:12:10","slug":"cipriano-mera-un-homme-au-coeur-de-la-revolution-et-de-la-guerre-despagne","status":"publish","type":"post","link":"https:\/\/retirada37.com\/?p=282","title":{"rendered":"Cipriano Mera : Un homme au c\u0153ur de la r\u00e9volution et de la guerre d&rsquo;Espagne"},"content":{"rendered":"<blockquote class=\"description\"><p><a href=\"https:\/\/retirada37.com\/wp-content\/uploads\/2015\/08\/mera.jpg\"><img loading=\"lazy\" decoding=\"async\" class=\" wp-image-283 aligncenter\" src=\"https:\/\/retirada37.com\/wp-content\/uploads\/2015\/08\/mera.jpg\" alt=\"mera\" width=\"201\" height=\"255\" \/><\/a>Tr\u00e8s beau t\u00e9moignage sur le parcours atypique d&rsquo;un militant anarchiste espagnol devenu, par obligation et non par principe, l&rsquo;un des g\u00e9n\u00e9raux les plus c\u00e9l\u00e8bres (mais oubli\u00e9 aujourd&rsquo;hui&#8230;) de la Guerre d&rsquo;Espagne.<\/p><\/blockquote>\n<blockquote class=\"description\"><p>Une analyse des forces et des faiblesses du camp r\u00e9publicain, profond\u00e9ment divis\u00e9 entre soldats de m\u00e9tiers fid\u00e8les \u00e0 la r\u00e9publique, miliciens anarchistes de la CNT, communistes du 5e r\u00e9giment, etc.<\/p><\/blockquote>\n<blockquote class=\"description\"><p>A lire absolument&#8230;<\/p><\/blockquote>\n<blockquote class=\"description\"><p><em>(22 euros,\u00a0<\/em><small> COMMANDE \u00e0 renvoyer \u00e0 : Le Coquelicot \/ BP 74078 \/ 31029 Toulouse cedex, ch\u00e8ques \u00e0 l&rsquo;ordre de : Le Coquelicot)<\/small><\/p><\/blockquote>\n","protected":false},"excerpt":{"rendered":"<p>Tr\u00e8s beau t\u00e9moignage sur le parcours atypique d&rsquo;un militant anarchiste espagnol devenu, par obligation et non par principe, l&rsquo;un des g\u00e9n\u00e9raux les plus c\u00e9l\u00e8bres (mais oubli\u00e9 aujourd&rsquo;hui&#8230;) de la Guerre d&rsquo;Espagne. Une analyse des forces et des faiblesses du camp r\u00e9publicain, profond\u00e9ment divis\u00e9 entre soldats de m\u00e9tiers fid\u00e8les \u00e0 la r\u00e9publique, miliciens anarchistes de la &hellip; <a href=\"https:\/\/retirada37.com\/?p=282\" class=\"more-link\">Continuer la lecture de <span class=\"screen-reader-text\">Cipriano Mera : Un homme au c\u0153ur de la r\u00e9volution et de la guerre d&rsquo;Espagne<\/span>  <span class=\"meta-nav\">&rarr;<\/span><\/a><\/p>\n","protected":false},"author":3,"featured_media":0,"comment_status":"open","ping_status":"open","sticky":false,"template":"","format":"standard","meta":{"_bbp_topic_count":0,"_bbp_reply_count":0,"_bbp_total_topic_count":0,"_bbp_total_reply_count":0,"_bbp_voice_count":0,"_bbp_anonymous_reply_count":0,"_bbp_topic_count_hidden":0,"_bbp_reply_count_hidden":0,"_bbp_forum_subforum_count":0,"footnotes":""},"categories":[15],"tags":[],"class_list":["post-282","post","type-post","status-publish","format-standard","hentry","category-temoignages-et-recits"],"_links":{"self":[{"href":"https:\/\/retirada37.com\/index.php?rest_route=\/wp\/v2\/posts\/282","targetHints":{"allow":["GET"]}}],"collection":[{"href":"https:\/\/retirada37.com\/index.php?rest_route=\/wp\/v2\/posts"}],"about":[{"href":"https:\/\/retirada37.com\/index.php?rest_route=\/wp\/v2\/types\/post"}],"author":[{"embeddable":true,"href":"https:\/\/retirada37.com\/index.php?rest_route=\/wp\/v2\/users\/3"}],"replies":[{"embeddable":true,"href":"https:\/\/retirada37.com\/index.php?rest_route=%2Fwp%2Fv2%2Fcomments&post=282"}],"version-history":[{"count":5,"href":"https:\/\/retirada37.com\/index.php?rest_route=\/wp\/v2\/posts\/282\/revisions"}],"predecessor-version":[{"id":359,"href":"https:\/\/retirada37.com\/index.php?rest_route=\/wp\/v2\/posts\/282\/revisions\/359"}],"wp:attachment":[{"href":"https:\/\/retirada37.com\/index.php?rest_route=%2Fwp%2Fv2%2Fmedia&parent=282"}],"wp:term":[{"taxonomy":"category","embeddable":true,"href":"https:\/\/retirada37.com\/index.php?rest_route=%2Fwp%2Fv2%2Fcategories&post=282"},{"taxonomy":"post_tag","embeddable":true,"href":"https:\/\/retirada37.com\/index.php?rest_route=%2Fwp%2Fv2%2Ftags&post=282"}],"curies":[{"name":"wp","href":"https:\/\/api.w.org\/{rel}","templated":true}]}}