{"id":2583,"date":"2017-09-08T16:17:26","date_gmt":"2017-09-08T15:17:26","guid":{"rendered":"http:\/\/retirada37.com\/?p=2583"},"modified":"2017-09-08T16:17:26","modified_gmt":"2017-09-08T15:17:26","slug":"mala-vida","status":"publish","type":"post","link":"https:\/\/retirada37.com\/?p=2583","title":{"rendered":"Mala Vida"},"content":{"rendered":"<p><img decoding=\"async\" class=\"aligncenter\" src=\"http:\/\/www.livredepoche.com\/sites\/default\/files\/styles\/cover_book_focus\/public\/media\/imgArticle\/LGFLIVREDEPOCHE\/2017\/9782253085850-001-T.jpeg?itok=JOKua3pn\" alt=\"R\u00e9sultat de recherche d'images pour &quot;mala vida&quot;\" \/><\/p>\n<p style=\"text-align: left\">C&rsquo;est au travers d&rsquo;une fiction que Marc Fernandez nous fait passer des instants graves qui se sont d\u00e9roul\u00e9s pendant de nombreuses ann\u00e9es en Espagne. Ils ont d\u00e9but\u00e9 avec Franco et ont perdur\u00e9 au-del\u00e0 de sa mort, l&rsquo;histoire des \u00ab\u00a0enfants vol\u00e9s\u00a0\u00bb.<\/p>\n<p>Il nous la fait vivre par le biais d&rsquo;un journaliste de radio, Diego Martin, investigateur hors pair et peu appr\u00e9ci\u00e9 du pouvoir en place. Il lui reste 2 heures d&rsquo;antenne hebdomadaires dans un minuscule studio tr\u00e8s tard le soir mais s&rsquo;il est gard\u00e9 par cette radio, c&rsquo;est parce qu&rsquo;il fait de l&rsquo;audience.<\/p>\n<p>Et l&rsquo;audience va grimper quand il va aborder ce probl\u00e8me, cette histoire qui n&rsquo;est pas termin\u00e9e, h\u00e9las, car bien trop souvent ce sont des moments enfouis depuis si longtemps, ce sont les non-dits des familles \u00ab\u00a0bien pensantes\u00a0\u00bb ayant achet\u00e9 un enfant. Tout ceci se passera sous couvert de l&rsquo;Eglise, comme tant d&rsquo;actes barbares, actes rest\u00e9s impunis.<\/p>\n<p>On verra les m\u00e8res espagnoles se soulever, se souvenir de ces instants abominables o\u00f9 on leur apprenait que leur enfant \u00e9tait mort. Elles ont hurl\u00e9, mais en vain, car au fond d&rsquo;elles-m\u00eames elles savaient que c&rsquo;\u00e9tait faux. Elles sont accul\u00e9es face \u00e0 ce Pouvoir qui mus\u00e8le tout. Le scandale a \u00e9t\u00e9 soulev\u00e9 mais la Justice pourra t&rsquo;elle faire son travail ?<\/p>\n<p>C&rsquo;est un petit livre facile \u00e0 lire mais bien prenant, avec un c\u00f4t\u00e9 parfois gla\u00e7ant des faits.<\/p>\n<p>&nbsp;<\/p>\n","protected":false},"excerpt":{"rendered":"<p>C&rsquo;est au travers d&rsquo;une fiction que Marc Fernandez nous fait passer des instants graves qui se sont d\u00e9roul\u00e9s pendant de nombreuses ann\u00e9es en Espagne. Ils ont d\u00e9but\u00e9 avec Franco et ont perdur\u00e9 au-del\u00e0 de sa mort, l&rsquo;histoire des \u00ab\u00a0enfants vol\u00e9s\u00a0\u00bb. Il nous la fait vivre par le biais d&rsquo;un journaliste de radio, Diego Martin, investigateur &hellip; <a href=\"https:\/\/retirada37.com\/?p=2583\" class=\"more-link\">Continuer la lecture de <span class=\"screen-reader-text\">Mala Vida<\/span>  <span class=\"meta-nav\">&rarr;<\/span><\/a><\/p>\n","protected":false},"author":9,"featured_media":0,"comment_status":"open","ping_status":"open","sticky":false,"template":"","format":"standard","meta":{"_bbp_topic_count":0,"_bbp_reply_count":0,"_bbp_total_topic_count":0,"_bbp_total_reply_count":0,"_bbp_voice_count":0,"_bbp_anonymous_reply_count":0,"_bbp_topic_count_hidden":0,"_bbp_reply_count_hidden":0,"_bbp_forum_subforum_count":0,"footnotes":""},"categories":[2],"tags":[],"class_list":["post-2583","post","type-post","status-publish","format-standard","hentry","category-actualites"],"_links":{"self":[{"href":"https:\/\/retirada37.com\/index.php?rest_route=\/wp\/v2\/posts\/2583","targetHints":{"allow":["GET"]}}],"collection":[{"href":"https:\/\/retirada37.com\/index.php?rest_route=\/wp\/v2\/posts"}],"about":[{"href":"https:\/\/retirada37.com\/index.php?rest_route=\/wp\/v2\/types\/post"}],"author":[{"embeddable":true,"href":"https:\/\/retirada37.com\/index.php?rest_route=\/wp\/v2\/users\/9"}],"replies":[{"embeddable":true,"href":"https:\/\/retirada37.com\/index.php?rest_route=%2Fwp%2Fv2%2Fcomments&post=2583"}],"version-history":[{"count":5,"href":"https:\/\/retirada37.com\/index.php?rest_route=\/wp\/v2\/posts\/2583\/revisions"}],"predecessor-version":[{"id":2588,"href":"https:\/\/retirada37.com\/index.php?rest_route=\/wp\/v2\/posts\/2583\/revisions\/2588"}],"wp:attachment":[{"href":"https:\/\/retirada37.com\/index.php?rest_route=%2Fwp%2Fv2%2Fmedia&parent=2583"}],"wp:term":[{"taxonomy":"category","embeddable":true,"href":"https:\/\/retirada37.com\/index.php?rest_route=%2Fwp%2Fv2%2Fcategories&post=2583"},{"taxonomy":"post_tag","embeddable":true,"href":"https:\/\/retirada37.com\/index.php?rest_route=%2Fwp%2Fv2%2Ftags&post=2583"}],"curies":[{"name":"wp","href":"https:\/\/api.w.org\/{rel}","templated":true}]}}