{"id":2556,"date":"2017-08-03T14:35:27","date_gmt":"2017-08-03T13:35:27","guid":{"rendered":"http:\/\/retirada37.com\/?p=2556"},"modified":"2017-08-03T14:43:26","modified_gmt":"2017-08-03T13:43:26","slug":"jose-pellicer-gandia","status":"publish","type":"post","link":"https:\/\/retirada37.com\/?p=2556","title":{"rendered":"Jos\u00e9 Pellicer Gand\u00eda"},"content":{"rendered":"<p><em>Jos\u00e9 Pellicer Gand\u00eda, n\u00e9 le 27 avril 1912 \u00e0 El Grau (Valence, Espagne) et fusill\u00e9 par le r\u00e9gime franquiste le 8 juin 1942, est un anarchiste et anarcho-syndicaliste espagnol principalement connu pour \u00eatre le fondateur de la Colonne de fer des milices conf\u00e9d\u00e9rales durant la Guerre d&rsquo;Espagne en 1936. On le surnomme parfois le \u00ab Durruti valencien \u00bb.<\/em><img loading=\"lazy\" decoding=\"async\" src=\"https:\/\/retirada37.com\/wp-content\/uploads\/2017\/08\/800px-Jos\u00e9_Pellicer_Gand\u00eda.jpg\" alt=\"\" width=\"800\" height=\"1256\" class=\"alignnone size-full wp-image-2557\" srcset=\"https:\/\/retirada37.com\/wp-content\/uploads\/2017\/08\/800px-Jos\u00e9_Pellicer_Gand\u00eda.jpg 800w, https:\/\/retirada37.com\/wp-content\/uploads\/2017\/08\/800px-Jos\u00e9_Pellicer_Gand\u00eda-191x300.jpg 191w, https:\/\/retirada37.com\/wp-content\/uploads\/2017\/08\/800px-Jos\u00e9_Pellicer_Gand\u00eda-768x1206.jpg 768w, https:\/\/retirada37.com\/wp-content\/uploads\/2017\/08\/800px-Jos\u00e9_Pellicer_Gand\u00eda-652x1024.jpg 652w\" sizes=\"auto, (max-width: 800px) 100vw, 800px\" \/><\/p>\n<p>Jos\u00e9 Pellicer na\u00eet dans une famille ais\u00e9e. Son sens aigu de la justice se manifeste d\u00e8s son plus jeune \u00e2ge, ce qui l&rsquo;am\u00e8ne \u00e0 renoncer \u00e0 une vie bourgeoise. Grand lecteur et dot\u00e9 d&rsquo;une vaste culture, Jos\u00e9 Pellicer \u00e9tait \u00e9galement v\u00e9g\u00e9tarien et naturiste.<\/p>\n<p>Il adh\u00e8re \u00e0 l&rsquo;\u00e2ge de 18 ans aux organisations anarchistes de la CNT et de la FAI. Partisan de l\u2019insurrection prol\u00e9taire, il d\u00e9fend par l\u2019acte et la parole une conception r\u00e9volutionnaire de la lutte des classes diff\u00e9rente du syndicalisme : le Mouvement Ouvrier Anarchiste, dont le but est le communisme libertaire.<\/p>\n<p>Lorsque survient le soul\u00e8vement militaire fasciste du 17 juillet 1936, le groupe Nosotros1 (dont Jos\u00e9 Pellicer fait partie avec Segarra, Cort\u00e9s, Rodilla et Berga) est l&rsquo;\u00e9l\u00e9ment moteur de la Colonne de Fer (Columna de Hierro) aux c\u00f4t\u00e9s d&rsquo;autres anarchistes tels que Rafael Mart\u00ed (dit \u00ab\u00a0Pancho Villa\u00a0\u00bb), Francisco Mares, Diego Navarro ou Pedro Pellicer, le fr\u00e8re de Jos\u00e9.<\/p>\n<p>La Colonne de fer devient vite le symbole de ceux qui voulaient mener la r\u00e9volution jusqu&rsquo;\u00e0 ses derni\u00e8res cons\u00e9quences, tant au front qu&rsquo;\u00e0 l&rsquo;arri\u00e8re. Jos\u00e9 Pellicer fut l&rsquo;un des principaux opposants \u00e0 la bureaucratisation des organisations anarchistes CNT et FAI qui avaient d\u00e9cid\u00e9 de collaborer avec le gouvernement r\u00e9publicain. Pellicer s&rsquo;opposa \u00e9galement \u00e0 la militarisation des milices car cela portait atteinte \u00e0 leur contenu anarchiste et r\u00e9volutionnaire.<\/p>\n<p>L&rsquo;\u00e9loignement progressif de la part de la CNT et de la FAI des id\u00e9aux anarchistes au nom des n\u00e9cessit\u00e9s de la guerre am\u00e8ne Jos\u00e9 Pellicer \u00e0 entrer dans un conflit ouvert avec ces organisations. \u00c0 travers la revue Nosotros et les \u00e9ditions du m\u00eame nom, Pellicer tenta \u00e0 contre-courant de renforcer les id\u00e9es anarchistes, mais son incarc\u00e9ration dans les ge\u00f4les du SIM (le Servicio de Informaci\u00f3n Militar, les services secrets r\u00e9publicains, sorte de Gu\u00e9p\u00e9ou espagnole contr\u00f4l\u00e9e par les communistes) mit un terme \u00e0 son action.<\/p>\n<p>Lorsque la d\u00e9faite du camp r\u00e9publicain fut proche, Jos\u00e9 Pellicer refusa de quitter le territoire espagnol. Il fut captur\u00e9, jug\u00e9 et condamn\u00e9 \u00e0 mort par le r\u00e9gime franquiste. Il fut ex\u00e9cut\u00e9 avec son fr\u00e8re Pedro le 8 juin 1942 apr\u00e8s avoir endur\u00e9 de dures conditions de d\u00e9tention.<\/p>\n<p>Jos\u00e9 Pellicer est l&rsquo;exemple d&rsquo;un anarchisme intransigeant du point de vue des principes, alli\u00e9 \u00e0 une profonde \u00e9thique r\u00e9volutionnaire refusant toute violence vengeresse et gratuite.<\/p>\n<p><strong>La Colonne de fer<\/strong><\/p>\n<p>La Colonne de fer collabora avec les paysans des villages o\u00f9 elle \u00e9tait pr\u00e9sente en leur montrant comment \u00eatre libres. Les premi\u00e8res exp\u00e9riences de communisme libertaire eurent lieu \u00e0 la chaleur des combats contre les troupes fascistes (front de Teruel). Plus qu&rsquo;aucune autre, y compris la Colonne Durruti, la Colonne de fer fonctionna \u00e0 la fois comme milice de guerre et comme organisation r\u00e9volutionnaire : elle leva les actes de ses assembl\u00e9es, publia un quotidien (L\u00ednea de Fuego), r\u00e9digea des manifestes et diffusa des communiqu\u00e9s, tout cela dans le but d&rsquo;expliquer ses actions \u00e0 l&rsquo;arri\u00e8re-garde et justifier ses d\u00e9cisions devant les travailleurs et les paysans. Une telle organisation pr\u00eache par l&rsquo;exemple et laisse des preuves. C&rsquo;est une caract\u00e9ristique de la Colonne de fer que l&rsquo;historien Burnett Bolloten nota dans ses livres sur la R\u00e9volution espagnole.<\/p>\n","protected":false},"excerpt":{"rendered":"<p>Jos\u00e9 Pellicer Gand\u00eda, n\u00e9 le 27 avril 1912 \u00e0 El Grau (Valence, Espagne) et fusill\u00e9 par le r\u00e9gime franquiste le 8 juin 1942, est un anarchiste et anarcho-syndicaliste espagnol principalement connu pour \u00eatre le fondateur de la Colonne de fer des milices conf\u00e9d\u00e9rales durant la Guerre d&rsquo;Espagne en 1936. On le surnomme parfois le \u00ab &hellip; <a href=\"https:\/\/retirada37.com\/?p=2556\" class=\"more-link\">Continuer la lecture de <span class=\"screen-reader-text\">Jos\u00e9 Pellicer Gand\u00eda<\/span>  <span class=\"meta-nav\">&rarr;<\/span><\/a><\/p>\n","protected":false},"author":3,"featured_media":0,"comment_status":"open","ping_status":"open","sticky":false,"template":"","format":"standard","meta":{"_bbp_topic_count":0,"_bbp_reply_count":0,"_bbp_total_topic_count":0,"_bbp_total_reply_count":0,"_bbp_voice_count":0,"_bbp_anonymous_reply_count":0,"_bbp_topic_count_hidden":0,"_bbp_reply_count_hidden":0,"_bbp_forum_subforum_count":0,"footnotes":""},"categories":[2,14],"tags":[],"class_list":["post-2556","post","type-post","status-publish","format-standard","hentry","category-actualites","category-histoire"],"_links":{"self":[{"href":"https:\/\/retirada37.com\/index.php?rest_route=\/wp\/v2\/posts\/2556","targetHints":{"allow":["GET"]}}],"collection":[{"href":"https:\/\/retirada37.com\/index.php?rest_route=\/wp\/v2\/posts"}],"about":[{"href":"https:\/\/retirada37.com\/index.php?rest_route=\/wp\/v2\/types\/post"}],"author":[{"embeddable":true,"href":"https:\/\/retirada37.com\/index.php?rest_route=\/wp\/v2\/users\/3"}],"replies":[{"embeddable":true,"href":"https:\/\/retirada37.com\/index.php?rest_route=%2Fwp%2Fv2%2Fcomments&post=2556"}],"version-history":[{"count":1,"href":"https:\/\/retirada37.com\/index.php?rest_route=\/wp\/v2\/posts\/2556\/revisions"}],"predecessor-version":[{"id":2558,"href":"https:\/\/retirada37.com\/index.php?rest_route=\/wp\/v2\/posts\/2556\/revisions\/2558"}],"wp:attachment":[{"href":"https:\/\/retirada37.com\/index.php?rest_route=%2Fwp%2Fv2%2Fmedia&parent=2556"}],"wp:term":[{"taxonomy":"category","embeddable":true,"href":"https:\/\/retirada37.com\/index.php?rest_route=%2Fwp%2Fv2%2Fcategories&post=2556"},{"taxonomy":"post_tag","embeddable":true,"href":"https:\/\/retirada37.com\/index.php?rest_route=%2Fwp%2Fv2%2Ftags&post=2556"}],"curies":[{"name":"wp","href":"https:\/\/api.w.org\/{rel}","templated":true}]}}