{"id":2458,"date":"2017-06-03T08:41:16","date_gmt":"2017-06-03T07:41:16","guid":{"rendered":"http:\/\/retirada37.com\/?p=2458"},"modified":"2017-06-03T08:42:33","modified_gmt":"2017-06-03T07:42:33","slug":"solidarite-internationale-antifasciste","status":"publish","type":"post","link":"https:\/\/retirada37.com\/?p=2458","title":{"rendered":"Solidarit\u00e9 internationale antifasciste"},"content":{"rendered":"<p>Solidarit\u00e9 internationale antifasciste, en espagnol Solidaridad Internacional Antifascista (SIA), est fond\u00e9e en Espagne, le 27 mai 1937, par la Conf\u00e9d\u00e9ration nationale du travail (CNT) avec les autres organisations libertaires, la F\u00e9d\u00e9ration anarchiste ib\u00e9rique (FAI) et la F\u00e9d\u00e9ration ib\u00e9rique des jeunesses libertaires (FIJL), composantes du Mouvement libertaire.<\/p>\n<p>\u00c0 la fois organisme humanitaire et politique en faveur de l&rsquo;anarchisme, SIA est con\u00e7ue comme une r\u00e9ponse \u00e0 la mainmise des communistes et de leurs organisations (le Secours rouge notamment) sur la vie publique et politique lors de la guerre d\u2019Espagne.<\/p>\n<p>Pour compenser la faiblesse du mouvement libertaire hors d\u2019Espagne et donc le manque d\u2019appuis internationaux pour la CNT, la d\u00e9cision officielle de cr\u00e9er une organisation de solidarit\u00e9 internationale est prise par le pl\u00e9num national de la centrale anarcho-syndicaliste \u00e0 Valence le 15 avril 1937.<\/p>\n<p>SIA est effectivement cr\u00e9\u00e9e en juin2, apr\u00e8s les affrontements des journ\u00e9es de mai 1937 \u00e0 Barcelone qui opposent, d&rsquo;une part les anarchistes et des groupes communistes anti-staliniens partisans de la R\u00e9volution sociale et d&rsquo;autre part l&rsquo;Etat r\u00e9publicain, la G\u00e9n\u00e9ralit\u00e9 de Catalogne et des groupes politiques socialistes et communistes.<br \/>\n<img loading=\"lazy\" decoding=\"async\" src=\"https:\/\/retirada37.com\/wp-content\/uploads\/2017\/06\/Affiche_SIA_1937-1938.jpg\" alt=\"\" width=\"282\" height=\"400\" class=\"alignnone size-full wp-image-2459\" srcset=\"https:\/\/retirada37.com\/wp-content\/uploads\/2017\/06\/Affiche_SIA_1937-1938.jpg 282w, https:\/\/retirada37.com\/wp-content\/uploads\/2017\/06\/Affiche_SIA_1937-1938-212x300.jpg 212w\" sizes=\"auto, (max-width: 282px) 100vw, 282px\" \/><br \/>\nCon\u00e7ue d\u00e8s le d\u00e9part comme une organisation humanitaire ayant pour but de soutenir le mouvement libertaire espagnol et la r\u00e9volution sociale, SIA est pendant toute la guerre d&rsquo;Espagne un moyen de diffusion des id\u00e9es anarchistes.<\/p>\n<p>Pour le Mouvement Libertaire Espagnol (Movimiento Libertario Espa\u00f1ol &#8211; MLE), cette structure doit permettre de combler le besoin vital qu\u2019a la CNT de trouver des soutiens \u00e0 l\u2019\u00e9tranger pour contrer politiquement l\u2019Internationale communiste et am\u00e9liorer son approvisionnement en armes, mat\u00e9riel m\u00e9dical, vivres, etc. M\u00eame si la CNT fait partie d\u2019une organisation internationale, l\u2019Association internationale des travailleurs, cette derni\u00e8re n\u2019a que tr\u00e8s peu d\u2019influence et de marge de man\u0153uvre pour l\u2019aider.<\/p>\n<p>La cr\u00e9ation de la SIA, une fois vot\u00e9e et d\u00e9cid\u00e9e par la CNT commence par la mise en place des sections locales, tout d\u2019abord en Espagne. D\u00e8s le 5 juin 1937, des groupes sont constitu\u00e9s avec l\u2019appui du mouvement libertaire.<\/p>\n<p>En quelques mois, SIA va regrouper des milliers d\u2019adh\u00e9rents (plus de 150000 ?) et de groupes (plus de 400 en Espagne r\u00e9publicaine ?).<\/p>\n<p><strong>Actions humanitaires<\/strong><\/p>\n<p>Si la SIA est d&rsquo;abord cr\u00e9\u00e9e comme moyen politique au service du mouvement libertaire, elle est rapidement amen\u00e9e \u00e0 intervenir sur le terrain afin de pallier le manque d\u2019efficacit\u00e9 des organismes d\u00e9j\u00e0 en place.<\/p>\n<p>Entre juin 1937 et janvier 1939, les sections h\u00f4pital et sanitaire de la SIA sont pr\u00e9sentes, tant au Front qu\u2019\u00e0 l\u2019arri\u00e8re. Reconnues par l\u2019\u00c9tat-major r\u00e9publicain et le gouvernement de Valence, des brigades de sauvetage au Front assurent le transport des bless\u00e9s des zones de combat \u00e0 l\u2019arri\u00e8re, et apportent les premiers secours aux combattants. Elles sont compos\u00e9es de volontaires, m\u00e9decins, infirmi\u00e8res, brancardiers. Cette action sur le Front, se double d\u2019une action \u00e0 l\u2019arri\u00e8re en faveur des combattants. Un hospice pour les bless\u00e9s de guerre est cr\u00e9\u00e9 et la SIA g\u00e8re, en commun avec la CNT, quatre h\u00f4pitaux militaires en Catalogne. Leur approvisionnement est assur\u00e9 par l\u2019organisation.<\/p>\n<p>En ce qui concerne l\u2019aide des sections sanitaires et hospitali\u00e8res aux civils, elle est surtout marqu\u00e9e par la constitution d\u2019une brigade de volontaires \u00e9quip\u00e9s de mat\u00e9riel m\u00e9dical et de recherche pour porter secours aux civils victimes de bombardements. C\u2019est le service d\u2019action sociale de la SIA qui effectue la plus grosse partie du travail de solidarit\u00e9 : envoi de colis pour les combattants et les civils, ouverture et gestion de lieux publics (casa de dormir, qui correspondent \u00e0 des foyers d\u2019h\u00e9bergement, restaurant du milicien, restaurants populaires, etc.), mais aussi distribution de nourriture, de v\u00eatements, de repas. Cette action sociale est large et d\u00e9pend des sections locales qui l\u2019organisent selon les besoins et les forces disponibles. L&rsquo;organisation g\u00e8re \u00e9galement la distribution les dons venant de l\u2019\u00e9tranger.<\/p>\n<p>Pour aider les enfants orphelins ou r\u00e9fugi\u00e9s, la SIA a ouvert trois garderies \u00e0 Barcelone, un foyer \u00e0 Badalone install\u00e9 dans un ancien couvent et des colonies \u00e0 Masnou, Rabos, Cervera, Beguda Alta, Esparraguera, Sabadell (Catalogne) et deux foyers pour enfants \u00e0 Madrid.<\/p>\n<p><strong>Solidarit\u00e9 internationale<\/strong><\/p>\n<p>Organisation politico-humanitaire, ayant une action non n\u00e9gligeable en Espagne, la SIA est aussi une organisation internationale.<\/p>\n<p>De sa cr\u00e9ation, en juin 1937, aux premiers mois de 1939, un certain nombre de sections \u00e9trang\u00e8res voient le jour. Les premi\u00e8res sections \u00e0 \u00eatre cr\u00e9\u00e9es, avant la fin 1937, sont les sections fran\u00e7aise, su\u00e9doise, britannique, portugaise et nord-africaine.<\/p>\n<p>Le 30 octobre 1937, \u00e0 Paris. Lors du congr\u00e8s de l&rsquo;Union Anarchiste, le Comit\u00e9 pour l&rsquo;Espagne Libre cr\u00e9\u00e9 par Louis Lecoin, Nicolas Faucier, Pierre Od\u00e9on et Pierre Le Meillour se transforme (\u00e0 la demande de la CNT-FAI) en section fran\u00e7aise de Solidarit\u00e9 internationale antifasciste et \u00e9dite, \u00e0 partir du 10 novembre 1938, l&rsquo;hebdomadaire du m\u00eame nom SIA. La section fran\u00e7aise compte 15000 adh\u00e9rents et son journal, 5500 abonn\u00e9s, en f\u00e9vrier 1939. Elle organise l\u2019envoi de vivres, d&rsquo;argent et de m\u00e9dicaments au profit des libertaires espagnols. Le produit des souscriptions lui permet d\u2019entretenir une colonie d\u2019orphelins \u00e0 Llan\u00e7\u00e0 non loin de la fronti\u00e8re fran\u00e7aise. Mais ses activit\u00e9s ne se limitent pas \u00e0 ces actions d\u2019ordre humanitaire, elle organise \u00e9galement l\u2019exp\u00e9dition d\u2019armes et de munitions \u00e0 l\u2019intention des anarchistes espagnols qui en manquent cruellement. Le journal est interdit par le gouvernement en avril 1939.<\/p>\n<p>La section nord-africaine ne concerne que la partie espagnole du Maroc d\u2019o\u00f9 une partie de la r\u00e9bellion nationaliste est partie et est cr\u00e9\u00e9e par des militants de la CNT entr\u00e9s en clandestinit\u00e9 et qui se r\u00e9fugient dans les territoires fran\u00e7ais pour \u00e9chapper aux troupes nationalistes.<\/p>\n<p>Dans le Portugal d&rsquo;Ant\u00f3nio de Oliveira Salazar, la section ne peut avoir qu\u2019une activit\u00e9 clandestine. M\u00eame si elles existent sur le papier, la cr\u00e9ation de ces sections est donc plus un effet d\u2019annonce qu\u2019une existence et une implantation r\u00e9elle.<\/p>\n<p>Au Royaume-Uni, Emma Goldman, fait partie du conseil d\u2019honneur de la SIA, est sollicit\u00e9e pour constituer autour d\u2019elle une section britannique.<\/p>\n<p>En Su\u00e8de, c&rsquo;est la centrale anarcho-syndicaliste Sveriges Arbetares Centralorganisation qui fonde la section.<\/p>\n<p>En janvier 1938, la section am\u00e9ricaine est cr\u00e9\u00e9e autour du syndicaliste et th\u00e9oricien allemand exil\u00e9 aux \u00c9tats-Unis, Rudolf Rocker.<\/p>\n<p>Dans le premier semestre 1938, des sections sont cr\u00e9\u00e9es en Argentine, au Chili, au Mexique et en Uruguay. Dans ces pays hispanophones, ce sont souvent des militants exil\u00e9s de la CNT, inform\u00e9s par le biais de leurs anciens camarades, qui sont \u00e0 l&rsquo;initiative.<\/p>\n<p>En Chine, c\u2019est autour de Chang-Ching-Chiu, qui a effectu\u00e9 plusieurs s\u00e9jours en Europe, que se forme la SIA locale.<\/p>\n<p>Aux Pays-Bas, c\u2019est Harm Kolthek, militant anarcho-syndicaliste, qui fonde la section hollandaise.<\/p>\n<p>En Australie, ce sont d\u2019anciens militants de la CNT et de la FAI, exil\u00e9s apr\u00e8s la r\u00e9pression de la gr\u00e8ve dans les Asturies en 1934, qui cr\u00e9ent des sections \u00e0 Melbourne et Sidney en mars 1938.<\/p>\n<p>En tout, il existe fin juin 1938 treize sections nationales de la SIA.<\/p>\n<p>Le 1er novembre 1938, lors de la r\u00e9union internationale de la SIA tenue \u00e0 Paris, est mentionn\u00e9 l\u2019existence d\u2019une section polonaise ainsi que de sections palestinienne, canadienne et japonaise en cr\u00e9ation auxquelles il faut ajouter celles de Cuba et Honolulu, qui ne fait pas encore officiellement partie des \u00c8tats-Unis.<\/p>\n<p>Au d\u00e9but de l\u2019ann\u00e9e 1939, en a peine plus d\u2019un an d\u2019existence, la SIA est une organisation qui revendique des sections dans une vingtaine de pays, r\u00e9parties sur les cinq continents.<\/p>\n<p><strong>Renaissance en 1945<\/strong><\/p>\n<p>Apr\u00e8s la Deuxi\u00e8me Guerre mondiale, mi-juin 1945, Solidarit\u00e9 internationale antifasciste (en exil) est reconstitu\u00e9e \u00e0 Toulouse par des r\u00e9fugi\u00e9s espagnols.<\/p>\n<p>La section belge est fond\u00e9e le 18 mai 1946 et rassemble des anti-fascistes anti-staliniens (voir Anarchisme en Belgique). L\u2019association organise la d\u00e9fense des demandeurs d\u2019asile qui ont fui leur pays et les r\u00e9gimes autoritaires. Elle constitue un lieu de rencontre pour les immigr\u00e9s dont les nombreux espagnols anarcho-syndicalistes de la CNT en exil.<\/p>\n<p><strong>Personnalit\u00e9s<\/strong><\/p>\n<p>En Espagne<\/p>\n<p>    En 1937, Lucia Sanchez Saornil, est secr\u00e9taire de presse et propagande de la SIA. L\u2019ann\u00e9e suivante elle est secr\u00e9taire du Conseil Mondial de SIA et en mai est nomm\u00e9e secr\u00e9taire national. Elle fait pendant toute cette p\u00e9riode de fr\u00e9quents voyages en France pour y recueillir vivres et aides.<br \/>\n    En juillet 1937, Pedro Herrera Camareto est le secr\u00e9taire du Comit\u00e9 national de la SIA16.<br \/>\n    En 1939, Mateo Baruta Vila (1901-1980), est le secr\u00e9taire national de SIA.<br \/>\n    Ren\u00e9e Lamberet d\u00e9veloppe une intense activit\u00e9 au sein de la SIA, notamment avec la colonie d\u2019enfant Spartaco organis\u00e9e \u00e0 Ajentona par le syndicat CNT des chemins de fer et la colonie organis\u00e9e \u00e0 Llan\u00e7\u00e0 pour accueillir des enfants r\u00e9fugi\u00e9s du Pays Basque, des Asturies et du front de Madrid4,.<\/p>\n<p>En France<\/p>\n<p>    Edgar Morin : \u00ab Mon premier acte politique fut d\u2019int\u00e9grer une organisation libertaire, Solidarit\u00e9 internationale antifasciste, pour pr\u00e9parer des colis \u00e0 destination de l\u2019Espagne r\u00e9publicaine. \u00bb<br \/>\n    En 1937, Fernand Vintrigner, g\u00e9rant du journal SIA, organe de la section fran\u00e7aise.<br \/>\n    Nicolas Faucier, tr\u00e9sorier, en 1937, de la section fran\u00e7aise.<br \/>\n    Jean Roumilhac, premier pr\u00e9sident, en 1937, de la section fran\u00e7aise<br \/>\n    Louis Lecoin, secr\u00e9taire, en 1937, de la section fran\u00e7aise.<br \/>\n    Henri Jeanson,.<br \/>\n    Robert Louzon.<br \/>\n    Ren\u00e9 Lochu<br \/>\n    Paul Reclus participe, en 1937, \u00e0 la Solidarit\u00e9 internationale antifasciste.<br \/>\n    Fin 1944, Jean-Ren\u00e9 Sauli\u00e8re r\u00e9organise la SIA dont il devient le secr\u00e9taire g\u00e9n\u00e9ral.<br \/>\n    \u00c9milienne Morin<\/p>\n<p>En Belgique<\/p>\n<p>    Jean De Bo\u00eb est parmi les fondateurs de la section belge.<\/p>\n<p>Citation<\/p>\n<p>\u00ab <em>La SIA espagnole demande au peuple fran\u00e7ais solidarit\u00e9 compl\u00e8te pour aider \u00e0 \u00e9vacuer la population des zones d\u2019op\u00e9rations o\u00f9 l\u2019arm\u00e9e de la libert\u00e9 r\u00e9siste h\u00e9ro\u00efquement devant l\u2019avalanche barbare. Nous prions la France r\u00e9publicaine, la France issue de 1789, de recevoir nos enfants, nos vieillards, nos femmes et de leur faire bon accueil. Ils le m\u00e9ritent. Mille et mille fois merci<\/em> \u00bb &#8211; T\u00e9l\u00e9gramme envoy\u00e9 par Mateo Baruta Vila et Lucia Sanchez Saornil au nom de la SIA, 26 janvier 1939.<\/p>\n<p><strong>Commentaire<\/strong><\/p>\n<p>Selon l&rsquo;historien Valentin Cionini : \u00ab <em>\u00c9manation du MLE, la SIA est destin\u00e9e \u00e0 apporter un soutien politique et mat\u00e9riel aux anti-autoritaires espagnols sous couvert d\u2019actions de solidarit\u00e9. Pourtant, les r\u00e9alit\u00e9s de la guerre am\u00e8nent la SIA \u00e0 \u00e9voluer. Que cela soit dans ses objectifs, ses m\u00e9thodes, cette \u00e9volution laisse peu \u00e0 peu au second plan l\u2019id\u00e9ologie, pour d\u00e9velopper l\u2019acte de solidarit\u00e9. Mais m\u00eame en recentrant son action sur la solidarit\u00e9 en faveur des victimes de la guerre, la SIA n\u2019oublie pas que cette aide doit \u00eatre apport\u00e9e en priorit\u00e9 \u00e0 son propre camp. A aucun moment des actions de secours en faveur des nationalistes ne sont envisag\u00e9es. La SIA r\u00e9serve ses activit\u00e9s au camp r\u00e9publicain. Cette s\u00e9lectivit\u00e9 est importante dans la construction de la SIA. Pour des raisons mat\u00e9rielles, id\u00e9ologiques, le refus de secourir ceux qui ne sont pas de son c\u00f4t\u00e9 forge son identit\u00e9. [&#8230;] Construite par le mouvement libertaire en Espagne et dans les autres pays o\u00f9 elle a une section, la SIA ne se d\u00e9tache \u00e0 aucun moment de celui-ci. Il lui est difficile de couper les liens qu\u2019elle entretient avec un mouvement qui a tout fait pour la mettre sur les rails et l\u2019imposer dans le paysage de l\u2019aide internationale [&#8230;] qui voi[en]t dans la SIA la structure internationale qui leur manque face au d\u00e9veloppement des organisations communistes.<\/em> \u00bb<\/p>\n","protected":false},"excerpt":{"rendered":"<p>Solidarit\u00e9 internationale antifasciste, en espagnol Solidaridad Internacional Antifascista (SIA), est fond\u00e9e en Espagne, le 27 mai 1937, par la Conf\u00e9d\u00e9ration nationale du travail (CNT) avec les autres organisations libertaires, la F\u00e9d\u00e9ration anarchiste ib\u00e9rique (FAI) et la F\u00e9d\u00e9ration ib\u00e9rique des jeunesses libertaires (FIJL), composantes du Mouvement libertaire. \u00c0 la fois organisme humanitaire et politique en faveur &hellip; <a href=\"https:\/\/retirada37.com\/?p=2458\" class=\"more-link\">Continuer la lecture de <span class=\"screen-reader-text\">Solidarit\u00e9 internationale antifasciste<\/span>  <span class=\"meta-nav\">&rarr;<\/span><\/a><\/p>\n","protected":false},"author":3,"featured_media":0,"comment_status":"open","ping_status":"open","sticky":false,"template":"","format":"standard","meta":{"_bbp_topic_count":0,"_bbp_reply_count":0,"_bbp_total_topic_count":0,"_bbp_total_reply_count":0,"_bbp_voice_count":0,"_bbp_anonymous_reply_count":0,"_bbp_topic_count_hidden":0,"_bbp_reply_count_hidden":0,"_bbp_forum_subforum_count":0,"footnotes":""},"categories":[14],"tags":[],"class_list":["post-2458","post","type-post","status-publish","format-standard","hentry","category-histoire"],"_links":{"self":[{"href":"https:\/\/retirada37.com\/index.php?rest_route=\/wp\/v2\/posts\/2458","targetHints":{"allow":["GET"]}}],"collection":[{"href":"https:\/\/retirada37.com\/index.php?rest_route=\/wp\/v2\/posts"}],"about":[{"href":"https:\/\/retirada37.com\/index.php?rest_route=\/wp\/v2\/types\/post"}],"author":[{"embeddable":true,"href":"https:\/\/retirada37.com\/index.php?rest_route=\/wp\/v2\/users\/3"}],"replies":[{"embeddable":true,"href":"https:\/\/retirada37.com\/index.php?rest_route=%2Fwp%2Fv2%2Fcomments&post=2458"}],"version-history":[{"count":6,"href":"https:\/\/retirada37.com\/index.php?rest_route=\/wp\/v2\/posts\/2458\/revisions"}],"predecessor-version":[{"id":2465,"href":"https:\/\/retirada37.com\/index.php?rest_route=\/wp\/v2\/posts\/2458\/revisions\/2465"}],"wp:attachment":[{"href":"https:\/\/retirada37.com\/index.php?rest_route=%2Fwp%2Fv2%2Fmedia&parent=2458"}],"wp:term":[{"taxonomy":"category","embeddable":true,"href":"https:\/\/retirada37.com\/index.php?rest_route=%2Fwp%2Fv2%2Fcategories&post=2458"},{"taxonomy":"post_tag","embeddable":true,"href":"https:\/\/retirada37.com\/index.php?rest_route=%2Fwp%2Fv2%2Ftags&post=2458"}],"curies":[{"name":"wp","href":"https:\/\/api.w.org\/{rel}","templated":true}]}}