{"id":203,"date":"2015-04-27T17:01:06","date_gmt":"2015-04-27T16:01:06","guid":{"rendered":"http:\/\/retirada37.com\/?p=203"},"modified":"2015-04-29T13:15:07","modified_gmt":"2015-04-29T12:15:07","slug":"rencontre-debat-du-mardi-21-avril-avec-evelyn-mesquida-sur-la-nueve","status":"publish","type":"post","link":"https:\/\/retirada37.com\/?p=203","title":{"rendered":"Rencontre-d\u00e9bat du mardi 21 avril avec Evelyn MESQUIDA sur La Nueve."},"content":{"rendered":"<p><strong>Une soir\u00e9e r\u00e9ussie, instructive et conviviale.<\/strong><\/p>\n<p>La rencontre d\u00e9bat du 21 avril 2015, \u00e0 18h aux Halles de Tours, \u00e9tait la premi\u00e8re activit\u00e9 publique organis\u00e9e par notre association depuis sa cr\u00e9ation en d\u00e9cembre 2014.<\/p>\n<p>Environ 80 personnes ont assist\u00e9 \u00e0 cette soir\u00e9e o\u00f9 l\u2019invit\u00e9e \u00e9tait Evelyn MESQUIDA journaliste espagnole et \u00e9crivain, auteure du livre \u00ab\u00a0La Nueve\u00a0\u00bb, cette compagnie de soldats r\u00e9publicains espagnols, de la division Leclerc, qui sont entr\u00e9s les premiers \u00e0 Paris pour lib\u00e9rer la capitale le 24 aout 1944.<\/p>\n<p>Luis a d\u2019abord pr\u00e9sent\u00e9 notre association, la gen\u00e8se de sa cr\u00e9ation, ses futurs projets et invit\u00e9 les nouveaux participants int\u00e9ress\u00e9s \u00e0 adh\u00e9rer.<\/p>\n<p>Evelyn a ensuite pr\u00e9sent\u00e9 et fait une synth\u00e8se de son livre qu\u2019elle a \u00e9t\u00e9 amen\u00e9e \u00e0 \u00e9crire presque par hasard puisque c\u2019est en travaillant en 1998 sur les camps de r\u00e9fugi\u00e9s du littoral qu\u2019un espagnol lui a montr\u00e9 une photo de La Nueve dont elle ignorait l\u2019existence, comme beaucoup, car oubli\u00e9s par l\u2019histoire officielle.<\/p>\n<p>Elle a alors d\u00e9cid\u00e9 d\u2019\u00e9crire l\u2019histoire des hommes qui constituaient cette compagnie si particuli\u00e8re, ces anciens combattants de la R\u00e9publique espagnole issus notamment des mouvements libertaires et des diverses tendances combattant le fascisme.<\/p>\n<p>Elle a r\u00e9ussi \u00e0 retrouver neuf anciens de La Nueve qui ont surv\u00e9cu et dont elle a recueilli les t\u00e9moignages.<\/p>\n<p>Elle \u00e9voque \u00e9galement les principaux acteurs fran\u00e7ais de cette p\u00e9riode, dont le g\u00e9n\u00e9ral de Gaulle, le g\u00e9n\u00e9ral Leclerc et le capitaine Dronne qui commandait cette compagnie.<\/p>\n<p>Elle d\u00e9veloppe en particulier l\u2019\u00e9tonnant respect r\u00e9ciproque que partageaient ces hommes et le g\u00e9n\u00e9ral Leclerc (Philippe de Hauteclocque de son vrai nom), grand aristocrate fran\u00e7ais.<\/p>\n<p>Les participants ont pu ensuite \u00e9changer avec Evelyn. Plusieurs questions ont port\u00e9 sur le contexte de l\u2019\u00e9poque de la lib\u00e9ration et des ann\u00e9es \u00ab\u00a0gaullistes\u00a0\u00bb qui ont suivi, durant lesquelles ces \u00e9v\u00e8nements ont \u00e9t\u00e9 quelque peu \u00ab\u00a0oubli\u00e9s\u00a0\u00bb.<\/p>\n<p>La soir\u00e9e s\u2019est termin\u00e9e par un pot dinatoire de l\u2019amiti\u00e9, autour de boissons et de plats espagnols pr\u00e9par\u00e9s par certains participants.<\/p>\n<p>Merci \u00e0 tous.<\/p>\n<p>Merci \u00e0 Evelyn MESQUIDA pour sa venue, sa gentillesse et sa pr\u00e9sentation tr\u00e8s int\u00e9ressante.<\/p>\n<p><a href=\"http:\/\/www.cherche-midi.com\/theme\/La_Nueve,_24_aout_1944-Evelyn_MESQUIDA_-9782749120461.html\" target=\"_blank\">http:\/\/www.cherche-midi.com\/theme\/La_Nueve,_24_aout_1944-Evelyn_MESQUIDA_-9782749120461.html<\/a><\/p>\n","protected":false},"excerpt":{"rendered":"<p>Une soir\u00e9e r\u00e9ussie, instructive et conviviale. La rencontre d\u00e9bat du 21 avril 2015, \u00e0 18h aux Halles de Tours, \u00e9tait la premi\u00e8re activit\u00e9 publique organis\u00e9e par notre association depuis sa cr\u00e9ation en d\u00e9cembre 2014. Environ 80 personnes ont assist\u00e9 \u00e0 cette soir\u00e9e o\u00f9 l\u2019invit\u00e9e \u00e9tait Evelyn MESQUIDA journaliste espagnole et \u00e9crivain, auteure du livre \u00ab\u00a0La &hellip; <a href=\"https:\/\/retirada37.com\/?p=203\" class=\"more-link\">Continuer la lecture de <span class=\"screen-reader-text\">Rencontre-d\u00e9bat du mardi 21 avril avec Evelyn MESQUIDA sur La Nueve.<\/span>  <span class=\"meta-nav\">&rarr;<\/span><\/a><\/p>\n","protected":false},"author":1,"featured_media":0,"comment_status":"open","ping_status":"open","sticky":false,"template":"","format":"standard","meta":{"_bbp_topic_count":0,"_bbp_reply_count":0,"_bbp_total_topic_count":0,"_bbp_total_reply_count":0,"_bbp_voice_count":0,"_bbp_anonymous_reply_count":0,"_bbp_topic_count_hidden":0,"_bbp_reply_count_hidden":0,"_bbp_forum_subforum_count":0,"footnotes":""},"categories":[2],"tags":[],"class_list":["post-203","post","type-post","status-publish","format-standard","hentry","category-actualites"],"_links":{"self":[{"href":"https:\/\/retirada37.com\/index.php?rest_route=\/wp\/v2\/posts\/203","targetHints":{"allow":["GET"]}}],"collection":[{"href":"https:\/\/retirada37.com\/index.php?rest_route=\/wp\/v2\/posts"}],"about":[{"href":"https:\/\/retirada37.com\/index.php?rest_route=\/wp\/v2\/types\/post"}],"author":[{"embeddable":true,"href":"https:\/\/retirada37.com\/index.php?rest_route=\/wp\/v2\/users\/1"}],"replies":[{"embeddable":true,"href":"https:\/\/retirada37.com\/index.php?rest_route=%2Fwp%2Fv2%2Fcomments&post=203"}],"version-history":[{"count":7,"href":"https:\/\/retirada37.com\/index.php?rest_route=\/wp\/v2\/posts\/203\/revisions"}],"predecessor-version":[{"id":211,"href":"https:\/\/retirada37.com\/index.php?rest_route=\/wp\/v2\/posts\/203\/revisions\/211"}],"wp:attachment":[{"href":"https:\/\/retirada37.com\/index.php?rest_route=%2Fwp%2Fv2%2Fmedia&parent=203"}],"wp:term":[{"taxonomy":"category","embeddable":true,"href":"https:\/\/retirada37.com\/index.php?rest_route=%2Fwp%2Fv2%2Fcategories&post=203"},{"taxonomy":"post_tag","embeddable":true,"href":"https:\/\/retirada37.com\/index.php?rest_route=%2Fwp%2Fv2%2Ftags&post=203"}],"curies":[{"name":"wp","href":"https:\/\/api.w.org\/{rel}","templated":true}]}}