{"id":19307,"date":"2026-04-30T01:06:58","date_gmt":"2026-04-30T00:06:58","guid":{"rendered":"https:\/\/retirada37.com\/?p=19307"},"modified":"2026-04-29T11:09:28","modified_gmt":"2026-04-29T10:09:28","slug":"27-avril-2026-paco-ibanez-au-theatre-royal-de-madrid","status":"publish","type":"post","link":"https:\/\/retirada37.com\/?p=19307","title":{"rendered":"27 avril 2026 : PACO IBA\u00d1EZ AU TH\u00c9\u00c2TRE ROYAL DE MADRID"},"content":{"rendered":"<p><strong>PACO IBA\u00d1EZ ALLUME UN PHARE DE R\u00c9SISTANCE CONTRE LA BARBARIE<\/strong><\/p>\n<p>\u00c0 91 ans, l&rsquo;artiste \u2013 une l\u00e9gende vivante de la r\u00e9sistance espagnole au fascisme \u2013 a montr\u00e9 que le temps peut ab\u00eemer ses articulations et le forcer \u00e0 monter sur sc\u00e8ne au bras de son guitariste ins\u00e9parable Mario Mas, mais qu&rsquo;il est incapable de lui voler un brin d&rsquo;engagement politique ni de fl\u00e9chir sa confiance dans les \u00eatres humains.<\/p>\n<p>\u00ab C&rsquo;est pourquoi je le dis encore une fois : que personne ne pense ou ne crie \u201cJe n&rsquo;en peux plus et je reste ici\u201d. Mieux vaut les regarder en face et dire haut et fort : \u201cD\u00e9gagez, fils de hy\u00e8nes, nous sommes des millions et la plan\u00e8te n&rsquo;est pas \u00e0 vous\u201d \u00bb : c\u2019est par ces mots enregistr\u00e9s du po\u00e8te Jos\u00e9 Agust\u00edn Goytisolo, que le concert a d\u00e9but\u00e9. Ensuite, le chanteur-compositeur a donn\u00e9 des noms \u00e0 ceux qui pensent que le monde leur appartient et a qualifi\u00e9 le pr\u00e9sident Donald Trump de \u00ab\u00a0satrape am\u00e9ricain\u00a0\u00bb et de \u00ab\u00a0b\u00eates sauvages\u201d les dirigeants Isra\u00e9liens qui attaquent le peuple palestinien.<\/p>\n<p>Paco Ib\u00e1\u00f1ez, qui dans ses concerts donne g\u00e9n\u00e9ralement sa voix \u00e0 des po\u00e8tes de diff\u00e9rentes latitudes et langues, a chant\u00e9 en espagnol, basque et galicien. Les po\u00e8tes hispanophones des deux c\u00f4t\u00e9s de l&rsquo;Atlantique ont \u00e9t\u00e9 les plus pr\u00e9sents, d&rsquo;Antonio Machado \u00e0 Federico Garc\u00eda Lorca, en passant par Fanny Rubio et Nicol\u00e1s Guill\u00e9n.<\/p>\n<p>De ce dernier, il a interpr\u00e9t\u00e9 \u00ab\u00a0Soldadito boliviano\u00a0\u00bb, une chanson dont le vers \u00ab\u00a0Un fr\u00e8re ne tue pas son fr\u00e8re\u00a0\u00bb (qui fait r\u00e9f\u00e9rence \u00e0 Che Guevara) a \u00e9t\u00e9 largement applaudi.<\/p>\n<p>Puis Sole\u00e1 Morente, fille du c\u00e9l\u00e8bre chanteur flamenco Enrique Morente, est entr\u00e9e en sc\u00e8ne, qui a montr\u00e9 art et lign\u00e9e dans son interpr\u00e9tation de \u201cNana de la mora\u201d de Jos\u00e9 \u00c1ngel Valente et de \u201cDolor\u201d d&rsquo;Alfonsina Storni, mis en musique par Paco Iba\u00f1ez. \u201cQuelle chance la vie m\u2019a donn\u00e9e d&rsquo;h\u00e9riter de mon p\u00e8re ses amis magiques !\u201d a dit la chanteuse avant de c\u00e9der la place \u00e0 l&rsquo;accord\u00e9oniste Joxan Goikoetxea et \u00e0 l&rsquo;inventeur d&rsquo;instruments Pep Pascual.<\/p>\n<p>L&rsquo;un des moments les plus \u00e9mouvants du concert a \u00e9t\u00e9 lorsque le public qui remplissait le Teatro Real a repris \u00e0 l&rsquo;unisson, avec Paco Ib\u00e1\u00f1ez, \u201cAndaluces de Ja\u00e9n\u201d, le po\u00e8me de Miguel Hern\u00e1ndez [mort pendant la guerre civile].<\/p>\n<p>Mais les applaudissements les plus longs et l&rsquo;ovation la plus sinc\u00e8re sont all\u00e9s \u00e0 \u00ab\u00a0A galopar\u00a0\u00bb, de Rafael Alberti, o\u00f9 Paco Iba\u00f1ez a \u00e9t\u00e9 rejoint au chant par Sole\u00e1 Morente, Joxan Goikoetxea, Pep Pascual et l\u2019ensemble des spectateurs, dans une catharsis collective qui rappelait beaucoup un pass\u00e9 commun, mais tenait aussi de l&rsquo;espoir d&rsquo;un avenir meilleur.<\/p>\n<p>Paco Ib\u00e1\u00f1ez donne de moins en moins de concerts, et ne reste plus debout deux heures d\u2019affil\u00e9e avec la guitare pos\u00e9e sur sa jambe comme il l\u2019a fait depuis soixante-dix ans ; il chante d\u00e9sormais assis la plupart du temps et a besoin de lunettes pour lire les partitions, mais sa voix continue d\u2019\u00eatre essentielle pour beaucoup.<\/p>\n<p>\u00ab Jusqu\u2019\u00e0 toujours !\u201d a-t-il lanc\u00e9 en guise d\u2019au revoir, laissant la sc\u00e8ne vide mais \u00e9clair\u00e9e avec cette phrase en arri\u00e8re-plan : \u201cIl nous reste la parole\u201d [Nos queda la palabra], accompagn\u00e9e des photographies des po\u00e8tes universels qu&rsquo;il a mis en musique.<br \/>\n(Par Rosa D\u00edaz, EFE)<br \/>\n_____<\/p>\n<p>\u2013 Andaluces de Jaen (Miguel Hernandez) :<a href=\"https:\/\/youtu.be\/_azN-kqU7nE\"> https:\/\/youtu.be\/_azN-kqU7nE<\/a><br \/>\n\u2013 Ya no hay locos (Il n\u2019y a plus fous en Espagne, L\u00e9on Felipe) : <a href=\"https:\/\/youtu.be\/oAbs5Ksn8ck\">https:\/\/youtu.be\/oAbs5Ksn8ck<\/a><br \/>\n\u2013 Me queda la palabra (Blas de Otero) :<br \/>\n<a href=\"https:\/\/youtu.be\/DQUTYlwfBFk\">https:\/\/youtu.be\/DQUTYlwfBFk<\/a><br \/>\n\u2013 La mala reputaci\u00f3n (Brassens) : <a href=\"https:\/\/youtu.be\/gosi6_vR6eE\">https:\/\/youtu.be\/gosi6_vR6eE<\/a><\/p>\n","protected":false},"excerpt":{"rendered":"<p>PACO IBA\u00d1EZ ALLUME UN PHARE DE R\u00c9SISTANCE CONTRE LA BARBARIE \u00c0 91 ans, l&rsquo;artiste \u2013 une l\u00e9gende vivante de la r\u00e9sistance espagnole au fascisme \u2013 a montr\u00e9 que le temps peut ab\u00eemer ses articulations et le forcer \u00e0 monter sur sc\u00e8ne au bras de son guitariste ins\u00e9parable Mario Mas, mais qu&rsquo;il est incapable de lui &hellip; <a href=\"https:\/\/retirada37.com\/?p=19307\" class=\"more-link\">Continuer la lecture de <span class=\"screen-reader-text\">27 avril 2026 : PACO IBA\u00d1EZ AU TH\u00c9\u00c2TRE ROYAL DE MADRID<\/span>  <span class=\"meta-nav\">&rarr;<\/span><\/a><\/p>\n","protected":false},"author":3,"featured_media":0,"comment_status":"open","ping_status":"open","sticky":false,"template":"","format":"standard","meta":{"_bbp_topic_count":0,"_bbp_reply_count":0,"_bbp_total_topic_count":0,"_bbp_total_reply_count":0,"_bbp_voice_count":0,"_bbp_anonymous_reply_count":0,"_bbp_topic_count_hidden":0,"_bbp_reply_count_hidden":0,"_bbp_forum_subforum_count":0,"footnotes":""},"categories":[2,20,4],"tags":[],"class_list":["post-19307","post","type-post","status-publish","format-standard","hentry","category-actualites","category-culture","category-videos"],"_links":{"self":[{"href":"https:\/\/retirada37.com\/index.php?rest_route=\/wp\/v2\/posts\/19307","targetHints":{"allow":["GET"]}}],"collection":[{"href":"https:\/\/retirada37.com\/index.php?rest_route=\/wp\/v2\/posts"}],"about":[{"href":"https:\/\/retirada37.com\/index.php?rest_route=\/wp\/v2\/types\/post"}],"author":[{"embeddable":true,"href":"https:\/\/retirada37.com\/index.php?rest_route=\/wp\/v2\/users\/3"}],"replies":[{"embeddable":true,"href":"https:\/\/retirada37.com\/index.php?rest_route=%2Fwp%2Fv2%2Fcomments&post=19307"}],"version-history":[{"count":1,"href":"https:\/\/retirada37.com\/index.php?rest_route=\/wp\/v2\/posts\/19307\/revisions"}],"predecessor-version":[{"id":19308,"href":"https:\/\/retirada37.com\/index.php?rest_route=\/wp\/v2\/posts\/19307\/revisions\/19308"}],"wp:attachment":[{"href":"https:\/\/retirada37.com\/index.php?rest_route=%2Fwp%2Fv2%2Fmedia&parent=19307"}],"wp:term":[{"taxonomy":"category","embeddable":true,"href":"https:\/\/retirada37.com\/index.php?rest_route=%2Fwp%2Fv2%2Fcategories&post=19307"},{"taxonomy":"post_tag","embeddable":true,"href":"https:\/\/retirada37.com\/index.php?rest_route=%2Fwp%2Fv2%2Ftags&post=19307"}],"curies":[{"name":"wp","href":"https:\/\/api.w.org\/{rel}","templated":true}]}}