{"id":19181,"date":"2026-03-15T14:35:57","date_gmt":"2026-03-15T13:35:57","guid":{"rendered":"https:\/\/retirada37.com\/?p=19181"},"modified":"2026-03-15T14:35:57","modified_gmt":"2026-03-15T13:35:57","slug":"14-mars-2026-400-a-500-personnes-a-tours-pour-la-manif-contre-le-fascisme-et-le-racisme","status":"publish","type":"post","link":"https:\/\/retirada37.com\/?p=19181","title":{"rendered":"14 mars 2026 : 400 \u00e0 500 personnes \u00e0 Tours pour la manif contre le fascisme et le racisme."},"content":{"rendered":"<p>Rien d&rsquo;exceptionnel. Une d\u00e9l\u00e9gation de Retirada37 (8 adh\u00e9rent-e-s), pas mal de jeunes, quelques dizaines d&rsquo;autonomes dont 3 ou 4 m\u00e9ritent la m\u00e9daille de la connerie militante : durant l&rsquo;interpr\u00e9tation de la chanson \u00ab\u00a0Le pieu\u00a0\u00bb par la chorale militante \u00ab\u00a0la p&rsquo;tite rouge de Touraine\u00a0\u00bb, ils se sont mis \u00e0 vocif\u00e9rer \u00ab\u00a0\u00e0 bas l&rsquo;\u00c9tat policier ! \u00a0\u00bb pour bien montrer leur \u00ab\u00a0radicalisme\u00a0\u00bb \u00e0 la noix. Lorsque l&rsquo;on a un minimum de culture politique et historique, on sait que cette chanson de Llu\u00eds Llach fut un embl\u00e8me la r\u00e9sistance catalane face \u00e0 la dictature fasciste de Franco. Quand on en arrive \u00e0  pi\u00e9tiner ainsi ce symbole, on arrive \u00e0 la quintessence de la m\u00e9diocrit\u00e9 en politique&#8230;<a href=\"https:\/\/retirada37.com\/wp-content\/uploads\/2026\/03\/unnamed4.jpg\"><img loading=\"lazy\" decoding=\"async\" src=\"https:\/\/retirada37.com\/wp-content\/uploads\/2026\/03\/unnamed4.jpg\" alt=\"\" width=\"523\" height=\"1110\" class=\"alignnone size-full wp-image-19182\" srcset=\"https:\/\/retirada37.com\/wp-content\/uploads\/2026\/03\/unnamed4.jpg 523w, https:\/\/retirada37.com\/wp-content\/uploads\/2026\/03\/unnamed4-141x300.jpg 141w, https:\/\/retirada37.com\/wp-content\/uploads\/2026\/03\/unnamed4-482x1024.jpg 482w\" sizes=\"auto, (max-width: 523px) 100vw, 523px\" \/><\/a><\/p>\n<p><a href=\"https:\/\/retirada37.com\/wp-content\/uploads\/2026\/03\/unnamed3.jpg\"><img loading=\"lazy\" decoding=\"async\" src=\"https:\/\/retirada37.com\/wp-content\/uploads\/2026\/03\/unnamed3.jpg\" alt=\"\" width=\"704\" height=\"1252\" class=\"alignnone size-full wp-image-19183\" srcset=\"https:\/\/retirada37.com\/wp-content\/uploads\/2026\/03\/unnamed3.jpg 704w, https:\/\/retirada37.com\/wp-content\/uploads\/2026\/03\/unnamed3-169x300.jpg 169w, https:\/\/retirada37.com\/wp-content\/uploads\/2026\/03\/unnamed3-576x1024.jpg 576w\" sizes=\"auto, (max-width: 704px) 100vw, 704px\" \/><\/a><\/p>\n<p><a href=\"https:\/\/retirada37.com\/wp-content\/uploads\/2026\/03\/unnamed2.jpg\"><img loading=\"lazy\" decoding=\"async\" src=\"https:\/\/retirada37.com\/wp-content\/uploads\/2026\/03\/unnamed2.jpg\" alt=\"\" width=\"562\" height=\"1080\" class=\"alignnone size-full wp-image-19184\" srcset=\"https:\/\/retirada37.com\/wp-content\/uploads\/2026\/03\/unnamed2.jpg 562w, https:\/\/retirada37.com\/wp-content\/uploads\/2026\/03\/unnamed2-156x300.jpg 156w, https:\/\/retirada37.com\/wp-content\/uploads\/2026\/03\/unnamed2-533x1024.jpg 533w\" sizes=\"auto, (max-width: 562px) 100vw, 562px\" \/><\/a><\/p>\n<figure id=\"attachment_19185\" aria-describedby=\"caption-attachment-19185\" style=\"width: 1197px\" class=\"wp-caption alignnone\"><a href=\"https:\/\/retirada37.com\/wp-content\/uploads\/2026\/03\/651613725_4215452668720977_4972042598369503380_n.jpg\"><img loading=\"lazy\" decoding=\"async\" src=\"https:\/\/retirada37.com\/wp-content\/uploads\/2026\/03\/651613725_4215452668720977_4972042598369503380_n.jpg\" alt=\"\" width=\"1197\" height=\"540\" class=\"size-full wp-image-19185\" srcset=\"https:\/\/retirada37.com\/wp-content\/uploads\/2026\/03\/651613725_4215452668720977_4972042598369503380_n.jpg 1197w, https:\/\/retirada37.com\/wp-content\/uploads\/2026\/03\/651613725_4215452668720977_4972042598369503380_n-300x135.jpg 300w, https:\/\/retirada37.com\/wp-content\/uploads\/2026\/03\/651613725_4215452668720977_4972042598369503380_n-1024x462.jpg 1024w, https:\/\/retirada37.com\/wp-content\/uploads\/2026\/03\/651613725_4215452668720977_4972042598369503380_n-768x346.jpg 768w\" sizes=\"auto, (max-width: 1197px) 100vw, 1197px\" \/><\/a><figcaption id=\"caption-attachment-19185\" class=\"wp-caption-text\">hdr<\/figcaption><\/figure>\n","protected":false},"excerpt":{"rendered":"<p>Rien d&rsquo;exceptionnel. Une d\u00e9l\u00e9gation de Retirada37 (8 adh\u00e9rent-e-s), pas mal de jeunes, quelques dizaines d&rsquo;autonomes dont 3 ou 4 m\u00e9ritent la m\u00e9daille de la connerie militante : durant l&rsquo;interpr\u00e9tation de la chanson \u00ab\u00a0Le pieu\u00a0\u00bb par la chorale militante \u00ab\u00a0la p&rsquo;tite rouge de Touraine\u00a0\u00bb, ils se sont mis \u00e0 vocif\u00e9rer \u00ab\u00a0\u00e0 bas l&rsquo;\u00c9tat policier ! \u00a0\u00bb &hellip; <a href=\"https:\/\/retirada37.com\/?p=19181\" class=\"more-link\">Continuer la lecture de <span class=\"screen-reader-text\">14 mars 2026 : 400 \u00e0 500 personnes \u00e0 Tours pour la manif contre le fascisme et le racisme.<\/span>  <span class=\"meta-nav\">&rarr;<\/span><\/a><\/p>\n","protected":false},"author":3,"featured_media":0,"comment_status":"open","ping_status":"open","sticky":false,"template":"","format":"standard","meta":{"_bbp_topic_count":0,"_bbp_reply_count":0,"_bbp_total_topic_count":0,"_bbp_total_reply_count":0,"_bbp_voice_count":0,"_bbp_anonymous_reply_count":0,"_bbp_topic_count_hidden":0,"_bbp_reply_count_hidden":0,"_bbp_forum_subforum_count":0,"footnotes":""},"categories":[2],"tags":[],"class_list":["post-19181","post","type-post","status-publish","format-standard","hentry","category-actualites"],"_links":{"self":[{"href":"https:\/\/retirada37.com\/index.php?rest_route=\/wp\/v2\/posts\/19181","targetHints":{"allow":["GET"]}}],"collection":[{"href":"https:\/\/retirada37.com\/index.php?rest_route=\/wp\/v2\/posts"}],"about":[{"href":"https:\/\/retirada37.com\/index.php?rest_route=\/wp\/v2\/types\/post"}],"author":[{"embeddable":true,"href":"https:\/\/retirada37.com\/index.php?rest_route=\/wp\/v2\/users\/3"}],"replies":[{"embeddable":true,"href":"https:\/\/retirada37.com\/index.php?rest_route=%2Fwp%2Fv2%2Fcomments&post=19181"}],"version-history":[{"count":1,"href":"https:\/\/retirada37.com\/index.php?rest_route=\/wp\/v2\/posts\/19181\/revisions"}],"predecessor-version":[{"id":19186,"href":"https:\/\/retirada37.com\/index.php?rest_route=\/wp\/v2\/posts\/19181\/revisions\/19186"}],"wp:attachment":[{"href":"https:\/\/retirada37.com\/index.php?rest_route=%2Fwp%2Fv2%2Fmedia&parent=19181"}],"wp:term":[{"taxonomy":"category","embeddable":true,"href":"https:\/\/retirada37.com\/index.php?rest_route=%2Fwp%2Fv2%2Fcategories&post=19181"},{"taxonomy":"post_tag","embeddable":true,"href":"https:\/\/retirada37.com\/index.php?rest_route=%2Fwp%2Fv2%2Ftags&post=19181"}],"curies":[{"name":"wp","href":"https:\/\/api.w.org\/{rel}","templated":true}]}}