{"id":19164,"date":"2026-03-12T00:35:37","date_gmt":"2026-03-11T23:35:37","guid":{"rendered":"https:\/\/retirada37.com\/?p=19164"},"modified":"2026-03-10T10:40:07","modified_gmt":"2026-03-10T09:40:07","slug":"no-pasaran-guerre-despagne-et-solidarite-antifasciste-internationale","status":"publish","type":"post","link":"https:\/\/retirada37.com\/?p=19164","title":{"rendered":"\u00ab\u00a0No pasar\u00e1n\u00a0\u00bb, guerre d&rsquo;Espagne et solidarit\u00e9 antifasciste internationale"},"content":{"rendered":"<p>Dans l\u2019Espagne des ann\u00e9es 1930, les mouvements antifascistes s\u2019organisent face \u00e0 la mont\u00e9e du fascisme et \u00e0 l&rsquo;influence du parti phalangiste. En Europe, pendant la guerre civile espagnole, la presse de gauche affirme son soutien aux r\u00e9publicains et les armes traversent discr\u00e8tement les fronti\u00e8res. <\/p>\n<p><a href=\"https:\/\/www.radiofrance.fr\/franceculture\/podcasts\/le-cours-de-l-histoire\/no-pasaran-guerre-d-espagne-et-solidarite-antifasciste-internationale-4061140\">https:\/\/www.radiofrance.fr\/franceculture\/podcasts\/le-cours-de-l-histoire\/no-pasaran-guerre-d-espagne-et-solidarite-antifasciste-internationale-4061140<\/a><\/p>\n","protected":false},"excerpt":{"rendered":"<p>Dans l\u2019Espagne des ann\u00e9es 1930, les mouvements antifascistes s\u2019organisent face \u00e0 la mont\u00e9e du fascisme et \u00e0 l&rsquo;influence du parti phalangiste. En Europe, pendant la guerre civile espagnole, la presse de gauche affirme son soutien aux r\u00e9publicains et les armes traversent discr\u00e8tement les fronti\u00e8res. https:\/\/www.radiofrance.fr\/franceculture\/podcasts\/le-cours-de-l-histoire\/no-pasaran-guerre-d-espagne-et-solidarite-antifasciste-internationale-4061140<\/p>\n","protected":false},"author":3,"featured_media":0,"comment_status":"open","ping_status":"open","sticky":false,"template":"","format":"audio","meta":{"_bbp_topic_count":0,"_bbp_reply_count":0,"_bbp_total_topic_count":0,"_bbp_total_reply_count":0,"_bbp_voice_count":0,"_bbp_anonymous_reply_count":0,"_bbp_topic_count_hidden":0,"_bbp_reply_count_hidden":0,"_bbp_forum_subforum_count":0,"footnotes":""},"categories":[14],"tags":[],"class_list":["post-19164","post","type-post","status-publish","format-audio","hentry","category-histoire","post_format-post-format-audio"],"_links":{"self":[{"href":"https:\/\/retirada37.com\/index.php?rest_route=\/wp\/v2\/posts\/19164","targetHints":{"allow":["GET"]}}],"collection":[{"href":"https:\/\/retirada37.com\/index.php?rest_route=\/wp\/v2\/posts"}],"about":[{"href":"https:\/\/retirada37.com\/index.php?rest_route=\/wp\/v2\/types\/post"}],"author":[{"embeddable":true,"href":"https:\/\/retirada37.com\/index.php?rest_route=\/wp\/v2\/users\/3"}],"replies":[{"embeddable":true,"href":"https:\/\/retirada37.com\/index.php?rest_route=%2Fwp%2Fv2%2Fcomments&post=19164"}],"version-history":[{"count":5,"href":"https:\/\/retirada37.com\/index.php?rest_route=\/wp\/v2\/posts\/19164\/revisions"}],"predecessor-version":[{"id":19169,"href":"https:\/\/retirada37.com\/index.php?rest_route=\/wp\/v2\/posts\/19164\/revisions\/19169"}],"wp:attachment":[{"href":"https:\/\/retirada37.com\/index.php?rest_route=%2Fwp%2Fv2%2Fmedia&parent=19164"}],"wp:term":[{"taxonomy":"category","embeddable":true,"href":"https:\/\/retirada37.com\/index.php?rest_route=%2Fwp%2Fv2%2Fcategories&post=19164"},{"taxonomy":"post_tag","embeddable":true,"href":"https:\/\/retirada37.com\/index.php?rest_route=%2Fwp%2Fv2%2Ftags&post=19164"}],"curies":[{"name":"wp","href":"https:\/\/api.w.org\/{rel}","templated":true}]}}