{"id":19159,"date":"2026-03-10T10:30:33","date_gmt":"2026-03-10T09:30:33","guid":{"rendered":"https:\/\/retirada37.com\/?p=19159"},"modified":"2026-03-10T10:33:19","modified_gmt":"2026-03-10T09:33:19","slug":"non-au-racisme-non-aux-fascistes-non-aux-violences-detat-solidarite-samedi-14-mars-2026-unite","status":"publish","type":"post","link":"https:\/\/retirada37.com\/?p=19159","title":{"rendered":"NON au RACISME, NON aux FASCISTES, NON aux VIOLENCES D&rsquo;\u00c9TAT, SOLIDARIT\u00c9 ! SAMEDI 14 MARS 2026 &#8211;  UNIT\u00c9"},"content":{"rendered":"<p>D\u2019o\u00f9 que l\u2019on vienne, o\u00f9 que l\u2019on soit n\u00e9.e, nous vivons ici, nous travaillons ici, nous \u00e9tudions ici. Ensemble. De l\u2019Ari\u00e8ge \u00e0 Roubaix, de Grenoble \u00e0 la Bretagne, de Marseille \u00e0 la r\u00e9gion parisienne, de Mamouzou \u00e0 Ouv\u00e9a, ce sont nos quartiers, nos vall\u00e9es, nos communes. Nous ne voulons plus laisser ce pouvoir nous r\u00e9duire \u00e0 la mis\u00e8re et \u00e0 la pr\u00e9carit\u00e9, nous d\u00e9truire et nous diviser, ouvrir la voie au fascisme.<\/p>\n<p><a href=\"https:\/\/retirada37.com\/wp-content\/uploads\/2026\/03\/Capture.jpg\"><img loading=\"lazy\" decoding=\"async\" src=\"https:\/\/retirada37.com\/wp-content\/uploads\/2026\/03\/Capture.jpg\" alt=\"\" width=\"186\" height=\"223\" class=\"alignnone size-full wp-image-19161\" \/><\/a><\/p>\n<p>Nous d\u00e9cidons de nous unir, de r\u00e9sister, de riposter, et de construire la solidarit\u00e9 comme un moyen et comme un objectif. Chaque fois que l\u2019on s\u2019attaquera \u00e0 l\u2019un.e d\u2019entre nous, nous nous l\u00e8verons ensemble. Chaque victoire des un.es ou des autres sera une victoire pour toutes et tous.<\/p>\n<p>\u00c0 la m\u00e9moire d\u2019Aboubacar Ciss\u00e9, malien, sans-papier, musulman, tu\u00e9 dans une mosqu\u00e9e, nous luttons contre l\u2019islamophobie et la n\u00e9grophobie.<br \/>\n\u00c0 la m\u00e9moire de Djamel Bendjaballah, tu\u00e9 par un militant fasciste, nous nous opposons \u00e0 la pr\u00e9sence des fascistes dans nos quartiers.<br \/>\n\u00c0 la m\u00e9moire d\u2019El-Hacen Diarra, mauritanien, r\u00e9sident d\u2019un foyer de travailleurs immigr\u00e9s, tu\u00e9 par la police, nous exigeons v\u00e9rit\u00e9 et justice pour tous les crimes policiers.<br \/>\n\u00c0 la m\u00e9moire de Mamadou Garank\u00e9 Diallo, guin\u00e9en, mort au large de Dunkerque en voulant traverser la Manche pour fuir une OQTF, nous revendiquons la r\u00e9gularisation des sans-papiers et la reconnaissance des mineur\u00b7es isol\u00e9\u00b7es.<br \/>\n\u00c0 la m\u00e9moire de tou.tes nos fr\u00e8res et s\u0153urs tu\u00e9.e.s, viol\u00e9.e.s, mutil\u00e9.e.s, bless\u00e9.e.s, d\u00e9shumanis\u00e9.e.s par le racisme, la police et la gendarmerie, aux fronti\u00e8res, dans les lieux d\u2019enfermement ou dans nos quartiers, faisons vivre partout la solidarit\u00e9.<\/p>\n<p>Dans chaque quartier, chaque commune, chaque lieu de travail et d&#39;\u00e9tudes, nous appelons \u00e0 s\u2019organiser dans l&rsquo;unit\u00e9 pour :<\/p>\n<p>\uf0b7 se mobiliser dans chaque quartier et chaque commune pour faire obstacle aux rafles polici\u00e8res,<br \/>\nbarrer la route au RN et \u00e0 Reconqu\u00eate et \u00e0 tous les groupes fascistes<\/p>\n<p>\uf0b7 s\u2019opposer aux contr\u00f4les au faci\u00e8s, aux armes et pratiques mortelles, et \u00e0 la pr\u00e9somption de l\u00e9gitime<br \/>\nd\u00e9fense pour la police,<\/p>\n<p>\uf0b7 obtenir le retrait des lois islamophobes, \u00e0 commencer par la loi s\u00e9paratisme,<\/p>\n<p>\uf0b7 exiger la r\u00e9gularisation des sans-papiers, la reconnaissance des mineur\u00b7es isol\u00e9\u00b7es, le renouvellement automatique des titres de s\u00e9jour,<\/p>\n<p>\uf0b7 ouvrir les guichets des pr\u00e9fectures et faire de la carte de 10 ans le titre de s\u00e9jour de r\u00e9f\u00e9rence,<\/p>\n<p>\uf0b7 abroger imm\u00e9diatement la loi Darmanin et les circulaires Retailleau, fermer les Centres de R\u00e9tention<br \/>\nAdministrative (CRA),<\/p>\n<p>\uf0b7 imposer l\u2019\u00e9galit\u00e9 des droits pour toutes et tous : logement, sant\u00e9, retraite, \u00e9cole, travail,<\/p>\n<p>\uf0b7 abrogation du d\u00e9cret Lecornu sur l\u2019Aide M\u00e9dicale d\u2019Etat,<\/p>\n<p>\uf0b7 lutter contre la militarisation de la soci\u00e9t\u00e9 et la marche vers la guerre,<\/p>\n<p>\uf0b7 abolir le d\u00e9cret raciste Bienvenue en France qui augmente les frais d\u2019inscription des \u00e9tudiant.e.s<br \/>\n\u00e9tranger.e.s et restaurer les APL pour les \u00e9tudiant.e.s \u00e9tranger.e.s<\/p>\n<p>\uf0b7 refuser toutes les formes de racisme et affirmer la solidarit\u00e9 internationale avec tous les peuples qui r\u00e9sistent au racisme, au colonialisme et \u00e0 l\u2019imp\u00e9rialisme.<\/p>\n<p><strong>Manifestation samedi 14 mars \u00e0 Tours<br \/>\nRDV \u00e0 16h30 place Jean Jaur\u00e8s<\/strong><\/p>\n<p><strong>Premiers signataires en Indre et Loire<\/strong>\u00a0: UTOPIA 56, Collectif Jeunes de Tours, TAF, OST, ASFT, Table de Jeanne Marie, Collectif sant\u00e9, Greenpeace, Extinction R\u00e9bellion, R\u00e9seau F\u00e9ministe, <strong>Retirada 37,<\/strong> Solidaires, Solidaires Etudiant-es, FSE, NPA, LFI, UCL, PCOF,<\/p>\n","protected":false},"excerpt":{"rendered":"<p>D\u2019o\u00f9 que l\u2019on vienne, o\u00f9 que l\u2019on soit n\u00e9.e, nous vivons ici, nous travaillons ici, nous \u00e9tudions ici. Ensemble. De l\u2019Ari\u00e8ge \u00e0 Roubaix, de Grenoble \u00e0 la Bretagne, de Marseille \u00e0 la r\u00e9gion parisienne, de Mamouzou \u00e0 Ouv\u00e9a, ce sont nos quartiers, nos vall\u00e9es, nos communes. Nous ne voulons plus laisser ce pouvoir nous r\u00e9duire &hellip; <a href=\"https:\/\/retirada37.com\/?p=19159\" class=\"more-link\">Continuer la lecture de <span class=\"screen-reader-text\">NON au RACISME, NON aux FASCISTES, NON aux VIOLENCES D&rsquo;\u00c9TAT, SOLIDARIT\u00c9 ! SAMEDI 14 MARS 2026 &#8211;  UNIT\u00c9<\/span>  <span class=\"meta-nav\">&rarr;<\/span><\/a><\/p>\n","protected":false},"author":3,"featured_media":0,"comment_status":"open","ping_status":"open","sticky":false,"template":"","format":"standard","meta":{"_bbp_topic_count":0,"_bbp_reply_count":0,"_bbp_total_topic_count":0,"_bbp_total_reply_count":0,"_bbp_voice_count":0,"_bbp_anonymous_reply_count":0,"_bbp_topic_count_hidden":0,"_bbp_reply_count_hidden":0,"_bbp_forum_subforum_count":0,"footnotes":""},"categories":[2],"tags":[],"class_list":["post-19159","post","type-post","status-publish","format-standard","hentry","category-actualites"],"_links":{"self":[{"href":"https:\/\/retirada37.com\/index.php?rest_route=\/wp\/v2\/posts\/19159","targetHints":{"allow":["GET"]}}],"collection":[{"href":"https:\/\/retirada37.com\/index.php?rest_route=\/wp\/v2\/posts"}],"about":[{"href":"https:\/\/retirada37.com\/index.php?rest_route=\/wp\/v2\/types\/post"}],"author":[{"embeddable":true,"href":"https:\/\/retirada37.com\/index.php?rest_route=\/wp\/v2\/users\/3"}],"replies":[{"embeddable":true,"href":"https:\/\/retirada37.com\/index.php?rest_route=%2Fwp%2Fv2%2Fcomments&post=19159"}],"version-history":[{"count":3,"href":"https:\/\/retirada37.com\/index.php?rest_route=\/wp\/v2\/posts\/19159\/revisions"}],"predecessor-version":[{"id":19163,"href":"https:\/\/retirada37.com\/index.php?rest_route=\/wp\/v2\/posts\/19159\/revisions\/19163"}],"wp:attachment":[{"href":"https:\/\/retirada37.com\/index.php?rest_route=%2Fwp%2Fv2%2Fmedia&parent=19159"}],"wp:term":[{"taxonomy":"category","embeddable":true,"href":"https:\/\/retirada37.com\/index.php?rest_route=%2Fwp%2Fv2%2Fcategories&post=19159"},{"taxonomy":"post_tag","embeddable":true,"href":"https:\/\/retirada37.com\/index.php?rest_route=%2Fwp%2Fv2%2Ftags&post=19159"}],"curies":[{"name":"wp","href":"https:\/\/api.w.org\/{rel}","templated":true}]}}