{"id":19151,"date":"2026-03-07T11:19:28","date_gmt":"2026-03-07T10:19:28","guid":{"rendered":"https:\/\/retirada37.com\/?p=19151"},"modified":"2026-03-07T11:25:14","modified_gmt":"2026-03-07T10:25:14","slug":"le-feminisme-est-antifasciste-nemesis-hors-de-nos-manifestations","status":"publish","type":"post","link":"https:\/\/retirada37.com\/?p=19151","title":{"rendered":"Le f\u00e9minisme est antifasciste : N\u00e9m\u00e9sis hors de nos manifestations !"},"content":{"rendered":"<p><em>Depuis des ann\u00e9es, des groupes de femmes d\u2019extr\u00eame droite, principalement N\u00e9m\u00e9sis, perturbent volontairement les mobilisations f\u00e9ministes. N\u00e9m\u00e9sis utilise la lutte f\u00e9ministe pour promouvoir une rh\u00e9torique r\u00e9actionnaire, essentialisante et raciste, aux antipodes de nos revendications. Nous continuerons \u00e0 prot\u00e9ger celles et ceux qui se joignent aux mobilisations f\u00e9ministes des provocations de l\u2019extr\u00eame droite.<\/em><\/p>\n<p>Depuis des ann\u00e9es, des groupes de femmes d\u2019extr\u00eame droite, principalement N\u00e9m\u00e9sis, perturbent volontairement les mobilisations f\u00e9ministes. Elles viennent syst\u00e9matiquement provoquer les manifestant\u00b7es en les insultant et en brandissant des mots d\u2019ordre de haine qui sont \u00e0 l\u2019oppos\u00e9 des valeurs f\u00e9ministes et humanistes que nous portons. Elles sont accompagn\u00e9es par un service d\u2019ordre violent ou r\u00e9fugi\u00e9es derri\u00e8re une s\u00e9curit\u00e9 priv\u00e9e.<\/p>\n<p>Le contexte actuel \u00e9tay\u00e9 par des rapports journalistiques r\u00e9cents met en lumi\u00e8re ce que nous d\u00e9non\u00e7ons depuis des ann\u00e9es. La r\u00e9alit\u00e9 du collectif N\u00e9m\u00e9sis repose dans l\u2019utilisation de la lutte f\u00e9ministe pour promouvoir une rh\u00e9torique r\u00e9actionnaire, essentialisante et raciste. Elles pr\u00f4nent une vision archa\u00efque de la soci\u00e9t\u00e9, et d\u00e9fendent en r\u00e9alit\u00e9 le retour des femmes au foyer au sein du mod\u00e8le familial h\u00e9t\u00e9ropatriarcal. N\u00e9m\u00e9sis utilise les violences \u00e0 l\u2019encontre des femmes pour promouvoir un discours nationaliste, identitaire, s\u00e9curitaire et islamophobe, en visant les hommes racis\u00e9s et \u00e9trangers comme seuls responsables des violences \u00e0 l\u2019encontre des femmes. Ses militantes s\u2019en prennent en permanence aux femmes voil\u00e9es. Ouvertement LGBTQI-phobes, elles font \u00e9galement des personnes trans des cibles privil\u00e9gi\u00e9es de leurs attaques, elles entretiennent la violence du patriarcat et du racisme contre les mouvements f\u00e9ministes.<\/p>\n<p>Notre projet de soci\u00e9t\u00e9 est aux antipodes de leur discours anti-immigr\u00e9s, car nous exigeons une \u00e9galit\u00e9 pleine et enti\u00e8re dans le monde du travail pour toutes les femmes et pas que pour les femmes fran\u00e7aises et europ\u00e9ennes (comme le pr\u00f4ne l\u2019extr\u00eame droite), dans la sph\u00e8re domestique, dans la soci\u00e9t\u00e9 toute enti\u00e8re.<\/p>\n<p><strong>Des manifestations instrumentalis\u00e9es et sabot\u00e9es<\/strong><\/p>\n<p>C\u2019est pour ces raisons que lors de nos d\u00e9clarations de manifestation aux pr\u00e9fectures, nous alertons sur le fait que ce groupe instrumentalise nos manifestations \u00e0 des fins racistes et ne partage absolument pas les valeurs et le combat f\u00e9ministe que nous portons. A Paris, depuis 3 ans, la pr\u00e9fecture de police, non seulement les autorise \u00e0 d\u00e9filer derri\u00e8re nos cort\u00e8ges, mais les prot\u00e8ge en les encadrant. Pourtant, les intrusions et provocations de N\u00e9m\u00e9sis suscitent peurs et inqui\u00e9tudes parmi les pr\u00e9sent-es et emp\u00eachent nos manifestations de se d\u00e9rouler sereinement. <\/p>\n<p>Nous refusons que nos manifestations soient compromises et instrumentalis\u00e9es par des groupuscules racistes qui veulent silencier nos revendications.<\/p>\n<p><strong>La violence de l\u2019extr\u00eame droite est r\u00e9elle<\/strong><\/p>\n<p>Depuis 10 jours et la mort violente d\u2019un militant d\u2019extr\u00eame droite \u00e0 Lyon, de nombreux faits de violences et des menaces ont lieu \u00e0 l\u2019encontre des militant-es antifascistes, syndicaux, associatifs, politiques. Des associations f\u00e9ministes, des lieux militants sont \u00e9galement menac\u00e9s dans un contexte o\u00f9 le r\u00e9cit et le narratif de l\u2019extr\u00eame droite ont \u00e9t\u00e9 valoris\u00e9s par un certain nombre de m\u00e9dias sans d\u00e9marche journalistique. Cela fait cro\u00eetre le climat de violence \u00e0 l\u2019encontre de toutes celles et ceux qui se mobilisent pour les droits des femmes et leur \u00e9mancipation.<\/p>\n<p>La marche d\u2019extr\u00eame droite ayant eu lieu \u00e0 Lyon, au cours de laquelle ont \u00e9t\u00e9 observ\u00e9s des slogans racistes, et homophobes et des saluts nazis,  a visibilis\u00e9 la vraie nature de l\u2019extr\u00eame droite violente, raciste, antis\u00e9mite, homophobe et misogyne. Rappelons que l\u2019extr\u00eame droite est responsable de meurtres racistes.<\/p>\n<p>Pour le 8 mars 2026, N\u00e9m\u00e9sis a d\u2019ores et d\u00e9j\u00e0 appel\u00e9 \u00e0 participer aux manifestations organis\u00e9es par tous les collectifs et cadres unitaires f\u00e9ministes.<\/p>\n<p>Il est inadmissible que les femmes ne puissent plus manifester dans un cadre respectueux et serein pour exiger leurs droits \u00e0 cause d\u2019intrusions et de provocations de ces groupuscules.<\/p>\n<p>Nous exigeons de la part du minist\u00e8re de l\u2019int\u00e9rieur et des pr\u00e9fectures de ne pas autoriser ces groupes d\u2019extr\u00eame droite dont N\u00e9m\u00e9sis \u00e0 se joindre ou \u00e0 \u00eatre proches de nos manifestations dont elles ne font qu\u2019emp\u00eacher le bon d\u00e9roulement en essayant d\u2019imposer leur pr\u00e9sence de fa\u00e7on violente.<\/p>\n<p>Nous sommes d\u00e9termin\u00e9es \u00e0 poursuivre nos luttes f\u00e9ministes, antiracistes, antifascistes et ne pas laisser le terrain \u00e0 la haine raciste, \u00e0 la haine des personnes LGBTQIA+, \u00e0 la provocation et les violences \u00e0 l\u2019encontre des personnes racis\u00e9\u00b7es, des militant\u00b7es progressistes. Nous continuerons \u00e0 prot\u00e9ger celles et ceux qui se joignent aux mobilisations f\u00e9ministes des provocations de l\u2019extr\u00eame droite et de N\u00e9m\u00e9sis.<\/p>\n<p><strong>Notre mouvement est f\u00e9ministe, antiraciste et antifasciste.<\/strong><\/p>\n<p>Collectif GREVE FEMINISTE, le 28 F\u00e9vrier 2026 \u2013 Cadre unitaire r\u00e9unissant des associations, syndicats, avec le soutien des forces politiques, qui organisent depuis plusieurs ann\u00e9es les manifestations f\u00e9ministes du 8 mars, journ\u00e9e internationale de mobilisation pour les droits des femmes et celles du 25 novembre, journ\u00e9e internationale de lutte contre les violences faites aux femmes.<\/p>\n<p><strong>SIGNATAIRES<\/strong><\/p>\n<p>ActionAid France, Alliance des femmes pour la d\u00e9mocratie, Amicale du Nid, APEL-Egalit\u00e9, Assembl\u00e9e des Femmes, Association Annou Vans\u00e9 Ansanm \u2013 CIDE \u00celes de Guadeloupe, Association Place des femmes 59, Association Chance Protection Pour Toutes, Association Citoyenne des Originaires de Turquie ACORT , Association Nationale des Etudes F\u00e9ministes, \u2013 ANEF, Association Nationale des Comit\u00e9s de Vigilance Alexis Danan , Association Nationale des Sages-Femmes Orthog\u00e9nistes (ANSFO), Attac France, CAP International , Centre audiovisuel Simone de Beauvoir, Centre de Recherche et d\u2019Informations pour le D\u00e9veloppement CRID, Collectif 11 Droits des Femmes, Collectif des F\u00e9ministes Narbonnais.es, Collectif de Femmes d\u2019Outre-Mer et du Monde C\u2019FOMM , Collectif IVG Tenon Paris 20, Collectif National pour les Droits des Femmes, Comit\u00e9 de Soutien aux Droits de l\u2019Homme en Iran (CSDHI), Conf\u00e9d\u00e9ration G\u00e9n\u00e9rale du Travail CGT, CNT-Solidarit\u00e9 Ouvri\u00e8re, CNT-Solidarit\u00e9 Ouvri\u00e8re Education, Coordination fran\u00e7aise pour le Lobby Europ\u00e9en des Femmes, Comit\u00e9 pour les libert\u00e9s et les droits de l\u2019homme en Tunisie CRLDHT, Dans le genre Egales, En avant toute(s), F\u00e9d\u00e9ration Nationale Solidarit\u00e9 Femmes, F\u00e9d\u00e9ration Sud Commerce et Services, F\u00e9d\u00e9ration Syndicale Unitaire FSU , FSU IDF, FEMEN FRANCE , Femmes avec, Femmes Egalit\u00e9 , Femmes Solidaires, Fondation Copernic, Fondation des Femmes, Force F\u00e9ministe 57, Forum Palestine Citoyennet\u00e9, F\u00e9d\u00e9ration Tunisiens Citoyen des 2 Rives FTCR, France Am\u00e9rique Latine, Genre et Altermondialisme, Greenpeace France, Handi Femme Epanouie HFE, HES (socialistes LGBTI+), Ing\u00e9nieurs Sans Fronti\u00e8res, Je te crois, je te prot\u00e8ge, Les Effront\u00e9es, Ligue des droits de l\u2019Homme LDH, Le Planning familial , Le Planning familial des C\u00f4tes- d\u2019Armor, Ligue des Femmes Iraniennes pour la D\u00e9mocratie-LFID, Maison des Femmes Th\u00e9r\u00e8se Clerc , Maison des Femmes de Paris, Manca, Marche Mondiale des Femmes France , Mouvement de la Paix, Mouvement des femmes kurdes en France, Mouvement du Nid, Negar-Afghanwomen, Organisation de Solidarit\u00e9 Trans (OST), Osez le F\u00e9minisme, Parents &#038; F\u00e9ministes, P\u00e9pite Sexiste, Printemps Ecologique, R\u00e9seau F\u00e9ministe \u201cRuptures \u00bb, R\u00e9ussir l\u2019\u00e9galit\u00e9 femmes-hommes, Salon F\u00e9ministe, Sisterhood, SOS Homophobie, SOS Racisme, Soutien \u00e0 NousToutes80, Stop aux Violences Obst\u00e9tricales et Gyn\u00e9cologiques \u2013 StopVOG, Syndicat Unifi\u00e9 du B\u00e2timent CNT-f, UNEF le syndicat \u00e9tudiant, Union Etudiante-UE, Union des Femmes Socialistes \u2013 SKB, Union syndicale Solidaires, Union syndicale Solidaires Haute \u2013 Vienne, URIF-CGT, VISA, Women Without Violence.<\/p>\n<p><strong>En soutien<\/strong><\/p>\n<p>B\u00e9thune Verte et Humaine, Commission F\u00e9minisme les \u00c9cologistes, Ecof\u00e9minisme PEPS, Egalit\u00e9s, G\u00e9n\u00e9ration\u00b7s, Jeunes Socialistes, L\u2019APRES, La France insoumise, La France Insoumise 06 , Les Ecologistes, Les Jeunes de L\u2019APR\u00c8S, Les Jeunes G\u00e9n\u00e9ration.s, Mieux Vivre Poissy, NPA-l\u2019Anticapitaliste, Parti Communiste Fran\u00e7ais, Parti Communiste des Ouvriers de France , Parti de Gauche , Parti socialiste , PEPS Ecof\u00e9minisme, R\u00e9seau Coop\u00e9ratif Gauche Alternative, R\u00e9volution \u00c9cologique pour le Vivant (REV), Union Communiste Libertaire, Victoires Populaires.<\/p>\n","protected":false},"excerpt":{"rendered":"<p>Depuis des ann\u00e9es, des groupes de femmes d\u2019extr\u00eame droite, principalement N\u00e9m\u00e9sis, perturbent volontairement les mobilisations f\u00e9ministes. N\u00e9m\u00e9sis utilise la lutte f\u00e9ministe pour promouvoir une rh\u00e9torique r\u00e9actionnaire, essentialisante et raciste, aux antipodes de nos revendications. Nous continuerons \u00e0 prot\u00e9ger celles et ceux qui se joignent aux mobilisations f\u00e9ministes des provocations de l\u2019extr\u00eame droite. Depuis des ann\u00e9es, &hellip; <a href=\"https:\/\/retirada37.com\/?p=19151\" class=\"more-link\">Continuer la lecture de <span class=\"screen-reader-text\">Le f\u00e9minisme est antifasciste : N\u00e9m\u00e9sis hors de nos manifestations !<\/span>  <span class=\"meta-nav\">&rarr;<\/span><\/a><\/p>\n","protected":false},"author":3,"featured_media":0,"comment_status":"open","ping_status":"open","sticky":false,"template":"","format":"standard","meta":{"_bbp_topic_count":0,"_bbp_reply_count":0,"_bbp_total_topic_count":0,"_bbp_total_reply_count":0,"_bbp_voice_count":0,"_bbp_anonymous_reply_count":0,"_bbp_topic_count_hidden":0,"_bbp_reply_count_hidden":0,"_bbp_forum_subforum_count":0,"footnotes":""},"categories":[2],"tags":[],"class_list":["post-19151","post","type-post","status-publish","format-standard","hentry","category-actualites"],"_links":{"self":[{"href":"https:\/\/retirada37.com\/index.php?rest_route=\/wp\/v2\/posts\/19151","targetHints":{"allow":["GET"]}}],"collection":[{"href":"https:\/\/retirada37.com\/index.php?rest_route=\/wp\/v2\/posts"}],"about":[{"href":"https:\/\/retirada37.com\/index.php?rest_route=\/wp\/v2\/types\/post"}],"author":[{"embeddable":true,"href":"https:\/\/retirada37.com\/index.php?rest_route=\/wp\/v2\/users\/3"}],"replies":[{"embeddable":true,"href":"https:\/\/retirada37.com\/index.php?rest_route=%2Fwp%2Fv2%2Fcomments&post=19151"}],"version-history":[{"count":4,"href":"https:\/\/retirada37.com\/index.php?rest_route=\/wp\/v2\/posts\/19151\/revisions"}],"predecessor-version":[{"id":19155,"href":"https:\/\/retirada37.com\/index.php?rest_route=\/wp\/v2\/posts\/19151\/revisions\/19155"}],"wp:attachment":[{"href":"https:\/\/retirada37.com\/index.php?rest_route=%2Fwp%2Fv2%2Fmedia&parent=19151"}],"wp:term":[{"taxonomy":"category","embeddable":true,"href":"https:\/\/retirada37.com\/index.php?rest_route=%2Fwp%2Fv2%2Fcategories&post=19151"},{"taxonomy":"post_tag","embeddable":true,"href":"https:\/\/retirada37.com\/index.php?rest_route=%2Fwp%2Fv2%2Ftags&post=19151"}],"curies":[{"name":"wp","href":"https:\/\/api.w.org\/{rel}","templated":true}]}}